{"id":816,"date":"2015-08-01T16:39:27","date_gmt":"2015-08-01T16:39:27","guid":{"rendered":"http:\/\/blog.causeur.fr\/bonnetdane\/?p=816"},"modified":"2021-04-22T18:49:41","modified_gmt":"2021-04-22T16:49:41","slug":"cachez-ce-sein-de-crs-que-je-ne-saurais-voir","status":"publish","type":"post","link":"https:\/\/blog.causeur.fr\/bonnetdane\/cachez-ce-sein-de-crs-que-je-ne-saurais-voir-816","title":{"rendered":"Cachez ce sein de CRS que je ne saurais voir"},"content":{"rendered":"<p>Comme le souligne Fr\u00e9d\u00e9ric Ploquin sur l&rsquo;un des blogs de <em>Marianne<\/em>, le roi Salmane d&rsquo;Arabie Saoudite, non content de pousser l&rsquo;administration centrale (c&rsquo;est une d\u00e9cision du pr\u00e9fet, pas de la municipalit\u00e9) \u00e0 privatiser \u00ab\u00a0sa\u00a0\u00bb plage, a protest\u00e9, par la voix de l&rsquo;un de ses sbires, contre la pr\u00e9sence d&rsquo;une <em>femme<\/em> parmi la demi-compagnie de CRS (la n\u00b03) charg\u00e9e de sa s\u00e9curit\u00e9. \u00ab\u00a0\u00c0 l&rsquo;extr\u00eame limite, elle pouvait bien continuer \u00e0 surveiller la villa si elle le souhaitait, mais devait s&rsquo;\u00e9loigner de la plage \u00e0 l&rsquo;heure du bain\u00a0\u00bb, pr\u00e9cise le journaliste.<br \/>\nLadite CRS a tr\u00e8s mal pris cette discrimination. Elle a tort. Les femmes sont des cr\u00e9atures inf\u00e9rieures pour le wahhabisme. Elle n&rsquo;a qu&rsquo;\u00e0 surveiller la villa v\u00eatue d&rsquo;une burqa, come toutes les honn\u00eates femmes. Roulure, va !<br \/>\nC&rsquo;est du moins ce que je me suis dit dans un premier temps. Puis une seconde demande m&rsquo;a fait r\u00e9interpr\u00e9ter cet oukase. En effet, le monarque a \u00e9galement exig\u00e9 que les hommes en maillot de bain (CRS itou, puisque toute autre pr\u00e9sence a \u00e9t\u00e9 interdite par le repr\u00e9sentant local de l&rsquo;Etat, qui doit \u00eatre content d&rsquo;avoir pass\u00e9 l&rsquo;ENA, ou \u00e9quivalent, pour \u00e9dicter de telles r\u00e8gles) soient eux aussi priv\u00e9s de plage. Ils surveilleront en tenue. \u00c7a doit \u00eatre agr\u00e9able, un gilet pare-balles, par 40\u00b0 au soleil. Le roi a d\u00e9cid\u00e9 de les faire suer.<br \/>\nLe souverain aurait-il un complexe ? La comparaison avec des flics sur-\u00e9quip\u00e9s en puissance de feu serait-elle \u00e0 son d\u00e9savantage ? Et l&rsquo;exclusion demand\u00e9e de la madame CRS ne correspondrait-elle pas \u00e0 une hantise : confronter une femme occidentale \u00e0 l&rsquo;exiguit\u00e9 du maillot de bain (synecdoque ou m\u00e9tonymie, le contenant pour le contenu, Bonnetdane est un site p\u00e9dagogique) du potentat, elle qui, en Fran\u00e7aikse normalement d\u00e9lur\u00e9e, a d\u00fb en voir des vertes et des tr\u00e8s m\u00fbres ?<br \/>\nR\u00e9fl\u00e9chissons du coup un instant sur ce mot, \u00ab\u00a0potentat\u00a0\u00bb. Cela vient d&rsquo;un verbe bas-latin <em>potere<\/em>, forme populaire de <em>posse<\/em>, pouvoir. Bien avant son arriv\u00e9e, Salmane a fait la preuve de son <em>pouvoir<\/em>. Une fois-l\u00e0, il cherche encore \u00e0 l&rsquo;exercer en r\u00e9pudiant la pr\u00e9sence de telle ou telle personne. Les gens \u2014 cela arrive dans le milieu professionnel, mais aussi sur la route, o\u00f9 je me suis toujours d\u00e9fi\u00e9, sexuellement parlant, des amateurs de 4&#215;4 vrombissants \u2014 qui exhibent \u00e0 tous propos leur pouvoir n&rsquo;auraient-ils pas un probl\u00e8me de puissance ? Ou d&rsquo;impuissance ?<br \/>\nPlus on collectionne les symboles de pouvoir \u2014 grosses voitures, grosses maisons (la villa du roi Salmane est en fait un palais, ne jouons pas sur les mots), ou armes \u00e0 feu (ah, quelle superbe preuve de virilit\u00e9 de la part de Walter Palmer que d&rsquo;avoir abattu presque \u00e0 bout portant un lion apprivois\u00e9 !), plus on manifeste je ne sais quel sentiment d&rsquo;impuissance.<\/p>\n<p>Ce qui me ram\u00e8ne au voile islamique (ou islamiste, puisque l&rsquo;Islam ne l&rsquo;a jamais rendu obligatoire, et que celles qui le portent ob\u00e9issent \u00e0 d&rsquo;obscurs diktats non religieux). Ces femmes grillag\u00e9es, envelopp\u00e9es, abolies en quelque sorte, et gard\u00e9es dans les harems par des <em>eunuques<\/em>, manifestent avant tout la trouille bleue de leurs \u00ab\u00a0grands fr\u00e8res\u00a0\u00bb : \u00eatre confront\u00e9s \u00e0 la puissance de s\u00e9duction des Occidentaux ; \u00eatre concurrenc\u00e9s par des roumis. Et si au fond toute cette puissance de feu de l&rsquo;Etat islamique n&rsquo;\u00e9tait que le sympt\u00f4me d&rsquo;un effrayant complexe d&rsquo;inf\u00e9riorit\u00e9 ?<br \/>\nNon, il ne faut pas tout ramener au sexuel. C&rsquo;est tr\u00e8s mal. Le projet de l&rsquo;Etat islamique est avant tout d&rsquo;assujettir l&rsquo;Occident\u2026<br \/>\nN&#8217;emp\u00eache. Cette manie de couper\u2026 des t\u00eates me para\u00eet quasi freudienne. Sans compter que cela se fait toujours, le \u00ab\u00a0sourire kabyle\u00a0\u00bb avec sexe tranch\u00e9 et ins\u00e9r\u00e9 entre les dents. On ne s&rsquo;attaque au fond qu&rsquo;\u00e0 ce que l&rsquo;on craint.<br \/>\nEt je suis bien s\u00fbr que parmi les alertes contributeurs de ce blog, aucun n&rsquo;aurait l&rsquo;id\u00e9e saugrenu de trancher dans le vif l&rsquo;aimable Salmane \u2014 sauf \u00e0 faire collection de petits radis roses.<\/p>\n<p>Jean-Paul Brighelli<\/p>\n","protected":false},"excerpt":{"rendered":"<p>Comme le souligne Fr\u00e9d\u00e9ric Ploquin sur l&rsquo;un des blogs de Marianne, le roi Salmane d&rsquo;Arabie Saoudite, non content de pousser l&rsquo;administration centrale (c&rsquo;est une d\u00e9cision du pr\u00e9fet, pas de la municipalit\u00e9) \u00e0 privatiser \u00ab\u00a0sa\u00a0\u00bb plage, a protest\u00e9, par la voix de l&rsquo;un de ses sbires, contre la pr\u00e9sence d&rsquo;une femme parmi la demi-compagnie de CRS [&hellip;]<\/p>\n","protected":false},"author":6,"featured_media":0,"comment_status":"open","ping_status":"open","sticky":false,"template":"","format":"standard","meta":{"footnotes":""},"categories":[1],"tags":[743,740,207,741,742],"class_list":{"0":"post-816","1":"post","2":"type-post","3":"status-publish","4":"format-standard","6":"category-non-classe","7":"tag-crs","8":"tag-frederic-ploquin","9":"tag-marianne","10":"tag-salmane","11":"tag-vallauris"},"_links":{"self":[{"href":"https:\/\/blog.causeur.fr\/bonnetdane\/wp-json\/wp\/v2\/posts\/816","targetHints":{"allow":["GET"]}}],"collection":[{"href":"https:\/\/blog.causeur.fr\/bonnetdane\/wp-json\/wp\/v2\/posts"}],"about":[{"href":"https:\/\/blog.causeur.fr\/bonnetdane\/wp-json\/wp\/v2\/types\/post"}],"author":[{"embeddable":true,"href":"https:\/\/blog.causeur.fr\/bonnetdane\/wp-json\/wp\/v2\/users\/6"}],"replies":[{"embeddable":true,"href":"https:\/\/blog.causeur.fr\/bonnetdane\/wp-json\/wp\/v2\/comments?post=816"}],"version-history":[{"count":0,"href":"https:\/\/blog.causeur.fr\/bonnetdane\/wp-json\/wp\/v2\/posts\/816\/revisions"}],"wp:attachment":[{"href":"https:\/\/blog.causeur.fr\/bonnetdane\/wp-json\/wp\/v2\/media?parent=816"}],"wp:term":[{"taxonomy":"category","embeddable":true,"href":"https:\/\/blog.causeur.fr\/bonnetdane\/wp-json\/wp\/v2\/categories?post=816"},{"taxonomy":"post_tag","embeddable":true,"href":"https:\/\/blog.causeur.fr\/bonnetdane\/wp-json\/wp\/v2\/tags?post=816"}],"curies":[{"name":"wp","href":"https:\/\/api.w.org\/{rel}","templated":true}]}}