{"id":817,"date":"2015-08-06T16:59:35","date_gmt":"2015-08-06T16:59:35","guid":{"rendered":"http:\/\/blog.causeur.fr\/bonnetdane\/?p=817"},"modified":"2021-04-22T18:49:41","modified_gmt":"2021-04-22T16:49:41","slug":"en-avant-pour-le-iveme-reich","status":"publish","type":"post","link":"https:\/\/blog.causeur.fr\/bonnetdane\/en-avant-pour-le-iveme-reich-817","title":{"rendered":"En avant pour le IV\u00e8me Reich ?"},"content":{"rendered":"<p>Qui se souvient de <em>l&rsquo;Homme de fer<\/em> ? La s\u00e9rie, diffus\u00e9e sur <em>NBC<\/em> de mars 1967 \u00e0 janvier 1975 (et en France \u00e0 partir de 1969) mettait en sc\u00e8ne un certain Robert Ironside (Robert Dacier en VF), un policier immobilis\u00e9 dans une chaise roulante apr\u00e8s avoir re\u00e7u une balle dans la colonne vert\u00e9brale.<\/p>\n<p>Wolfgang Sch\u00e4uble, l&rsquo;impitoyable ministre de l&rsquo;\u00e9conomie allemand, est d\u00e9sormais pour les m\u00e9dias \u00ab\u00a0l&rsquo;homme de fer de l&rsquo;Europe\u00a0\u00bb \u2014 cela donne une id\u00e9e de l&rsquo;\u00e2ge des journalistes qui utilisent la comparaison. Les connotations ne s&rsquo;arr\u00eatent pas au feuilleton, bien s\u00fbr, m\u00eame si le fait que Sch\u00e4uble est immobilis\u00e9 dans une chaise roulante depuis un attentat qui l&rsquo;a paralys\u00e9 en 1990 a certainement \u00e9t\u00e9 l&rsquo;\u00e9l\u00e9ment d\u00e9clencheur de la comparaison. En arri\u00e8re-plan, il y a la tr\u00e8s vieille m\u00e9taphore du \u00ab\u00a0chancelier de fer\u00a0\u00bb, Bismarck. Il serait d&rsquo;ailleurs amusant de r\u00e9pertorier toutes les m\u00e9taphorisations politiques de l&rsquo;industrie allemande de l&rsquo;acier, particuli\u00e8rement de l&rsquo;acier utilis\u00e9 \u00e0 des fins militaires. Apr\u00e8s tout une nation qui a fait depuis 1813 de la \u00ab\u00a0croix de fer\u00a0\u00bb sa d\u00e9coration militaire la plus recherch\u00e9e (voir le sublime film homonyme de Sam Peckinpah) a une relation singuli\u00e8re au m\u00e9tal des \u00e9p\u00e9es \/ fusils \/ canons \/ grosse Bertha et autres brimborions de la civilisation avanc\u00e9e.<br \/>\nSch\u00e4uble, outre une rivalit\u00e9 de fond avec Merkel, sans doute un peu trop Ossie pour lui (on ne parle pas assez du m\u00e9pris abyssal des ex-bourgeois de RFA vis-\u00e0-vis des ex-prolos de RDA) pose en parfait Europ\u00e9en. Encore faut-il s&rsquo;entendre sur le terme. Et savoir ce qu&rsquo;il recouvre dans la conscience du redoutable ministre allemand.<br \/>\nSch\u00e4uble est n\u00e9 en octobre 1942 \u00e0 Fribourg. Il venait d&rsquo;avoir deux ans quand, le 27 novembre 1944, l&rsquo;aviation anglaise a lanc\u00e9 sur la ville l&rsquo;Op\u00e9ration Tigerfish (le vice-mar\u00e9chal anglais Robert Saundby \u00e9tait un p\u00eacheur fanatique, qui donna un nom de poisson \u00e0 chacune des op\u00e9rations d&rsquo;an\u00e9antissement des villes allemandes, voir Dresde ou Hambourg, d\u00e9cid\u00e9es par le commandant en chef Arthur \u00ab\u00a0Bomber\u00a0\u00bb Harris \u2014 un saint homme qui aurait \u00e9t\u00e9 jug\u00e9 pour crimes de guerre, s&rsquo;il n&rsquo;avait pas \u00e9t\u00e9 du c\u00f4t\u00e9 des vainqueurs). Ce jour-l\u00e0 14 725 bombes incendiaires ont \u00e9t\u00e9 d\u00e9vers\u00e9es sur la ville (qui par parenth\u00e8se ne pr\u00e9sentait aucn caract\u00e8re strat\u00e9gique : c&rsquo;\u00e9tait une politique de terreur dont on sut tr\u00e8s vite qu&rsquo;elle resserrait les Allemands autour d&rsquo;Hitler \u2014 mais on n&rsquo;en continua pas moins : les militaires sont comme les p\u00e9dagos, quand ils se trompent, ils vont de l&rsquo;avant). Elles ont tu\u00e9 environ 3000 personnes, et r\u00e9duit en cendres et poussi\u00e8re un joyau de l&rsquo;architecture m\u00e9di\u00e9vale. Quand De Gaulle s&rsquo;y rendit en octobre 1945 \u2014 Sch\u00e4uble venait d&rsquo;avoir trois ans \u2014, il ne restait rigoureusement rien de la ville.<\/p>\n<p>Je ne voudrais pas m&rsquo;aventurer dans la psych\u00e9 de Wolgang Sch\u00e4uble, mais toute cette g\u00e9n\u00e9ration qui a vu son pays d\u00e9vast\u00e9 par la guerre aurait bien du m\u00e9rite \u00e0 d\u00e9velopper des sentiments pro-europ\u00e9ens sans cultiver quelque arri\u00e8re-pens\u00e9e revancharde. La Bundeswehr \u00e9tant une force aujourd&rsquo;hui essentiellement symbolique, l&rsquo;action s&rsquo;est situ\u00e9e ailleurs : sur le terrain de la vertu.<\/p>\n<p>\u00c0 commencer par la vertu \u00e9conomique. L&rsquo;Allemagne a pli\u00e9 l&rsquo;Europe \u00e0 ses objectifs nationaux, elle a obtenu avec l&rsquo;euro une parit\u00e9 qui l&rsquo;arrangeait diablement, juste apr\u00e8s la r\u00e9unification (un euro = deux deutschmarks, le seul pays pour lequel la transition mon\u00e9taire op\u00e9rait en compte rond), et elle veut manifestement imposer \u00e0 toute l&rsquo;Europe sa conception de l&rsquo;\u00e9conomie. Ein Reich, ein Euro.<\/p>\n<p>C&rsquo;est ce que raconte Yannis Varoufakis dans une longue interview \u00e0 <em>El Pais<\/em> qu&rsquo;il a reproduite en anglais sur son blog. En substance, le \u00ab\u00a0plan\u00a0\u00bb impos\u00e9 \u00e0 la Gr\u00e8ce est destin\u00e9 \u00e0 faire long feu, le refus du \u00ab\u00a0plan B\u00a0\u00bb concoct\u00e9 par le ministre grec, tout bien pens\u00e9 qu&rsquo;il f\u00fbt (c&rsquo;est Jacques Sapir, qui en sait plus que moi en \u00e9conomie, qui le pr\u00e9tend sur son blog de <em>Marianne<\/em>), est la preuve par neuf qu&rsquo;il ne s&rsquo;agissait pas d&rsquo;arriver \u00e0 un accord viable de remboursement. Il fallait imposer aux Grecs des conditions aberrantes probablement d\u00e9nonc\u00e9es \u00e0 tr\u00e8s court terme, puisqu&rsquo;elles ne sont pas viables, l&rsquo;objectif n&rsquo;\u00e9tant pas Ath\u00e8nes (Ath\u00e8nes, combien de divisions ? aurait dit Staline) mais Madrid et Paris \u2014 entre autres. Dommage, l&rsquo;Angleterre n&rsquo;a pas jou\u00e9 le jeu de l&rsquo;euro, on conquerra Londres une autre fois.<\/p>\n<p>Varoufakis le dit tr\u00e8s nettement : \u00a0\u00bb Le plan de Sch\u00e4uble est d&rsquo;imposer la tro\u00efka partout \u2014 et particuli\u00e8rement \u00e0 Paris. Paris est le gros lot. C&rsquo;est la destination finale de la tro\u00efka. Le Grexit a pour objet de cr\u00e9er un climat de peur pour forcer Paris, Rome et Madrid \u00e0 acquiescer.\u00a0\u00bb Et d&rsquo;expliquer que l&rsquo;asphyxie programm\u00e9e de la Gr\u00e8ce n&rsquo;est qu&rsquo;un coup en longueur, comme on dit au bridge : voil\u00e0 ce qui vous arrivera si vous ne passez pas sous les fourches caudines de la vertu allemande. Vous aurez chez vous les experts de la Banque centrale europ\u00e9enne, de la Commission europ\u00e9enne et du FMI. Vous allez voir : Paris sera r\u00e9install\u00e9e \u00e0 Bruxelles, qui d&rsquo;ailleurs sera d\u00e9localis\u00e9e \u00e0 Berlin.<a href=\"http:\/\/blog.causeur.fr\/bonnetdane\/files\/2015\/08\/BBC485D269E44C3E8F42CD6D584FB50B@nomb0a1c0a3909.jpeg\"><img loading=\"lazy\" decoding=\"async\" class=\"aligncenter size-full wp-image-820\" src=\"http:\/\/blog.causeur.fr\/bonnetdane\/files\/2015\/08\/BBC485D269E44C3E8F42CD6D584FB50B@nomb0a1c0a3909.jpeg\" alt=\"\" width=\"578\" height=\"747\" srcset=\"https:\/\/blog.causeur.fr\/bonnetdane\/wp-content\/uploads\/sites\/25\/2015\/08\/BBC485D269E44C3E8F42CD6D584FB50B@nomb0a1c0a3909.jpeg 578w, https:\/\/blog.causeur.fr\/bonnetdane\/wp-content\/uploads\/sites\/25\/2015\/08\/BBC485D269E44C3E8F42CD6D584FB50B@nomb0a1c0a3909-232x300.jpg 232w\" sizes=\"auto, (max-width: 578px) 100vw, 578px\" \/><\/a><\/p>\n<p>Sans compter que l&rsquo;Allemagne a tout \u00e0 y gagner : ce pays \u00e0 natalit\u00e9 faible fait payer les retraites de ses enfants du baby boom \u00e0 tous les retrait\u00e9s europ\u00e9ens. Bien jou\u00e9. Et au passage les banques allemandes domineront \u00e0 terme le syst\u00e8me, ce qui dans une Europe qui a plus jou\u00e9 la financiarisaion \u00e0 outrance que l&rsquo;industrie \u2014 ou a fortiori la politique \u2014 n&rsquo;est pas rien. Tant pis si les retrait\u00e9s grecs se suicident \u2014 et les autres suivront. Sch\u00e4uble soigne sa cote de popularit\u00e9, et Merkel, qui n&rsquo;est pas tomb\u00e9e de la derni\u00e8re pluie \u2014 elle, elle a suc\u00e9 le lait de l&rsquo;Allemagne de l&rsquo;Est, elle sait ce que totalitarisme veut dire \u2014 va probablement utiliser la popularit\u00e9 de Sch\u00e4uble pour se pr\u00e9senter \u00e0 nouveau.<\/p>\n<p>Tant que nous ne remettons pas l&rsquo;Europe sur des rails politiques, tant que nous laissons un quarteron de banquiers et de politichiens vendus d\u00e9cider \u00e0 notre place, nous aurons Sch\u00e4ule et ses comparses \u00e0 la t\u00eate de l&rsquo;UE. Et avec un pr\u00e9sident fran\u00e7ais qui dit \u00ab\u00a0la chanceli\u00e8re\u00a0\u00bb sans pr\u00e9ciser \u00ab\u00a0allemande\u00a0\u00bb, comme s&rsquo;il avait fait all\u00e9geance, en bon caniche de sa ma\u00eetresse, nous ne sommes pas sortis de l&rsquo;auberge.<a href=\"http:\/\/blog.causeur.fr\/bonnetdane\/files\/2015\/08\/FAC62221B8A441CAA5BF303683A5EBF7@nomb0a1c0a3909.jpeg\"><img loading=\"lazy\" decoding=\"async\" class=\"aligncenter size-full wp-image-821\" src=\"http:\/\/blog.causeur.fr\/bonnetdane\/files\/2015\/08\/FAC62221B8A441CAA5BF303683A5EBF7@nomb0a1c0a3909.jpeg\" alt=\"\" width=\"555\" height=\"463\" srcset=\"https:\/\/blog.causeur.fr\/bonnetdane\/wp-content\/uploads\/sites\/25\/2015\/08\/FAC62221B8A441CAA5BF303683A5EBF7@nomb0a1c0a3909.jpeg 555w, https:\/\/blog.causeur.fr\/bonnetdane\/wp-content\/uploads\/sites\/25\/2015\/08\/FAC62221B8A441CAA5BF303683A5EBF7@nomb0a1c0a3909-300x250.jpg 300w\" sizes=\"auto, (max-width: 555px) 100vw, 555px\" \/><\/a><\/p>\n<p>Sch\u00e4uble appelle la France \u00ab\u00a0la Grande Nation\u00a0\u00bb : c&rsquo;est ainsi que les r\u00e9volutionaires appelaient la R\u00e9publique conqu\u00e9rante apr\u00e8s 1793, mais dans la bouche d&rsquo;un Allemand vertueux, \u00e7a sonne avec une note de d\u00e9rision \u00e9vidente.<\/p>\n<p>Les d\u00e9cisions \u00e0 prendre d\u00e9passent d&rsquo;ailleurs largement le seul point de vue \u00e9conomique. L&rsquo;Allemagne nous a impos\u00e9 l&rsquo;entr\u00e9e dans l&rsquo;UE de la Pologne, qui fait partie de sa zone d&rsquo;influence. Elle nous impose vis-\u00e0-vis de la Russie une politique suicidaire, simplement parce qu&rsquo;elle a des liens forts avec l&rsquo;Ukraine (qui a une minuscule minorit\u00e9 d&rsquo;origine allemande), qui dans certains cas remontent \u00e0 la derni\u00e8re guerre, comme le prouvent chaque jour les partis ukrainiens d&rsquo;extr\u00eame-droite. Nous allons tout droit vers un affrontement Chine \/ USA (des analystes pr\u00e9voient une revendication prochaine de l&rsquo;Empire du Milieu pour glisser le yuan \u00e0 la place du dollar dans l&rsquo;\u00e9conomie mondialis\u00e9e que ces imb\u00e9ciles ont appel\u00e9e de leurs v\u0153ux, sans voir que les successeurs de Deng Xiaoping \u0153uvraient \u00e0 dominer le monde), et il faudrait une fois pour toutes se rendre compte que nous sommes g\u00e9ographiquement beaucoup plus proches de Moscou, qui marche en ce moment main dans la main avec P\u00e9kin, que de Washington. Il est plus que temps de renverser les alliances \u2014 m\u00eame si cela devait faire beaucoup de peine \u00e0 Wolfgang Sch\u00e4uble. Plus que temps de penser \u00e0 nouveau de fa\u00e7on politique, sans se soucier de vertu \u00e9conomique. Les pro-europ\u00e9ens, comme dit Varoufakis, trompent tout le monde depuis un certain temps \u2014 mais ils ne tromperont pas tout le monde tout le temps.<\/p>\n<p>Jean-Paul Brighelli<\/p>\n<p>PS. Impossible d&rsquo;ins\u00e9rer les liens hypertexte pour des raisons techniques : je le ferai dans deux jours. Mais les alertes lecteurs n&rsquo;auront aucune peine \u00e0 trouver le blog de Varoufakis ou l&rsquo;article de Jacques Sapir.<\/p>\n<p>&nbsp;<\/p>\n","protected":false},"excerpt":{"rendered":"<p>Qui se souvient de l&rsquo;Homme de fer ? La s\u00e9rie, diffus\u00e9e sur NBC de mars 1967 \u00e0 janvier 1975 (et en France \u00e0 partir de 1969) mettait en sc\u00e8ne un certain Robert Ironside (Robert Dacier en VF), un policier immobilis\u00e9 dans une chaise roulante apr\u00e8s avoir re\u00e7u une balle dans la colonne vert\u00e9brale. Wolfgang Sch\u00e4uble, [&hellip;]<\/p>\n","protected":false},"author":6,"featured_media":0,"comment_status":"open","ping_status":"open","sticky":false,"template":"","format":"standard","meta":{"footnotes":""},"categories":[1],"tags":[467,746,33,514,745,515,744],"class_list":{"0":"post-817","1":"post","2":"type-post","3":"status-publish","4":"format-standard","6":"category-non-classe","7":"tag-grece","8":"tag-grexit","9":"tag-hollande","10":"tag-merkel","11":"tag-schauble","12":"tag-troika","13":"tag-varoufakis"},"_links":{"self":[{"href":"https:\/\/blog.causeur.fr\/bonnetdane\/wp-json\/wp\/v2\/posts\/817","targetHints":{"allow":["GET"]}}],"collection":[{"href":"https:\/\/blog.causeur.fr\/bonnetdane\/wp-json\/wp\/v2\/posts"}],"about":[{"href":"https:\/\/blog.causeur.fr\/bonnetdane\/wp-json\/wp\/v2\/types\/post"}],"author":[{"embeddable":true,"href":"https:\/\/blog.causeur.fr\/bonnetdane\/wp-json\/wp\/v2\/users\/6"}],"replies":[{"embeddable":true,"href":"https:\/\/blog.causeur.fr\/bonnetdane\/wp-json\/wp\/v2\/comments?post=817"}],"version-history":[{"count":0,"href":"https:\/\/blog.causeur.fr\/bonnetdane\/wp-json\/wp\/v2\/posts\/817\/revisions"}],"wp:attachment":[{"href":"https:\/\/blog.causeur.fr\/bonnetdane\/wp-json\/wp\/v2\/media?parent=817"}],"wp:term":[{"taxonomy":"category","embeddable":true,"href":"https:\/\/blog.causeur.fr\/bonnetdane\/wp-json\/wp\/v2\/categories?post=817"},{"taxonomy":"post_tag","embeddable":true,"href":"https:\/\/blog.causeur.fr\/bonnetdane\/wp-json\/wp\/v2\/tags?post=817"}],"curies":[{"name":"wp","href":"https:\/\/api.w.org\/{rel}","templated":true}]}}