{"id":82,"date":"2007-05-10T06:04:00","date_gmt":"2007-05-10T06:04:00","guid":{"rendered":"http:\/\/blog.causeur.fr\/bonnetdane\/?p=82"},"modified":"2021-04-22T18:53:59","modified_gmt":"2021-04-22T16:53:59","slug":"rapport-darcos","status":"publish","type":"post","link":"https:\/\/blog.causeur.fr\/bonnetdane\/rapport-darcos-82","title":{"rendered":"Rapport Darcos"},"content":{"rendered":"<p>De la condition enseignante<\/p>\n<p>Xavier Darcos a fourni en mars dernier au futur (et actuel\u2026) pr\u00e9sident de la R\u00e9publique un rapport sur la \u00ab\u00a0condition enseignante\u00a0\u00bb qui en finit avec un certain nombre de mythes obligeamment relay\u00e9s par les m\u00e9dias (et par les syndicats, qui ne sont pas blanc-bleu dans cette affaire) : obligations de serice, salaires r\u00e9els, statuts, absent\u00e9isme, tout y est.<br \/>Il y fait aussi un certain nombre de propositions, qui ouvrent des pistes de r\u00e9flexion pratiques. <br \/>Les enseignants y trouveront du grain \u00e0 moudre. Les non-enseignants y apprendront quelques v\u00e9rit\u00e9s de base qui peuvent bien bousculer leurs certitudes sur les avatages forc\u00e9ment monstrueux dont nous jouissons \u2014 si c&rsquo;est \u00e7a jouir, demain je me fais moine.<\/p>\n<p>Vous trouverez l&rsquo;ensemble du rapport sur http:\/\/www.lalettredeleducation.fr\/IMG\/doc\/Rapport_Darcos.doc <\/p>\n<p>Croyez-moi, \u00e7a vaut le coup d&rsquo;y jeter un coup d&rsquo;\u0153il attentif. \u00c7a \u00e9vitera aux uns et aux autres de continuer \u00e0 trimballer des id\u00e9es re\u00e7ues sur le lib\u00e9ralisme d\u00e9voreur de fonction publique\u2026<\/p>\n<p>J&rsquo;ajoute qu&rsquo;il manque \u00e0 ce rapport un volet, \u00e0 construire compl\u00e8tement, sur les r\u00e9formes n\u00e9cessaires de la p\u00e9dagogie, qui vont \u00e0 mon sens de pair avec une revalorisation des statuts, des carri\u00e8res et des salaires. Parce que ces derniers points s&rsquo;adressent naturellement aux enseignants avant tout, et qu&rsquo;une refonte r\u00e9elle des programmes s&rsquo;adresserait aussi aux parents dont la prog\u00e9niture est, durant une bonne quinzaine d&rsquo;ann\u00e9es, sous les feux des projecteurs.<\/p>\n<p>\u00c0 vous de r\u00e9agir \u2014 et pour \u00e9viter les insinuations sympathiques, je pr\u00e9cise que je ne suis pas mandat\u00e9 pour vous demander de le faire : ce blog est libre et le restera \u2014 il dispara\u00eetrait dans l&rsquo;instant m\u00eame o\u00f9 moi-m\u00eame, par obligation, ne le serait plus.<\/p>\n<p>JPB<\/p>\n","protected":false},"excerpt":{"rendered":"<p>De la condition enseignante Xavier Darcos a fourni en mars dernier au futur (et actuel\u2026) pr\u00e9sident de la R\u00e9publique un rapport sur la \u00ab\u00a0condition enseignante\u00a0\u00bb qui en finit avec un certain nombre de mythes obligeamment relay\u00e9s par les m\u00e9dias (et par les syndicats, qui ne sont pas blanc-bleu dans cette affaire) : obligations de serice, [&hellip;]<\/p>\n","protected":false},"author":6,"featured_media":0,"comment_status":"open","ping_status":"open","sticky":false,"template":"","format":"standard","meta":{"footnotes":""},"categories":[1],"tags":[],"class_list":{"0":"post-82","1":"post","2":"type-post","3":"status-publish","4":"format-standard","6":"category-non-classe"},"_links":{"self":[{"href":"https:\/\/blog.causeur.fr\/bonnetdane\/wp-json\/wp\/v2\/posts\/82","targetHints":{"allow":["GET"]}}],"collection":[{"href":"https:\/\/blog.causeur.fr\/bonnetdane\/wp-json\/wp\/v2\/posts"}],"about":[{"href":"https:\/\/blog.causeur.fr\/bonnetdane\/wp-json\/wp\/v2\/types\/post"}],"author":[{"embeddable":true,"href":"https:\/\/blog.causeur.fr\/bonnetdane\/wp-json\/wp\/v2\/users\/6"}],"replies":[{"embeddable":true,"href":"https:\/\/blog.causeur.fr\/bonnetdane\/wp-json\/wp\/v2\/comments?post=82"}],"version-history":[{"count":0,"href":"https:\/\/blog.causeur.fr\/bonnetdane\/wp-json\/wp\/v2\/posts\/82\/revisions"}],"wp:attachment":[{"href":"https:\/\/blog.causeur.fr\/bonnetdane\/wp-json\/wp\/v2\/media?parent=82"}],"wp:term":[{"taxonomy":"category","embeddable":true,"href":"https:\/\/blog.causeur.fr\/bonnetdane\/wp-json\/wp\/v2\/categories?post=82"},{"taxonomy":"post_tag","embeddable":true,"href":"https:\/\/blog.causeur.fr\/bonnetdane\/wp-json\/wp\/v2\/tags?post=82"}],"curies":[{"name":"wp","href":"https:\/\/api.w.org\/{rel}","templated":true}]}}