{"id":822,"date":"2015-08-14T14:14:52","date_gmt":"2015-08-14T14:14:52","guid":{"rendered":"http:\/\/blog.causeur.fr\/bonnetdane\/?p=822"},"modified":"2021-04-22T18:49:41","modified_gmt":"2021-04-22T16:49:41","slug":"jhabite-une-ville-formidable","status":"publish","type":"post","link":"https:\/\/blog.causeur.fr\/bonnetdane\/jhabite-une-ville-formidable-822","title":{"rendered":"J&rsquo;habite une ville formidable"},"content":{"rendered":"<p>Peut-\u00eatre le fait d\u2019habiter Marseille fausse-t-il ma vision de l\u2019islam\u2026 Ou peut-\u00eatre le fait de vivre dans une ville musulmane permet-il au contraire d\u2019en voir de pr\u00e8s le fonctionnement.<\/p>\n<p>Peu importe. Pour une fois que l\u2019on a aussi la fin de l\u2019histoire\u2026<\/p>\n<p>Les faits remontent au 9 juillet dernier.<br \/>\nOn est en plein ramadan, ce qui devrait apaiser les esprits. Mais la canicule aidant, ils s\u2019\u00e9chauffent.<br \/>\nLa brigade VTT (bravo \u00e0 eux, Marseille est une ville qui n\u2019est pas toujours facile en v\u00e9lo, faut dire qu\u2019ils ne s\u2019aventurent jamais loin du centre) op\u00e8re un banal contr\u00f4le rue des R\u00e9collettes, au c\u0153ur de ce quartier presque exclusivement maghr\u00e9bin (je dis presque parce que les Chinois s\u2019y glissent peu \u00e0 peu, comme ils ont fait il y a deux d\u00e9cennies \u00e0 Belleville). Pour ceux qui connaissent un peu, c\u2019est presque \u00e0 l\u2019angle de Belsunce et de la Canebi\u00e8re, tout pr\u00e8s de la rue Thubaneau o\u00f9 fut chant\u00e9e pour la premi\u00e8re fois la Marseillaise<a href=\"http:\/\/blog.causeur.fr\/bonnetdane\/files\/2015\/08\/marseille-islam4.jpg\"><img loading=\"lazy\" decoding=\"async\" class=\"aligncenter size-medium wp-image-839\" src=\"http:\/\/blog.causeur.fr\/bonnetdane\/files\/2015\/08\/marseille-islam4-300x149.jpg\" alt=\"\" width=\"300\" height=\"149\" srcset=\"https:\/\/blog.causeur.fr\/bonnetdane\/wp-content\/uploads\/sites\/25\/2015\/08\/marseille-islam4-300x149.jpg 300w, https:\/\/blog.causeur.fr\/bonnetdane\/wp-content\/uploads\/sites\/25\/2015\/08\/marseille-islam4.jpg 715w\" sizes=\"auto, (max-width: 300px) 100vw, 300px\" \/><\/a> et que fr\u00e9quent\u00e8rent jadis tant de dames de petite vertu. Pour les autres, c\u2019est l\u00e0 que se dresse la mosqu\u00e9e Al Qods et \u00e7a donne \u00e7a.<a href=\"http:\/\/blog.causeur.fr\/bonnetdane\/files\/2015\/08\/marseille-islam10.jpg\"><img loading=\"lazy\" decoding=\"async\" class=\"aligncenter size-full wp-image-838\" src=\"http:\/\/blog.causeur.fr\/bonnetdane\/files\/2015\/08\/marseille-islam10.jpg\" alt=\"\" width=\"563\" height=\"341\" srcset=\"https:\/\/blog.causeur.fr\/bonnetdane\/wp-content\/uploads\/sites\/25\/2015\/08\/marseille-islam10.jpg 563w, https:\/\/blog.causeur.fr\/bonnetdane\/wp-content\/uploads\/sites\/25\/2015\/08\/marseille-islam10-300x181.jpg 300w\" sizes=\"auto, (max-width: 563px) 100vw, 563px\" \/><\/a><br \/>\nContr\u00f4ler, mais vous n\u2019y pensez pas : un presque adolescent (il s\u2019appelle Djamel Gherici, et il est \u00e9l\u00e8ve de Terminale, sans doute f\u00eate-t-il le Bac \u00e0 grandes rasades de limonade) harangue la foule et l\u2019invite \u00e0 \u00ab niquer les cond\u00e9s \u00bb. \u00ab \u00ab C\u2019est ramadan, on est chez nous ici ! \u00bb croit-il bon d\u2019ajouter, avant de faire un signe d\u2019\u00e9gorgement \u00e0 l\u2019aide du couteau qu\u2019il porte \u00bb, \u00e9crit le journaliste de <em>la Provence<\/em>, Denis Trossero. Bref, il en fait tellement que les pandores, pourtant port\u00e9s par nature \u00e0 l\u2019apaisement, finissent par l\u2019interpeller.<br \/>\nL\u2019affaire \u00e9tait jug\u00e9e hier. Je reprends l\u2019article qui n\u2019est pas encore en ligne.<\/p>\n<p>\u00ab Quand le policier raconte la sc\u00e8ne, c\u2019est avec pr\u00e9cision et sobri\u00e9t\u00e9 \u00e0 la fois. On y lit la d\u00e9sesp\u00e9rance ordinaire du fonctionnaire r\u00e9publicain qui tente de faire au jour le jour son travail, mais qui sait qu\u2019il marche sur des \u0153ufs. L\u2019explosion est au coin de la rue s\u2019il n\u2019y prend garde. \u00ab <em>Je voudrais que vous ayez conscience de cette violence. C\u2019\u00e9tait une poudri\u00e8re, raconte le gardien de la paix. On a r\u00e9guli\u00e8rement des gens qui viennent nous titiller, nous mettre en porte \u00e0 faux. Monsieur \u00e9tait comme un chauffeur de salle dans les \u00e9missions TV. Ce sont des \u00e9l\u00e9ments qui me font perdre la foi en mon m\u00e9tier r\u00e9publicain. On est oblig\u00e9 de baisser le froc. C\u2019est hard ! Quand on rentre le soir \u00e0 la maison, je me demande pourquoi je fais ce m\u00e9tier.<\/em> \u00bb \u00bb<br \/>\nLe procureur, Agn\u00e8s Rostoker, note que \u00ab l\u2019on sent poindre chez ces policiers un l\u00e9gitime d\u00e9couragement sur notre territoire r\u00e9publicain. \u00bb Le pr\u00e9venu soutient qu\u2019il s\u2019est content\u00e9 de pousser \u00ab des petits cris \u00bb (?) puis affirme \u00ab qu\u2019il a \u00e9t\u00e9 frapp\u00e9 par la police. Rien de tel dans le dossier. Le parquet a requis six mois de prison avec sursis assortis de l\u2019obligation d\u2019effectuer un travail d\u2019int\u00e9r\u00eat g\u00e9n\u00e9ral \u00bb. L\u2019avocat de la d\u00e9fense a cru pouvoir plaider \u00ab un tr\u00e8s grand affolement des policiers \u00bb, qui voudraient faire porter par son client \u00ab tout le poids du djihad islamique \u00bb. Ben voyons.<br \/>\nLe tribunal a suivi peu ou prou les recommandations du proc, et Gherici a \u00e9cop\u00e9 finalement de cinq mois avec sursis assortis de 180 heures de TIG \u2014 et d\u2019une amende de 500 euros \u00e0 chacun des deux policiers. Ce n\u2019est pas cher pay\u00e9 pour une menace de mort \u00e0 un agent de la force publique, mais j\u2019imagine que le code ne permet pas d\u2019aller beaucoup plus loin.<\/p>\n<p>Je voudrais revenir bri\u00e8vement sur un passage du t\u00e9moignage du policier. \u00ab Monsieur \u00e9tait comme un chauffeur de salle dans les \u00e9missions TV \u00bb, a-t-il dit. J\u2019ai eu l\u2019occasion ici-m\u00eame d\u2019analyser une vid\u00e9o de Daech, pour bien cerner l\u2019aspect hyper-r\u00e9aliste et en m\u00eame temps fantasmagorique des mises en sc\u00e8ne de l\u2019Etat islamique. Dans les t\u00eates creuses de nos \u00e9l\u00e8ves \u2014 et s\u2019agissant d\u2019un cr\u00e9tin de Terminale, c\u2019est bien \u00e7a \u2014, dans les cr\u00e2nes de ces gamins auxquels l\u2019Ecole n\u2019a d\u00e9cid\u00e9ment rien appris, c\u2019est comme un jeu vid\u00e9o, une t\u00e9l\u00e9-r\u00e9alit\u00e9 \u00e0 laquelle ils ambitionnent de participer \u2014 sauf que la r\u00e9alit\u00e9 saigne davantage que l\u2019hyper-r\u00e9alit\u00e9 de la soci\u00e9t\u00e9 du spectacle.<br \/>\nEn l\u00e9gende de la photo accompagnant l\u2019article dans <em>la Provence<\/em> aujourd\u2019hui, on peut lire : \u00ab La pr\u00e9sence polici\u00e8re agace, mais force doit rester \u00e0 la R\u00e9publique. \u00bb<a href=\"http:\/\/blog.causeur.fr\/bonnetdane\/files\/2015\/08\/Capture-d\u2019\u00e9cran-2015-08-14-\u00e0-15.47.25.png\"><img loading=\"lazy\" decoding=\"async\" class=\"aligncenter size-full wp-image-840\" src=\"http:\/\/blog.causeur.fr\/bonnetdane\/files\/2015\/08\/Capture-d\u2019\u00e9cran-2015-08-14-\u00e0-15.47.25.png\" alt=\"\" width=\"334\" height=\"396\" srcset=\"https:\/\/blog.causeur.fr\/bonnetdane\/wp-content\/uploads\/sites\/25\/2015\/08\/Capture-d\u2019\u00e9cran-2015-08-14-\u00e0-15.47.25.png 334w, https:\/\/blog.causeur.fr\/bonnetdane\/wp-content\/uploads\/sites\/25\/2015\/08\/Capture-d\u2019\u00e9cran-2015-08-14-\u00e0-15.47.25-253x300.png 253w\" sizes=\"auto, (max-width: 334px) 100vw, 334px\" \/><\/a> Oui-da ! Mais l\u2019id\u00e9e m\u00eame que la police \u00bbagace \u00bb est en soi un scandale \u2014 sauf \u00e0 supposer, et ici nous sommes au-del\u00e0 de la supposition, que la ville est d\u00e9sormais, dans certains de ses quartiers au moins et dans le centre en particulier, r\u00e9gie par la charia.<\/p>\n<p>Jean-Paul Brighelli<\/p>\n<p>PS. Pendant ce temps un plaisantin appose un bandeau rouge sur les yeux des statues marseillaises. Bonne id\u00e9e \u2014 autant que David (il ne serait pas juif, celui-l\u00e0 ?) ne voie pas ce que devient cette ville.<a href=\"http:\/\/blog.causeur.fr\/bonnetdane\/files\/2015\/08\/davidyeuxbandes.jpg\"><img loading=\"lazy\" decoding=\"async\" class=\"aligncenter size-full wp-image-841\" src=\"http:\/\/blog.causeur.fr\/bonnetdane\/files\/2015\/08\/davidyeuxbandes.jpg\" alt=\"\" width=\"467\" height=\"356\" srcset=\"https:\/\/blog.causeur.fr\/bonnetdane\/wp-content\/uploads\/sites\/25\/2015\/08\/davidyeuxbandes.jpg 467w, https:\/\/blog.causeur.fr\/bonnetdane\/wp-content\/uploads\/sites\/25\/2015\/08\/davidyeuxbandes-300x228.jpg 300w\" sizes=\"auto, (max-width: 467px) 100vw, 467px\" \/><\/a><\/p>\n","protected":false},"excerpt":{"rendered":"<p>Peut-\u00eatre le fait d\u2019habiter Marseille fausse-t-il ma vision de l\u2019islam\u2026 Ou peut-\u00eatre le fait de vivre dans une ville musulmane permet-il au contraire d\u2019en voir de pr\u00e8s le fonctionnement. Peu importe. Pour une fois que l\u2019on a aussi la fin de l\u2019histoire\u2026 Les faits remontent au 9 juillet dernier. On est en plein ramadan, ce [&hellip;]<\/p>\n","protected":false},"author":6,"featured_media":0,"comment_status":"open","ping_status":"open","sticky":false,"template":"","format":"standard","meta":{"footnotes":""},"categories":[1],"tags":[532,61,753,752,751],"class_list":{"0":"post-822","1":"post","2":"type-post","3":"status-publish","4":"format-standard","6":"category-non-classe","7":"tag-la-provence","8":"tag-marseille","9":"tag-police","10":"tag-ramadan","11":"tag-rue-des-recollettes"},"_links":{"self":[{"href":"https:\/\/blog.causeur.fr\/bonnetdane\/wp-json\/wp\/v2\/posts\/822","targetHints":{"allow":["GET"]}}],"collection":[{"href":"https:\/\/blog.causeur.fr\/bonnetdane\/wp-json\/wp\/v2\/posts"}],"about":[{"href":"https:\/\/blog.causeur.fr\/bonnetdane\/wp-json\/wp\/v2\/types\/post"}],"author":[{"embeddable":true,"href":"https:\/\/blog.causeur.fr\/bonnetdane\/wp-json\/wp\/v2\/users\/6"}],"replies":[{"embeddable":true,"href":"https:\/\/blog.causeur.fr\/bonnetdane\/wp-json\/wp\/v2\/comments?post=822"}],"version-history":[{"count":0,"href":"https:\/\/blog.causeur.fr\/bonnetdane\/wp-json\/wp\/v2\/posts\/822\/revisions"}],"wp:attachment":[{"href":"https:\/\/blog.causeur.fr\/bonnetdane\/wp-json\/wp\/v2\/media?parent=822"}],"wp:term":[{"taxonomy":"category","embeddable":true,"href":"https:\/\/blog.causeur.fr\/bonnetdane\/wp-json\/wp\/v2\/categories?post=822"},{"taxonomy":"post_tag","embeddable":true,"href":"https:\/\/blog.causeur.fr\/bonnetdane\/wp-json\/wp\/v2\/tags?post=822"}],"curies":[{"name":"wp","href":"https:\/\/api.w.org\/{rel}","templated":true}]}}