{"id":837,"date":"2015-08-19T09:50:33","date_gmt":"2015-08-19T09:50:33","guid":{"rendered":"http:\/\/blog.causeur.fr\/bonnetdane\/?p=837"},"modified":"2021-04-22T18:49:41","modified_gmt":"2021-04-22T16:49:41","slug":"theologie-du-viol","status":"publish","type":"post","link":"https:\/\/blog.causeur.fr\/bonnetdane\/theologie-du-viol-837","title":{"rendered":"Th\u00e9ologie du viol"},"content":{"rendered":"<p>Qadya, Irak &#8211; \u00ab Juste avant de violer la jeune fille \u00e2g\u00e9e de 12 ans, ce combattant de l\u2019Etat Islamique a pris le temps d\u2019expliquer que ce qu\u2019il s\u2019appr\u00eatait \u00e0 faire n\u2019\u00e9tait pas un p\u00each\u00e9. Parce que cette pr\u00e9adolescente pratiquait une autre religion que l\u2019Islam, non seulement le Coran lui donnait le droit de la violer mais, insistait-il, il le pr\u00e9conisait et encourageait \u00e0 le faire.<br \/>\n\u00ab\u00a0Il lui attacha les mains et la b\u00e2illonna. Puis il s\u2019agenouilla \u00e0 c\u00f4t\u00e9 du lit et se prosterna dans la pri\u00e8re avant de se mettre sur elle. Lorsque cela fut fini, il s\u2019agenouilla pour prier \u00e0 nouveau, mettant fin au viol par des actes de d\u00e9votion religieuse.<br \/>\n\u00ab\u00a0\u00a0\u00bb Je ne cessais de lui dire \u00e7a fait mal, s\u2019il vous pla\u00eet, arr\u00eatez,\u00a0\u00bb dit la jeune fille, dont le corps est si petit qu\u2019un adulte pourrait encercler sa taille de ses deux mains. \u00a0\u00bb Il m\u2019a dit que selon l\u2019Islam, il est autoris\u00e9 \u00e0 violer une non croyante. Il a dit qu\u2019en me violant, il se rapproche de Dieu \u00ab\u00a0, raconte-t-elle dans un entretien avec sa famille dans un camp de r\u00e9fugi\u00e9s dans lequel elle a trouv\u00e9 refuge apr\u00e8s 11 mois de captivit\u00e9. \u00bb<\/p>\n<p>Dieu est amour\u2026 \u00c0 la d\u00e9charge (si je puis dire) de l\u2019islam, je dois pr\u00e9ciser que sunnites et chiites s\u2019entendent \u2014 une fois n\u2019est pas coutume \u2014 pour affirmer que le viol syst\u00e9matique pratiqu\u00e9 par les hommes de Daech n\u2019est pas hallal. On est content de l\u2019entendre.<\/p>\n<p>Le r\u00e9cit ci-dessus se trouve dans un <a href=\"http:\/\/www.nytimes.com\/2015\/08\/14\/world\/middleeast\/isis-enshrines-a-theology-of-rape.html?mwrsm=Facebook&amp;_r=2\">long article<\/a> extr\u00eamement fouill\u00e9 du <em>New York Times<\/em> qui a \u00e9t\u00e9 patiemment traduit <a href=\"http:\/\/www.rtbf.be\/info\/monde\/detail_l-etat-islamique-et-la-theologie-du-viol-l-enquete-edifiante-du-new-york-times?id=9053890\">ici<\/a>, pour les non-anglicistes.<br \/>\nLa presse fran\u00e7aise de droite (j\u2019utilise encore ces qualificatifs qui me paraissent totalement obsol\u00e8tes, juste histoire de me faire comprendre des imb\u00e9ciles qui passeraient ici, et qui, contrairement aux lecteurs usuels de ce blog, croient qu\u2019il existe encore une gauche fran\u00e7aise identifiable dans la coterie au pouvoir) a <a href=\"http:\/\/madame.lefigaro.fr\/societe\/pour-djihadistes-femmes-sont-esclaves-sexuelles-190814-900516\">longuement fait \u00e9tat<\/a> de ces pratiques courantes dans tous les \u00e9tats fondamentalistes en guerre \u2014 particuli\u00e8rement dans toute l\u2019Afrique islamis\u00e9e : <a href=\"http:\/\/www.amnestyinternational.be\/doc\/nos-campagnes-beta\/violences-contre-les-femmes-649\/droits-des-femmes\/informations-en-bref\/article\/soudan-viol-systematique-des\">voir par exemple au Soudan<\/a>. Pour ce qui est du Nigeria et de Boko Haram, on sait comment ils se servent en vierges dans les \u00e9coles.<br \/>\nC\u2019est qu\u2019un pucelage, cela a son prix, dans cette religion de paix et d\u2019amour, comme le souligne un \u00e9minent islamologue, Claude Sicard, dans les colonnes du <em>Figaro<\/em>. Il rappelle au passage que, mesdames, vous \u00eates des cr\u00e9atures inf\u00e9rieures, qui devez vous couvrir afin de ne pas attiser le d\u00e9sir turgescent des guerriers \/ des m\u00e2les \/ des hommes de 7 \u00e0 77 ans.<br \/>\nQuelle id\u00e9e aussi ont eu des journalistes femmes d\u2019aller couvrir il y a deux ans la r\u00e9volution \u00e9gyptienne ? <a href=\"http:\/\/www.slate.fr\/lien\/65783\/journaliste-caroline-sinz-viol-place-tahrir-france-televisions\">Caroline Sinz<\/a> ou <a href=\"http:\/\/www.lemonde.fr\/afrique\/article\/2011\/04\/28\/la-journaliste-lara-logan-raconte-l-agression-qu-elle-a-subie-place-tahrir_1514396_3212.html\">Lara Logan<\/a> se sont fait violer en public sur la place Tarir. \u00c7a n\u2019a gu\u00e8re \u00e9mu la r\u00e9daction de France T\u00e9l\u00e9vision \u2014 la peur de l\u2019amalgame, etc. Quelle id\u00e9e a eu cette travailleuse humanitaire, Kayla Mueller, enlev\u00e9e par l&rsquo;Etat islamique, qui a b\u00e9n\u00e9fici\u00e9 d&rsquo;un <a href=\"http:\/\/www.francetvinfo.fr\/monde\/proche-orient\/offensive-jihadiste-en-irak\/l-otage-decedee-kayla-mueller-a-ete-violee-par-le-chef-du-groupe-etat-islamique_1044103.html\">viol personnel du Mahd<\/a>i,\u00a0Abou Bakr al-Baghdadi\u2026 Et cette petite imb\u00e9cile s&rsquo;en remettait \u00e0 dieu dans la <a href=\"http:\/\/www.ladepeche.fr\/article\/2015\/02\/12\/2048331-derniere-lettre-bouleversante-kayla-mueller-otage-daech-tuee-syrie.html\">derni\u00e8re lettre<\/a> qu&rsquo;elle a fait passer \u00e0 ses parents\u2026 C&rsquo;\u00e9tait sans compter sur la confraternit\u00e9 des totems du monoth\u00e9isme.<br \/>\nSinguli\u00e8re religion o\u00f9 les hommes sont habit\u00e9s de d\u00e9sirs incontr\u00f4lables, o\u00f9 les femmes sont des incitations permanentes au viol, o\u00f9 un l\u00e9ger frisottis sur la nuque rappelle les toisons pubiennes, etc. Curieuse religion o\u00f9 les femmes ne sont pas ma\u00eetresses de leur corps, et o\u00f9 de surcro\u00eet elles sont impures quelques jours par moi : et comme elles ne portent pas de cam\u00e9lia rouge \u00e0 la boutonni\u00e8re de leur burqa, elles sont suspectes d\u2019impuret\u00e9 365 jours par an.<\/p>\n<p>Un lecteur de passage m\u2019a reproch\u00e9 d\u2019avoir en grande partie abandonn\u00e9 le th\u00e8me de l\u2019\u00e9cole, autour duquel s\u2019\u00e9tait constitu\u00e9 <em>Bonnetdane<\/em>, et de faire dans l\u2019obsession islamique. Mais c\u2019est la m\u00eame chose : l\u2019\u00e9cole fran\u00e7aise est la\u00efque, le Savoir est agnostique, et tout ce qui contrevient \u00e0 ces deux fondements du syst\u00e8me \u00e9ducatif doit \u00eatre vigoureusement combattu. Il y a un si\u00e8cle ou deux, c\u2019e\u00fbt \u00e9t\u00e9 le j\u00e9suitisme des congr\u00e9gations. Aujourd\u2019hui, c\u2019est le salafisme.<br \/>\nEn v\u00e9rit\u00e9 je te le dis, ami musulman de passage. Les femmes ne sont pas des incitations au viol, mais \u00e0 la politesse et aux raffinements de la courtoisie, et elles font ce qu\u2019elles veulent de leur corps \u2014 qui qu\u2019elles soient, y compris ta s\u0153ur et ta m\u00e8re.<br \/>\nEt figure-toi qu\u2019elles ont elles aussi parfois des d\u00e9sirs, mais qu\u2019elles ne bondissent pas sur ce pr\u00e9texte, ni sur le fait que tu ne couvres pas ta t\u00eate, petit salopiaud, pour te violer en public \u2014 non sans avoir invoqu\u00e9 le Proph\u00e8te, \u00ab sottise et b\u00e9n\u00e9diction \u00bb, come dit Voltaire, soient sur lui.<\/p>\n<p>Jean-Paul Brighelli<\/p>\n<p>PS. J\u2019\u00e9crivais <a href=\"http:\/\/blog.causeur.fr\/bonnetdane\/le-terrorisme-a-tout-son-temps-00689.html\">il y a quelques mois<\/a> que l\u2019Islam guerrier (c\u2019est plus ou moins un pl\u00e9onasme, selon que vous prenez le Coran au premier ou au second degr\u00e9, <a href=\"http:\/\/www.lefigaro.fr\/vox\/religion\/2015\/08\/18\/31004-20150818ARTFIG00082-theologie-du-viol-ce-que-dit-vraiment-le-coran.php?m_i=XtsXwKt7nsEs52vFNtAWxRE4v%2BxsEHjUVLcs1N4pRSBGW29HzHGh0fQuFA8KKA9%2BosftXnBmbf1vzRKrEvthKZDm79GytfwQXuhBL1rx&amp;a2=20150819114727&amp;a3=763-3725133-880344\">comme l\u2019explique Claude Sicard<\/a>) s\u2019attaque aux mus\u00e9es et aux sites arch\u00e9ologiques parce qu\u2019il a l\u2019obsession d\u2019abolir le temps. <a href=\"http:\/\/www.20min.ch\/ro\/news\/monde\/story\/30010605?utm_medium=Social&amp;utm_source=Twitter&amp;utm_campaign=Echobox&amp;utm_term=Autofeed#link_time=1439935750\">On vient d\u2019apprendre<\/a> que l\u2019Etat islamique a d\u00e9capit\u00e9 le directeur des antiquit\u00e9s de Palmyre (82 ans \u2014 il \u00e9tait temps, il aurait pu mourir b\u00eatement de vieillesse), et a suspendu son cadavre au sommet d\u2019une colonne. Avertissement sans frais \u00e0 tous les arch\u00e9ologues : il n\u2019y a pas de pass\u00e9, ni de pr\u00e9sent ou d\u2019avenir quand on prend \u00e0 la lettre les mots d\u2019un texte \u00e9crit il y a 1400 ans.<\/p>\n","protected":false},"excerpt":{"rendered":"<p>Qadya, Irak &#8211; \u00ab Juste avant de violer la jeune fille \u00e2g\u00e9e de 12 ans, ce combattant de l\u2019Etat Islamique a pris le temps d\u2019expliquer que ce qu\u2019il s\u2019appr\u00eatait \u00e0 faire n\u2019\u00e9tait pas un p\u00each\u00e9. Parce que cette pr\u00e9adolescente pratiquait une autre religion que l\u2019Islam, non seulement le Coran lui donnait le droit de la [&hellip;]<\/p>\n","protected":false},"author":6,"featured_media":0,"comment_status":"open","ping_status":"open","sticky":false,"template":"","format":"standard","meta":{"footnotes":""},"categories":[1],"tags":[639,754],"class_list":{"0":"post-837","1":"post","2":"type-post","3":"status-publish","4":"format-standard","6":"category-non-classe","7":"tag-daech","8":"tag-viol"},"_links":{"self":[{"href":"https:\/\/blog.causeur.fr\/bonnetdane\/wp-json\/wp\/v2\/posts\/837","targetHints":{"allow":["GET"]}}],"collection":[{"href":"https:\/\/blog.causeur.fr\/bonnetdane\/wp-json\/wp\/v2\/posts"}],"about":[{"href":"https:\/\/blog.causeur.fr\/bonnetdane\/wp-json\/wp\/v2\/types\/post"}],"author":[{"embeddable":true,"href":"https:\/\/blog.causeur.fr\/bonnetdane\/wp-json\/wp\/v2\/users\/6"}],"replies":[{"embeddable":true,"href":"https:\/\/blog.causeur.fr\/bonnetdane\/wp-json\/wp\/v2\/comments?post=837"}],"version-history":[{"count":0,"href":"https:\/\/blog.causeur.fr\/bonnetdane\/wp-json\/wp\/v2\/posts\/837\/revisions"}],"wp:attachment":[{"href":"https:\/\/blog.causeur.fr\/bonnetdane\/wp-json\/wp\/v2\/media?parent=837"}],"wp:term":[{"taxonomy":"category","embeddable":true,"href":"https:\/\/blog.causeur.fr\/bonnetdane\/wp-json\/wp\/v2\/categories?post=837"},{"taxonomy":"post_tag","embeddable":true,"href":"https:\/\/blog.causeur.fr\/bonnetdane\/wp-json\/wp\/v2\/tags?post=837"}],"curies":[{"name":"wp","href":"https:\/\/api.w.org\/{rel}","templated":true}]}}