{"id":848,"date":"2015-08-30T06:54:35","date_gmt":"2015-08-30T06:54:35","guid":{"rendered":"http:\/\/blog.causeur.fr\/bonnetdane\/?p=848"},"modified":"2021-04-22T18:49:41","modified_gmt":"2021-04-22T16:49:41","slug":"faut-il-quitter-marseille","status":"publish","type":"post","link":"https:\/\/blog.causeur.fr\/bonnetdane\/faut-il-quitter-marseille-848","title":{"rendered":"Faut-il quitter Marseille ?"},"content":{"rendered":"<p>Poncif : les Marseillais ont avec leur ville une relation passionnelle. Amour et haine. Ils se savent diff\u00e9rents. Issus \u2014 et ce n\u2019est pas une formule \u2014 de la \u00ab diversit\u00e9 \u00bb : Proven\u00e7aux, Catalans (un quartier porte leur nom), Corses (pr\u00e8s de 130 000), Italiens divers et d\u2019\u00e9t\u00e9, Arm\u00e9niens r\u00e9fugi\u00e9s ici dans les ann\u00e9es 1920, Pieds-Noirs de toutes origines, en particulier des Juifs S\u00e9farades, Arabes de tout le Maghreb, et depuis quelques ann\u00e9es Comoriens (plus de 100 000) et Asiatiques \u2014 les Chinois occupent lentement le quartier de Belsunce comme ils ont, \u00e0 Paris, occup\u00e9 Belleville, au d\u00e9triment des Maghr\u00e9bins qui y prosp\u00e9raient.<br \/>\nBien. Vision idyllique d\u2019une ville-mosa\u00efque, o\u00f9 tous communient \u2014 si je puis dire \u2014 dans l\u2019amour du foot et du soleil\u2026<br \/>\nMais \u00e7a, dit Jos\u00e9 d\u2019Arrigo dans son dernier livre, \u00e7a, c\u2019\u00e9tait avant.<a href=\"http:\/\/blog.causeur.fr\/bonnetdane\/files\/2015\/08\/ob_dc21eb_wfm-d-arrigo.jpg\"><img loading=\"lazy\" decoding=\"async\" class=\"aligncenter size-full wp-image-853\" src=\"http:\/\/blog.causeur.fr\/bonnetdane\/files\/2015\/08\/ob_dc21eb_wfm-d-arrigo.jpg\" alt=\"\" width=\"190\" height=\"300\" \/><\/a><br \/>\nDans <em>Faut-il quitter Marseille ?<\/em> (L\u2019Artilleur, 2015), l\u2019ex-journaliste de l\u2019ex-<em>M\u00e9ridional<\/em>, o\u00f9 il s\u2019occupait des faits divers en g\u00e9n\u00e9ral et du banditisme en particulier, est volontiers alarmiste. Marseille n\u2019est plus ce qu\u2019elle fut : les quartiers nord (qui ont d\u00e9bord\u00e9 depuis lulure sur le centre \u2014 \u00ab en ville \u00bb, comme on dit ici) regardent les quartiers sud en chiens de fa\u00efence. Et les quartiers sud (o\u00f9 se sont install\u00e9s les Maghr\u00e9bins qui ont r\u00e9ussi, comme la s\u00e9natrice Samia Ghali) se d\u00e9barrasseraient volontiers des quartiers nord, et du centre, et de la porte d\u2019Aix, et des 300 000 clandestins qui s\u2019ajoutent aux 350 000 musulmans officiels de la ville. Comme dit D\u2019Arrigo, le grand remplacement, ici, c\u2019est de l\u2019histoire ancienne. Marseille est devenu le laboratoire de ce qui risque de se passer dans bon nombre de villes. Rappelez-vous Boum\u00e9di\u00e8ne, sugg\u00e8re D\u2019Arrigo : \u00ab Un jour, des millions d&rsquo;hommes quitteront l&rsquo;h\u00e9misph\u00e8re Sud pour aller dans l&rsquo;h\u00e9misph\u00e8re Nord. Et ils n&rsquo;iront pas l\u00e0-bas en tant qu&rsquo;amis. Parce qu&rsquo;ils iront l\u00e0-bas pour le conqu\u00e9rir. Et ils le conquerront avec leurs fils. Le ventre de nos femmes nous donnera la victoire. \u00bb \u00ab Les fanatiques, dit D\u2019Arrigo, ont gagn\u00e9 la guerre des landaus \u00bb. Le fait est que partout, on rencontre des femmes voil\u00e9es propulsant fi\u00e8rement leurs poussettes avec leurs ventres \u00e0 nouveau ronds. Si ce n\u2019est pas uns strat\u00e9gie, \u00e7a y ressemble diablement. D\u2019autant que c\u2019est surtout l\u2019Islam salafiste qui s\u00e9vit ici. Et \u00e0 l\u2019expansion du fondamentalisme, observable \u00e0 vue d\u2019\u0153il dans les gandouras, les barbes, les boucheries hallal, le \u00ab sabir arabo-fran\u00e7ais aux intonations \u00e9ruptives issues du rap \u00bb, les voiles, les burqas qui quadrillent la ville, r\u00e9pond un raidissement de la population autochtone \u2014 y compris des autochtones musulmans, ces Maghr\u00e9bins de premi\u00e8re ou seconde g\u00e9n\u00e9ration, qui, voyant la d\u00e9rive des jeunes qui les rackettent et les menacent, en arrivent tr\u00e8s consciemment \u00e0 inscrire leurs enfants dans les \u00e9coles catholiques et \u00e0 voter FN : \u00ab Ce sont les Arabes qui ont port\u00e9 le FN au pouvoir dans les quartiers nord, pas les Europ\u00e9ens \u00bb.<br \/>\nMarseille est effectivement devenue terre d\u2019Islam, Alger \u00e9voque sans rire la \u00ab wilaya de Marsylia \u00bb, et, dit l\u2019auteur en plaisantant (mais le rire est quelque peu crisp\u00e9), ce sera bient\u00f4t \u00ab Notre-Dame-d\u2019Allah-Garde \u00bb qui dominera la ville. Je l\u2019ai racont\u00e9 moi-m\u00eame ici-m\u00eame \u00e0 maintes reprises. La burqa, ici, c\u2019est tous les jours, partout. Au nez et \u00e0 la barbe de policiers impuissants : il y a si peu d\u2019agents de la force publique que c\u2019en devient une plaisanterie.<br \/>\nEt l\u2019image que j\u2019\u00e9voquais plus haut d\u2019une ville cosmopolite est d\u00e9sormais clairement un mythe : Marseille est une ville o\u00f9 les diverses \u00ab communaut\u00e9s \u00bb s\u2019ignorent (version rose) ou se ha\u00efssent \u2014 version r\u00e9aliste. Marseille, ville pauvre o\u00f9 50% des habitants sont en dessous du seuil d\u2019imposition (contre 13% \u00e0 Lyon, si l\u2019on veut comparer), \u00ab n\u2019en peut plus de ces arriv\u00e9es incessantes de gens venus d\u2019ailleurs, et venant ici rajouter de la mis\u00e8re \u00e0 la mis\u00e8re \u00bb. Ici on ne se m\u00e9lange plus. On s\u2019observe, et parfois on tire. \u00ab Marseille est devenue une redoutable machine \u00e0 d\u00e9sint\u00e9grer apr\u00e8s avoir \u00e9t\u00e9 durant un si\u00e8cle une ville d\u2019immigration et d\u2019assimilation \u00e0 nulle autre pareille. \u00bb<br \/>\nQu\u2019il n\u2019y ait pas de malentendu sur le propos de l\u2019auteur. Il n\u2019est pas dans la nostalgie d\u2019une Canebi\u00e8re proven\u00e7ale et d\u2019un Quai de Rive-Neuve o\u00f9 C\u00e9sar et Escartefigue jouaient \u00e0 la p\u00e9tanque (un mythe, \u00e7a aussi). Il regrette la ville de son enfance (et de la mienne), o\u00f9 tous les gosses allaient en classe et \u00e0 la cantine sans se soucier du hallal ou du casher, et draguaient les cagoles de toutes origines sans penser qu&rsquo;elles \u00e9taient \u00ab\u00a0impures \u00bb.<br \/>\nResponsabilit\u00e9 \u00e9crasante des politiques, qui durant trois d\u00e9cennies ont syst\u00e9matiquement favoris\u00e9 ceux qu\u2019ils consid\u00e9raient comme les plus faibles. Marseille a \u00e9t\u00e9 le laboratoire de la discrimination positive, et aujourd\u2019hui encore, les r\u00e9flexes des politiciens qui financent des associations siphonneuses de subventions sont les m\u00eames. \u00ab On a substitu\u00e9 \u00e0 la la\u00efcit\u00e9 et \u00e0 l\u2019assimilation volontaire, qui nagu\u00e8re faisait autorit\u00e9, le communautarisme et le droit \u00e0 la diff\u00e9rence \u00bb. \u00ab Cacophonie identitaire \u00bb et \u00ab d\u00e9francisation \u00bb, \u00ab d\u00e9sassimilation \u00bb.<br \/>\nComment en est-on arriv\u00e9 l\u00e0 ? L\u2019auteur d\u00e9nonce avec force la substitution, \u00e0 des savoirs patiemment instill\u00e9s, du \u00ab p\u00e9ril de cette \u00e9poque insignifiante gav\u00e9e de distractions massives : le vide, le vertige du vide \u00bb. Je faisais il y a peu la m\u00eame analyse, \u00e0 partir du livre de Lipovetsky.<br \/>\nD\u2019o\u00f9 la fuite de tous ceux qui, \u00ab d\u00e8s qu\u2019ils ont quatre sous, d\u00e9sertent la ville et s\u2019installent \u00e0 la campagne \u00bb. Vers Saint-Maximin, Cassis, ou autour d\u2019Aix \u2014 ou plus loin : des milliers de Juifs par exemple ont fait leur Alya et sont partis en Isra\u00ebl, et les Corses se r\u00e9installent dans les villages de leurs parents. Mais \u00ab dans ces conditions, des quartiers entiers de Marseille risquent de se ghetto\u00efser. \u00bb Ma foi, c\u2019est d\u00e9j\u00e0 fait.<br \/>\nEt si la ville n\u2019a pas explos\u00e9, c\u2019est qu\u2019il y r\u00e8gne un \u00ab ordre narcotique \u00bb auquel veillent les trafiquants, peu soucieux de voir s\u2019instaurer un d\u00e9sordre peu propice au petit commerce du shit \u2014 une activit\u00e9 parall\u00e8le qui g\u00e9n\u00e8re chaque ann\u00e9e des dizaines de millions d\u2019euros. L\u2019Etat en tout cas n\u2019existe plus d\u00e9j\u00e0 dans 7 arrondissements sur 16, o\u00f9 les gangs, narco-trafiquants infiltr\u00e9s de djihadistes potentiels, font r\u00e9gner l\u2019ordre \u2014 c\u2019est-\u00e0-dire le d\u00e9sordre des institutions. Quant \u00e0 l\u2019\u00e9cole, \u00ab elle a sombr\u00e9 \u00bb. Effectivement, les truands ne voient pas d\u2019un bon \u0153il que certains leur \u00e9chappent en tentant de s\u2019instruire. D\u2019ailleurs, ceux qui y parviennent sont les premiers \u00e0 \u00ab quitter Marseille \u00bb.<br \/>\nLes solutions existent \u2014 \u00e0 commencer par un coup de balai sur cette classe politique phoc\u00e9enne corrompue jusqu\u2019aux os, qui entretient un syst\u00e8me mafieux en attendant qu\u2019il explose. La candidature d\u2019Arnaud Montebourg en Mr Propre, \u00e9voqu\u00e9e par D\u2019Arrigo, me para\u00eet improbable : il n\u2019y a ici que des coups \u00e0 prendre. L\u2019arriv\u00e9e aux commandes de Musulmans mod\u00e9r\u00e9s est plus probable : le <em>Soumission<\/em> de Houellebecq commencera ici.<br \/>\nEt pour que les bonnes \u00e2mes qui croient que ce blog est islamophobe cessent de douter, je recopie, pour finir, une anecdote significative \u2014 mais le livre en est bourr\u00e9, et Marseille en fournit tous les jours.<br \/>\n\u00ab \u00c0 la Castellane, la cit\u00e9 de Zinedine Zidane, les policiers sont appel\u00e9s de nuit par une m\u00e8re affol\u00e9e. Sa fillette de 10 ans est tomb\u00e9e par m\u00e9garde du deuxi\u00e8me \u00e9tage et elle a les deux jambes bris\u00e9es. Il faut la soigner de toute urgence et la conduire \u00e0 l\u2019h\u00f4pital. L\u2019ambulance des marins-pompiers et la voiture de police qui l\u2019escorte sont arr\u00eat\u00e9es par le chouf [le guetteur, pour les caves qui ne connaissent pas l\u2019argot des cit\u00e9s] douanier \u00e0 l\u2019entr\u00e9e de la cit\u00e9. Lui, il s\u2019en moque que la gamine meure ou pas. Il va parlementer une demi-heure avec les policiers et les pompiers et les obliger \u00e0 abandonner leurs v\u00e9hicules pour se rendre \u00e0 pied au chevet de la bless\u00e9e. \u00ab Je rongeais mon frein, raconte un jeune flic qui participait au sauvetage, je me disais dans mon for int\u00e9rieur, ce n\u2019est pas possible, ces salauds, il faut les mater une fois pour toutes, j\u2019enrageais de voir un petit ca\u00efd de banlieue jouir avec arrogance de son pouvoir en nous maintenant \u00e0 la porte. Ce qu\u2019il voulait signifier, ce petit con, c\u2019\u00e9tait tr\u00e8s clair : les patrons, ici, c\u2019est nous. Et vous, les keufs, vous n\u2019avez rien \u00e0 faire ici\u2026 \u00bb \u00bb<br \/>\n\u00c0 bon entendeur\u2026<\/p>\n<p>Jean-Paul Brighelli<\/p>\n","protected":false},"excerpt":{"rendered":"<p>Poncif : les Marseillais ont avec leur ville une relation passionnelle. Amour et haine. Ils se savent diff\u00e9rents. Issus \u2014 et ce n\u2019est pas une formule \u2014 de la \u00ab diversit\u00e9 \u00bb : Proven\u00e7aux, Catalans (un quartier porte leur nom), Corses (pr\u00e8s de 130 000), Italiens divers et d\u2019\u00e9t\u00e9, Arm\u00e9niens r\u00e9fugi\u00e9s ici dans les ann\u00e9es [&hellip;]<\/p>\n","protected":false},"author":6,"featured_media":0,"comment_status":"open","ping_status":"open","sticky":false,"template":"","format":"standard","meta":{"footnotes":""},"categories":[1],"tags":[91,763,761,61,762],"class_list":{"0":"post-848","1":"post","2":"type-post","3":"status-publish","4":"format-standard","6":"category-non-classe","7":"tag-communautarisme","8":"tag-grand-remplacement","9":"tag-jose-darrigo","10":"tag-marseille","11":"tag-salafisme"},"_links":{"self":[{"href":"https:\/\/blog.causeur.fr\/bonnetdane\/wp-json\/wp\/v2\/posts\/848","targetHints":{"allow":["GET"]}}],"collection":[{"href":"https:\/\/blog.causeur.fr\/bonnetdane\/wp-json\/wp\/v2\/posts"}],"about":[{"href":"https:\/\/blog.causeur.fr\/bonnetdane\/wp-json\/wp\/v2\/types\/post"}],"author":[{"embeddable":true,"href":"https:\/\/blog.causeur.fr\/bonnetdane\/wp-json\/wp\/v2\/users\/6"}],"replies":[{"embeddable":true,"href":"https:\/\/blog.causeur.fr\/bonnetdane\/wp-json\/wp\/v2\/comments?post=848"}],"version-history":[{"count":0,"href":"https:\/\/blog.causeur.fr\/bonnetdane\/wp-json\/wp\/v2\/posts\/848\/revisions"}],"wp:attachment":[{"href":"https:\/\/blog.causeur.fr\/bonnetdane\/wp-json\/wp\/v2\/media?parent=848"}],"wp:term":[{"taxonomy":"category","embeddable":true,"href":"https:\/\/blog.causeur.fr\/bonnetdane\/wp-json\/wp\/v2\/categories?post=848"},{"taxonomy":"post_tag","embeddable":true,"href":"https:\/\/blog.causeur.fr\/bonnetdane\/wp-json\/wp\/v2\/tags?post=848"}],"curies":[{"name":"wp","href":"https:\/\/api.w.org\/{rel}","templated":true}]}}