{"id":858,"date":"2015-09-09T04:54:47","date_gmt":"2015-09-09T04:54:47","guid":{"rendered":"http:\/\/blog.causeur.fr\/bonnetdane\/?p=858"},"modified":"2021-04-22T18:49:41","modified_gmt":"2021-04-22T16:49:41","slug":"du-flou-et-de-lenfumage","status":"publish","type":"post","link":"https:\/\/blog.causeur.fr\/bonnetdane\/du-flou-et-de-lenfumage-858","title":{"rendered":"Du flou et de l&rsquo;enfumage"},"content":{"rendered":"<p>Vous rappelez-vous David Hamilton ? Il photographiait des nymphettes nimb\u00e9es de flou, dans les ann\u00e9es 60-70. \u00c0 son exemple nous d\u00e9posions pieusement un peu de vapeur fugace sur nos objectifs pour aur\u00e9oler nos photos d\u2019un brouillard qui gommait les asp\u00e9rit\u00e9s et les \u00e9ventuelles vergetures\u2026<a href=\"http:\/\/blog.causeur.fr\/bonnetdane\/files\/2015\/09\/tumblr_ncr85309DG1s6ltnfo1_1280-150x150.jpg\"><img loading=\"lazy\" decoding=\"async\" class=\"aligncenter size-full wp-image-865\" src=\"http:\/\/blog.causeur.fr\/bonnetdane\/files\/2015\/09\/tumblr_ncr85309DG1s6ltnfo1_1280-150x150.jpg\" alt=\"\" width=\"150\" height=\"150\" \/><\/a><br \/>\nFran\u00e7ois Hollande, qui a peu ou prou mon \u00e2ge, a-t-il r\u00eav\u00e9 lui aussi, dans sa chambre d\u2019adolescent, \u00e0 ces cr\u00e9atures improbables (Hamilton pr\u00e9tendait qu\u2019il les lui fallait vierges, sinon l\u2019aura naturelle disparaissait) punais\u00e9es contre son mur ? En tout cas il est pass\u00e9 ma\u00eetre dans le flou et l\u2019enfumage. Et quand des journalistes se la jouent \u00e0 l\u2019am\u00e9ricaine et ne se satisfont pas de ce gommage des contours, de cette absence radicale de pr\u00e9cision, \u00e7a l\u2019agace \u2014 \u00e7a l\u2019\u00e9nerve m\u00eame. Du coup, m\u00eame en raccourcissant l\u2019exercice, il n\u2019\u00e9vite pas l\u2019ennui. Le n\u00f4tre, et, visiblement, le sien.<a href=\"http:\/\/blog.causeur.fr\/bonnetdane\/files\/2015\/09\/hollande.jpg\"><img loading=\"lazy\" decoding=\"async\" class=\"aligncenter size-medium wp-image-866\" src=\"http:\/\/blog.causeur.fr\/bonnetdane\/files\/2015\/09\/hollande-300x180.jpg\" alt=\"\" width=\"300\" height=\"180\" srcset=\"https:\/\/blog.causeur.fr\/bonnetdane\/wp-content\/uploads\/sites\/25\/2015\/09\/hollande-300x180.jpg 300w, https:\/\/blog.causeur.fr\/bonnetdane\/wp-content\/uploads\/sites\/25\/2015\/09\/hollande.jpg 1000w\" sizes=\"auto, (max-width: 300px) 100vw, 300px\" \/><\/a><br \/>\nLa derni\u00e8re conf\u00e9rence de presse de Moi-Pr\u00e9sident a \u00e9t\u00e9 une tr\u00e8s jolie d\u00e9monstration d\u2019art hamiltonien. Des impr\u00e9cisions partout, du non-dit en filigrane. Des r\u00e9ductions d\u2019imp\u00f4ts financ\u00e9es par des \u00ab \u00e9conomies \u00bb \u2014 sur quoi ? Et pour qui \u2014 apparemment, pour ceux qui d\u00e9j\u00e0 ne paient pas d\u2019imp\u00f4t sur le revenu, les classes moyennes attendront la semaine des quatre jeudis\u2026 En attendant, on ne touche pas \u00e0 la TVA, le plus injuste de tous les imp\u00f4ts \u2014 mais celui qui fait rentrer le plus de p\u00e9pettes \u2014 ni \u00e0 la CSG\/CRDS : bricolage et racolage sont les deux mamelles de la politique hollandiste. Une r\u00e9forme du code du travail mais sans toucher \u00e0 l\u2019essentiel \u2014 pourquoi diable l\u2019engager ? Peut-\u00eatre une r\u00e9forme du mode de scrutin \u2014 mais ce n\u2019est pas s\u00fbr. Quant au ch\u00f4mage\u2026 Le jour m\u00eame paraissait un sondage qui \u00e9tait dans toutes les t\u00eates (et forc\u00e9ment dans la sienne) qui l\u2019\u00e9liminait du second tour des pr\u00e9sidentielles dans tous les cas de figures. Alors, Lui-candidat ? \u00abLa baisse du ch\u00f4mage est \u00ab une exigence morale \u00bb \u2014 pour les r\u00e9alisations pratiques, on verra plus tard. Et pour le pacte de responsabilit\u00e9, dont on attend toujours les mirifiques r\u00e9sultats, on verra plus tard s\u2019il faut le r\u00e9viser. Gouverner, c\u2019est lanterner.<a href=\"http:\/\/blog.causeur.fr\/bonnetdane\/files\/2015\/09\/hollande9_1.jpg\"><img loading=\"lazy\" decoding=\"async\" class=\"aligncenter size-full wp-image-867\" src=\"http:\/\/blog.causeur.fr\/bonnetdane\/files\/2015\/09\/hollande9_1.jpg\" alt=\"\" width=\"221\" height=\"122\" \/><\/a><br \/>\nAh, mais quand m\u00eame, on essaiera de ratifier la charte europ\u00e9enne sur les langues r\u00e9gionales. \u00c7a, c\u2019est pr\u00e9sidentiel. Et on engagera la r\u00e9forme du Conseil sup\u00e9rieur de la magistrature, dont tout le monde se fiche.<br \/>\nRestait les questions internationales. Nos avions vont survoler la Syrie : s\u00fbr que \u00e7a dissuadera Daech de dynamiter d\u2019autres temples \u00e0 Palmyre, et de d\u00e9capiter d\u2019autres populations antagonistes. Parce qu\u2019il n\u2019est pas question d\u2019aider Bachar, toujours qualifi\u00e9 de n\u0153ud du probl\u00e8me \u2014 hier encore sur i-t\u00e9l\u00e9 par cet immense strat\u00e8ge qu\u2019est Bernard-Henri L\u00e9vy, l\u2019homme gr\u00e2ce \u00e0 qui la Libye a \u00e9t\u00e9 rendue \u00e0 la paix et \u00e0 l\u2019harmonie : \u00e0 ceci pr\u00e8s que si Bachar saute, l\u2019Etat islamique se fera un plaisir de massacrer deux \u00e0 trois millions d\u2019alaouites, et deux millions de chr\u00e9tiens. On survole \u2014 c\u2019est tout un symbole. On accueille 24 000 r\u00e9fugi\u00e9s sur deux ans (quantitativement, ce n\u2019est rien, juste de quoi faire pousser des cris d\u2019orfraie \u00e0 une opposition pas bien droite dans ses bottes), on adh\u00e8re aux quotas sans le dire, on reste fid\u00e8le \u00e0 son \u00e9tat de marionnette de Merkel, et surtout, surtout, on n\u2019ira pas sugg\u00e9rer aux monarchies arabes d\u2019accueillir des r\u00e9fugi\u00e9s chass\u00e9s par un Etat islamique qu\u2019elles financent. Faudrait pas les dissuader de nous acheter de co\u00fbteux joujoux.<a href=\"http:\/\/blog.causeur.fr\/bonnetdane\/files\/2015\/09\/Francois-Hollande-sa-conference-de-presse-a-l-Elysee-en-live-_portrait_w674.jpg\"><img loading=\"lazy\" decoding=\"async\" class=\"aligncenter size-medium wp-image-868\" src=\"http:\/\/blog.causeur.fr\/bonnetdane\/files\/2015\/09\/Francois-Hollande-sa-conference-de-presse-a-l-Elysee-en-live-_portrait_w674-300x222.jpg\" alt=\"\" width=\"300\" height=\"222\" srcset=\"https:\/\/blog.causeur.fr\/bonnetdane\/wp-content\/uploads\/sites\/25\/2015\/09\/Francois-Hollande-sa-conference-de-presse-a-l-Elysee-en-live-_portrait_w674-300x222.jpg 300w, https:\/\/blog.causeur.fr\/bonnetdane\/wp-content\/uploads\/sites\/25\/2015\/09\/Francois-Hollande-sa-conference-de-presse-a-l-Elysee-en-live-_portrait_w674.jpg 674w\" sizes=\"auto, (max-width: 300px) 100vw, 300px\" \/><\/a><br \/>\nEt on organisera des conf\u00e9rences internationales \u2014 \u00e7a, on adore. Sur le climat, encore qu\u2019il y ait \u00ab des risques d\u2019\u00e9chec \u00bb. Enfumons, ilk en restera toujours quelque chose \u2014 sur la photo. Sur l\u2019Ukraine, o\u00f9 tout se passe bien, comme chacun sait, ce qui devrait permettre de lever les sanctions contre la Russie et \u00e0 Poutine d\u2019acheter \u00e0 nouveau du cochon fran\u00e7ais, ou sur les migrants. \u00c7a laissera \u00e0 jean Raspail (avez-vous lu le Camp des saints ?) le temps d\u2019avoir totalement raison. \u00c7a me rappelle les d\u00e9bats sur le sexe des anges pendant que les Turcs assi\u00e9geaient Constantinople.<br \/>\nEt pour finir on donne rendez-vous avec un petit ton narquois : \u00ab Je vous dis \u00e0 la prochaine conf\u00e9rence pour d\u2019autres questions qui peuvent ressembler \u00e0 celles qui ont \u00e9t\u00e9 pos\u00e9es aujourd\u2019hui. \u00bb Mais dis-moi, coco, si \u00e7a ne te pla\u00eet pas, rien ne t\u2019emp\u00eache de d\u00e9missionner \u2014 ou en tout cas de ne pas tenter de revenir en 2017.<\/p>\n","protected":false},"excerpt":{"rendered":"<p>Vous rappelez-vous David Hamilton ? Il photographiait des nymphettes nimb\u00e9es de flou, dans les ann\u00e9es 60-70. \u00c0 son exemple nous d\u00e9posions pieusement un peu de vapeur fugace sur nos objectifs pour aur\u00e9oler nos photos d\u2019un brouillard qui gommait les asp\u00e9rit\u00e9s et les \u00e9ventuelles vergetures\u2026 Fran\u00e7ois Hollande, qui a peu ou prou mon \u00e2ge, a-t-il r\u00eav\u00e9 [&hellip;]<\/p>\n","protected":false},"author":6,"featured_media":0,"comment_status":"open","ping_status":"open","sticky":false,"template":"","format":"standard","meta":{"footnotes":""},"categories":[1],"tags":[768,769,33,278],"class_list":{"0":"post-858","1":"post","2":"type-post","3":"status-publish","4":"format-standard","6":"category-non-classe","7":"tag-conference-de-presse","8":"tag-david-hamilton","9":"tag-hollande","10":"tag-syrie"},"_links":{"self":[{"href":"https:\/\/blog.causeur.fr\/bonnetdane\/wp-json\/wp\/v2\/posts\/858","targetHints":{"allow":["GET"]}}],"collection":[{"href":"https:\/\/blog.causeur.fr\/bonnetdane\/wp-json\/wp\/v2\/posts"}],"about":[{"href":"https:\/\/blog.causeur.fr\/bonnetdane\/wp-json\/wp\/v2\/types\/post"}],"author":[{"embeddable":true,"href":"https:\/\/blog.causeur.fr\/bonnetdane\/wp-json\/wp\/v2\/users\/6"}],"replies":[{"embeddable":true,"href":"https:\/\/blog.causeur.fr\/bonnetdane\/wp-json\/wp\/v2\/comments?post=858"}],"version-history":[{"count":0,"href":"https:\/\/blog.causeur.fr\/bonnetdane\/wp-json\/wp\/v2\/posts\/858\/revisions"}],"wp:attachment":[{"href":"https:\/\/blog.causeur.fr\/bonnetdane\/wp-json\/wp\/v2\/media?parent=858"}],"wp:term":[{"taxonomy":"category","embeddable":true,"href":"https:\/\/blog.causeur.fr\/bonnetdane\/wp-json\/wp\/v2\/categories?post=858"},{"taxonomy":"post_tag","embeddable":true,"href":"https:\/\/blog.causeur.fr\/bonnetdane\/wp-json\/wp\/v2\/tags?post=858"}],"curies":[{"name":"wp","href":"https:\/\/api.w.org\/{rel}","templated":true}]}}