{"id":864,"date":"2015-09-14T09:45:22","date_gmt":"2015-09-14T09:45:22","guid":{"rendered":"http:\/\/blog.causeur.fr\/bonnetdane\/?p=864"},"modified":"2021-04-22T18:49:41","modified_gmt":"2021-04-22T16:49:41","slug":"mea-culpa-mea-magnissima-culpa","status":"publish","type":"post","link":"https:\/\/blog.causeur.fr\/bonnetdane\/mea-culpa-mea-magnissima-culpa-864","title":{"rendered":"Mea Culpa, Mea Magnissima Culpa"},"content":{"rendered":"<p>Je me suis procur\u00e9, par des voies presque d\u00e9lictueuses, le brouillon d\u2019une lettre que Najat Vallaud-Belkacem projette d\u2019adresser \u00e0 tous les instituteurs de France, de Navarre et d\u2019Outremer \u2014 et qu\u2019elle leur adressera s\u00fbrement, d\u00e8s qu\u2019elle l\u2019aura lue ici\u2026<\/p>\n<p>\u00ab\u00a0Chers ma\u00eetres et ma\u00eetresses d\u2019\u00e9cole,<\/p>\n<p>\u00ab\u00a0Vous l\u2019avouerai-je ? Quand j\u2019ai \u00e9t\u00e9 nomm\u00e9e ministre de l\u2019Education nationale, je ne connaissais rien de l\u2019Ecole. Rien que ce que j\u2019y avais appris. Je m\u2019en suis donc remise \u00e0 des conseillers qui pour les uns \u00e9taient des gestionnaires et n\u2019en savaient pas davantage, et qui pour les autres \u00e9taient des id\u00e9ologues born\u00e9s \u2014 mais comment aurais-je su que les gourous du SGEN qui m\u2019\u00e9taient recommand\u00e9s ne repr\u00e9sentaient qu\u2019eux-m\u00eames et leurs lubies ? Un ministre n\u2019est en g\u00e9n\u00e9ral choisi que pour son incomp\u00e9tence et son sourire \u2014 deux qualit\u00e9s qui ne me font pas d\u00e9faut. Je suis fi\u00e8re d\u2019appartenir \u00e0 un gouvernement qui s\u2019appuie sur des vrais principes \u2014 par exemple le principe de Peter.<br \/>\n\u00ab\u00a0D\u2019o\u00f9 des exp\u00e9rimentations qui en ont surpris plus d\u2019un, comme cette r\u00e9forme du coll\u00e8ge qui apparemment n\u2019\u00e9tait ni faite ni \u00e0 faire. J\u2019aurais d\u00fb restaurer l\u2019Ecole des ann\u00e9es 1980, celle qui a permis \u00e0 la petite maghr\u00e9bine d\u00e9sh\u00e9rit\u00e9e \u2014 au sens bourdieusien, bien s\u00fbr, apr\u00e8s tout j\u2019ai fait Sciences-Po \u2014 que j\u2019\u00e9tais de devenir\u2026 ce que je suis devenue : une surdou\u00e9e de la langue de bois et des contre-v\u00e9rit\u00e9s souriantes.<br \/>\n\u00ab\u00a0Tout cela pour vous dire, chers professeurs des \u00e9coles\u2026<br \/>\n\u00ab\u00a0Un tout r\u00e9cent rapport \u00e9crit par deux femmes (j\u2019en suis heureuse !), Sandrine Garcia et Anne-Claudine Oller, m\u2019a ouvert les yeux sur les d\u00e9cisions que l\u2019on me fait prendre depuis bient\u00f4t deux ans. J\u2019\u00e9tais chez le coiffeur quand je l\u2019ai parcouru \u2014 sinon, on m\u2019en aurait fait une note de synth\u00e8se \u00e9dulcorante. J\u2019en avais lu le compte-rendu dans <em><a href=\"http:\/\/www.lemonde.fr\/livres\/article\/2015\/08\/27\/ecole-primaire-la-fabrique-des-dyslexiques_4738024_3260.html#1fqzuGzDgjdZlVu1.99\">le Monde des Livres<\/a><\/em> fin ao\u00fbt \u2014 et le lendemain, Natacha Polony, la journaliste que l\u2019on aime ha\u00efr, <a href=\"http:\/\/www.europe1.fr\/emissions\/la-revue-de-presse\/lecologie-est-ailleurs-2506747\">en parlait<\/a> avec cette ironie benoite qu\u2019elle affectionne et qui nous exasp\u00e8re tous. <a href=\"http:\/\/www.liberation.fr\/societe\/2015\/08\/31\/anne-claudine-oller-et-sandrine-garcia-il-y-a-une-instrumentalisation-politique-de-l-apprentissage-d_1373041\">Un article de <em>Lib\u00e9<\/em><\/a>, l\u2019autre journal officiel de la d\u00e9mocratie PS, en r\u00e9sume ainsi les conclusions : \u00bbDes m\u00e9thodes dites progressistes, cens\u00e9es lutter contre les in\u00e9galit\u00e9s sociales, les renforcent au contraire. \u00bb Et cette semaine, Eric Conan, le journaliste que l\u2019on aime d\u00e9tester, <a href=\"http:\/\/www.marianne.net\/ecole-ses-khmers-100236807.html\">en remet une couche<\/a> dans <em>Marianne<\/em>.<br \/>\n\u00ab\u00a0Ciel ! On m\u2019aurait tromp\u00e9e \u00e0 l\u2019insu de mon plein gr\u00e9 ?<\/p>\n<p>\u00ab\u00a0Il s\u2019agit bien s\u00fbr de m\u00e9thodes de lecture.<br \/>\n\u00ab\u00a0Que disent ces deux chercheuses qui ont appuy\u00e9 leur \u00e9tude sur une exp\u00e9rimentation s\u00e9rieuse, trois ans durant ?<br \/>\n\u00ab\u00a0Que les m\u00e9thodes modernes, celles par lesquelles on a appris \u00e0 lire \u00e0 ces 17% d\u2019illettr\u00e9s de Sixi\u00e8me qui forment l\u2019essentiel des 140 000 gosses balanc\u00e9s \u00e0 la rue fin Troisi\u00e8me, sont \u00ab g\u00e9n\u00e9ratrices d\u2019\u00e9checs massifs \u00bb. Et qu\u2019elles d\u00e9savantagent particuli\u00e8rement les \u00e9l\u00e8ves qui comme moi ou Jean-Paul Brighelli, le chroniqueur que l\u2019on aime abhorrer, sont d\u2019origine populaire. Ces deux dames ont finalement recouru, avec succ\u00e8s, \u00e0 des m\u00e9thodes utilis\u00e9es dans les ann\u00e9es 1930, au d\u00e9chiffrage patient, au b-a-ba, et au travail \u2014 r\u00e9p\u00e9ter, apprendre, et r\u00e9p\u00e9ter encore. Stup\u00e9fiant, non ?<br \/>\n\u00ab\u00a0Cela, \u00e0 vrai dire, je l\u2019avais bien entendu dans la bouche des pseudo-zintellectuels qui tirent \u00e0 boulets rouges sur mes r\u00e9formes. Et je n\u2019en croyais rien. Mais l\u00e0, ces deux chercheuses (des femmes, c\u2019est merveilleux !) enfoncent le clou l\u00e0 o\u00f9 \u00e7a fait mal (mais peut-\u00eatre un clou fait-il toujours mal ?). \u00ab L\u2019\u00e9vitement du travail scolaire \u00bb, \u00e9crivent-elles, \u00ab renforce les in\u00e9galit\u00e9s \u00bb. C\u2019est \u00e0 n\u2019y pas croire : quand on ne fait pas travailler les \u00e9l\u00e8ves, ils n\u2019apprennent rien ! Sid\u00e9rant ! Et la \u00ab p\u00e9dagogie de la r\u00e9ussite \u00bb, si bien vendue par Meirieu, Dubet, Establet and co., en abaissant les attentes, produit des catastrophes. Si !<br \/>\n\u00ab\u00a0On m\u2019a vendu \u2014 comme \u00e0 mes pr\u00e9d\u00e9cesseurs \u2014 l\u2019id\u00e9e que \u00ab l\u2019activit\u00e9 de d\u00e9chiffrage des syllabes \u00bb avait sur les \u00e9l\u00e8ves le m\u00eame effet que le travail \u00e0 la cha\u00eene sur les prol\u00e9taires. Et qu\u2019il fallait s\u2019obstiner et \u00e9ventuellement livrer les innombrables victimes des m\u00e9thodes \u00ab progressistes \u00bb aux \u00ab professionnels de la psychologie de l\u2019\u00e9chec scolaire \u00bb. C\u2019est au moins \u00e7a d\u2019acquis : nous avons fourni aux orthophonistes une client\u00e8le captive in\u00e9puisable.<br \/>\n\u00ab\u00a0Et elles en rajoutent, ces chipies : \u00ab Le progressisme, disent-elles, n\u2019est pas toujours associ\u00e9 \u00e0 ce qui fait progresser les \u00e9l\u00e8ves mais \u00e0 ce qui a \u00e9t\u00e9 construit et impos\u00e9 comme \u00ab p\u00e9dagogiquement de gauche \u00bb \u00bb.<br \/>\n\u00ab\u00a0\u00c7a me rappelle la critique de Philippe Tournier, qui dirige le SNPDEN, le principal syndicat des chefs d\u2019\u00e9tablissements, \u00e0 propos de ma r\u00e9forme du coll\u00e8ge : \u00ab On prend des d\u00e9cisions sur la base de croyances de mani\u00e8re purement id\u00e9ologique \u00bb.<br \/>\nMais si c\u2019est vrai, c\u2019est grave ! Que m\u2019a-t-on fait signer ? Je n\u2019ai pas envie qu\u2019aux l\u00e9gislatives de 2017, \u00e0 Villeurbanne, je retrouve mes bulletins barr\u00e9s d\u2019un \u00ab R\u00e9forme du coll\u00e8ge \u00bb rageur !<\/p>\n<p>\u00ab\u00a0Que faire ? Imposer aux ESPE l\u2019apprentissage syst\u00e9matique des m\u00e9thodes <em>explicites<\/em>, c&rsquo;est-\u00e0-dire alpha-syllabiques ? Acheter en masse <a href=\"http:\/\/www.instruire.fr\/WD160AWP\/WD160Awp.exe\/CONNECT\/Grip_1?_WWREFERER_=&amp;_WWNATION_=5\">les livres \u00e9crits par le GRIP<\/a> \u2014 et qui font merveille, para\u00eet-il ? Pendre par les pieds tous les p\u00e9dagogues de malheur qui m\u2019ont donn\u00e9 leurs vessies comme lanternes ?<br \/>\n\u00ab\u00a0Ah, c\u2019est compliqu\u00e9, la vie d\u2019un ministre !<br \/>\n\u00ab\u00a0Tiens, je retourne chez le coiffeur \u2014 c\u2019est encore l\u00e0 que je pense le mieux.\u00a0\u00bb<\/p>\n<p>PS. Heu\u2026 On me dit que \u00ab\u00a0magnissima\u00a0\u00bb culpa, cela ne se dit pas. \u00ab\u00a0Maxima\u00a0\u00bb, me dit l&rsquo;une de mes conseill\u00e8res, qui a fait une kh\u00e2gne et Normale Sup par dessus le march\u00e9. Mais que voulez-vous, je ne connais pas grand-chose au latin \u2014 c&rsquo;est d&rsquo;ailleurs pour \u00e7a que je l&rsquo;interdis pratiquement aux autres.\u00a0\u00bb<\/p>\n<p>Pcc : Jean-Paul Brighelli<\/p>\n<p><a href=\"http:\/\/blog.causeur.fr\/bonnetdane\/files\/2015\/09\/9782021280555.jpg\"><img loading=\"lazy\" decoding=\"async\" class=\"aligncenter size-full wp-image-871\" src=\"http:\/\/blog.causeur.fr\/bonnetdane\/files\/2015\/09\/9782021280555.jpg\" alt=\"\" width=\"93\" height=\"150\" \/><\/a>Sandrine Garcia et Anne-Claudine Oller, <em>R\u00e9apprendre \u00e0 lire<\/em>, Seuil, 2015.<\/p>\n","protected":false},"excerpt":{"rendered":"<p>Je me suis procur\u00e9, par des voies presque d\u00e9lictueuses, le brouillon d\u2019une lettre que Najat Vallaud-Belkacem projette d\u2019adresser \u00e0 tous les instituteurs de France, de Navarre et d\u2019Outremer \u2014 et qu\u2019elle leur adressera s\u00fbrement, d\u00e8s qu\u2019elle l\u2019aura lue ici\u2026 \u00ab\u00a0Chers ma\u00eetres et ma\u00eetresses d\u2019\u00e9cole, \u00ab\u00a0Vous l\u2019avouerai-je ? Quand j\u2019ai \u00e9t\u00e9 nomm\u00e9e ministre de l\u2019Education nationale, [&hellip;]<\/p>\n","protected":false},"author":6,"featured_media":0,"comment_status":"open","ping_status":"open","sticky":false,"template":"","format":"standard","meta":{"footnotes":""},"categories":[1],"tags":[771,608,773,774,461,12,772,770],"class_list":{"0":"post-864","1":"post","2":"type-post","3":"status-publish","4":"format-standard","6":"category-non-classe","7":"tag-anne-claudine-oller","8":"tag-constructivisme","9":"tag-dubet","10":"tag-dyslexie","11":"tag-ideologie","12":"tag-meirieu","13":"tag-methodes-de-lecture","14":"tag-sandrine-garcia"},"_links":{"self":[{"href":"https:\/\/blog.causeur.fr\/bonnetdane\/wp-json\/wp\/v2\/posts\/864","targetHints":{"allow":["GET"]}}],"collection":[{"href":"https:\/\/blog.causeur.fr\/bonnetdane\/wp-json\/wp\/v2\/posts"}],"about":[{"href":"https:\/\/blog.causeur.fr\/bonnetdane\/wp-json\/wp\/v2\/types\/post"}],"author":[{"embeddable":true,"href":"https:\/\/blog.causeur.fr\/bonnetdane\/wp-json\/wp\/v2\/users\/6"}],"replies":[{"embeddable":true,"href":"https:\/\/blog.causeur.fr\/bonnetdane\/wp-json\/wp\/v2\/comments?post=864"}],"version-history":[{"count":0,"href":"https:\/\/blog.causeur.fr\/bonnetdane\/wp-json\/wp\/v2\/posts\/864\/revisions"}],"wp:attachment":[{"href":"https:\/\/blog.causeur.fr\/bonnetdane\/wp-json\/wp\/v2\/media?parent=864"}],"wp:term":[{"taxonomy":"category","embeddable":true,"href":"https:\/\/blog.causeur.fr\/bonnetdane\/wp-json\/wp\/v2\/categories?post=864"},{"taxonomy":"post_tag","embeddable":true,"href":"https:\/\/blog.causeur.fr\/bonnetdane\/wp-json\/wp\/v2\/tags?post=864"}],"curies":[{"name":"wp","href":"https:\/\/api.w.org\/{rel}","templated":true}]}}