{"id":870,"date":"2015-09-19T04:34:02","date_gmt":"2015-09-19T04:34:02","guid":{"rendered":"http:\/\/blog.causeur.fr\/bonnetdane\/?p=870"},"modified":"2021-04-22T18:49:41","modified_gmt":"2021-04-22T16:49:41","slug":"les-salons-auxquels-vous-avez-echappe","status":"publish","type":"post","link":"https:\/\/blog.causeur.fr\/bonnetdane\/les-salons-auxquels-vous-avez-echappe-870","title":{"rendered":"Les Salons auxquels vous avez \u00e9chapp\u00e9"},"content":{"rendered":"<p><em>C\u2019\u00e9tait mardi dernier, chez<\/em> la M\u00e8re Buonavista<em>, l\u2019une des meilleures pizzerias de Marseille \u2014 \u00e0 Castellane. Je devisais avec Fran\u00e7oise Guichard, coll\u00e8gue ch\u00e8re et pr\u00e9sidente de <\/em><a href=\"http:\/\/www.r-lecole.fr\/\">Reconstruire l\u2019\u00e9cole<\/a><em> \u2014 un slogan que nous partageons tous, sauf avec les gens du PS qui se le sont annex\u00e9s afin de ne pas le mettre en pratique. Apr\u00e8s avoir discut\u00e9 avec l\u2019un des serveurs des m\u00e9rites de la charcuterie de montagne qu\u2019il achetait \u00e0 la Porta d\u2019Ampugnani, nous devis\u00e2mes donc, au-dessus d\u2019une \u00ab royale \u00bb de bonne tenue, du Salon de la femme musulmane qui venait de se tenir \u00e0 Pontoise, et dont une conseill\u00e8re municipale PS, C\u00e9line Pina, <a href=\"http:\/\/www.lefigaro.fr\/vox\/societe\/2015\/09\/14\/31003-20150914ARTFIG00156-salon-de-la-femme-musulmane-a-pontoise-le-temoignage-choc-d-une-elue-ps.php\">a dit tout le bien qu\u2019elle en pensait<\/a>. \u00ab Imaginez donc, me dit Fran\u00e7oise G***, ce que la presse du Camp du Bien (<\/em>le Monde, Lib\u00e9, M\u00e9diapart<em> et j\u2019en passe) aurait dit s\u2019il s\u2019\u00e9tait tenu un Salon de la femme catholique ! Les sarcasmes, les photos malveillantes de premi\u00e8res communiantes perp\u00e9tuelles, les plaisanteries l\u00e9g\u00e8rement pesantes sur le look \u00ab Manif pour tous \u00bb, et j\u2019en passe\u2026 \u00bb<\/em><br \/>\n<em> &#8211; Ecrivez-le, dis-je. Je le passerai sur Bonnet d\u2019\u00c2ne.<\/em><br \/>\n<em> Et donc\u2026<\/em><\/p>\n<p>&nbsp;<\/p>\n<p>Le week-end dernier se tenait au parc des expositions de Sainte-M\u00e8re de M\u00e8re le Salon de la femme catholique. Son slogan, \u00ab mettre la femme \u00e0 l\u2019honneur \u00bb, belle intention. Notre reporter, anim\u00e9 d\u2019un noble z\u00e8le, s\u2019est donc rendu sur place pour y jeter un coup d\u2019\u0153il.<br \/>\nDans le public, des cathos apparemment \u00ab normaux \u00bb, je veux dire : ni Christine Boutin ni l\u2019abb\u00e9 Pierre. Le dress-code, si l\u2019on excepte le perfecto du P\u00e8re Gilbert, n\u2019est pas exactement rock and roll, juste clean sans ostentation, et l\u2019on observe m\u00eame de jolies jeunes filles \u00e9l\u00e9gamment minijup\u00e9es au rouge \u00e0 l\u00e8vres app\u00e9tissant, plusieurs charismatiques \u00e0 l\u2019air babacool \u00e9gar\u00e9es sous leur grand poncho et quelques bonnes s\u0153urs en croquenots.<br \/>\nLa journ\u00e9e d\u00e9bute avec le show culinaire de Mary Alacock, animatrice du blog \u00ab Cuisine catholique \u00bb, qui r\u00e9alise en direct et sous les applaudissements sa c\u00e9l\u00e8bre recette du \u00ab Blueberry Pie for the Most Holy Name of the Blessed Virgin Mary \u00bb.<br \/>\nChez les exposants, aucun signe ostentatoire d\u2019int\u00e9grisme. De banals stands de parfums (encens religieux, parfums d\u2019ambiance du sanctuaire de Lisieux\u2026), d\u2019artisanat monastique, (on recommandera les madeleines pur beurre venues encore toutes ti\u00e8des du Carmel de Lu\u00e7on) ou de v\u00eatements : comment assortir gants et serre-t\u00eate, jupe-culotte ou portefeuille, au-dessus ou au-dessous du genou, mi-bas ou chaussettes, mocassins, bottillons ou richelieus, confectionnez vous-m\u00eame votre chapelet \u2013 telles sont les tendances en cette rentr\u00e9e.<br \/>\nRetenons enfin, entre plusieurs conf\u00e9rences d\u2019un int\u00e9r\u00eat in\u00e9gal : \u00ab Ne plus se reproduire comme des lapins \u00bb, \u00ab Divorc\u00e9-e-s : r\u00e9pulsion ou communion \u00bb, \u00ab Banc d\u2019essai des mouvements de scoutisme \u00bb, \u00ab Marthe et Marie, doit-on choisir ? \u00bb, \u00ab Mon chien ira-t-il au Paradis ? \u00bb, \u00ab Chanter juste depuis Vatican II, le d\u00e9fi \u00bb, et \u00ab Comment p\u00e9cher sans concevoir \u00bb, par S\u0153ur P\u00e9lagie de la Charrette, sp\u00e9cialiste de la m\u00e9thode Ogino.<a href=\"http:\/\/blog.causeur.fr\/bonnetdane\/files\/2015\/09\/Viergemarie.jpg\"><img loading=\"lazy\" decoding=\"async\" class=\"aligncenter size-full wp-image-874\" src=\"http:\/\/blog.causeur.fr\/bonnetdane\/files\/2015\/09\/Viergemarie.jpg\" alt=\"\" width=\"330\" height=\"410\" srcset=\"https:\/\/blog.causeur.fr\/bonnetdane\/wp-content\/uploads\/sites\/25\/2015\/09\/Viergemarie.jpg 330w, https:\/\/blog.causeur.fr\/bonnetdane\/wp-content\/uploads\/sites\/25\/2015\/09\/Viergemarie-241x300.jpg 241w\" sizes=\"auto, (max-width: 330px) 100vw, 330px\" \/><\/a><br \/>\nLe week-end dernier se tenait au parc des expositions de Dieulefion sur Lignit le Salon de la femme protestante. Son slogan, \u00ab mettre la femme \u00e0 l\u2019honneur \u00bb, tr\u00e8s belle intention. Notre reporter, un peu las mais toujours anim\u00e9 d\u2019un noble z\u00e8le, s\u2019est donc rendu en pays parpaillot pour y jeter un coup d\u2019\u0153il.<br \/>\nLes plus matinaux ont pu commencer par un temps de recueillement dans la tente des communaut\u00e9s, o\u00f9 quelques pasteurs dynamiques organisaient un culte d\u2019accueil. Puis plusieurs \u00e9tudes bibliques \u00e9taient propos\u00e9es avant que ne commencent les conf\u00e9rences proprement dites. Dans le public, des protestants apparemment \u00ab normaux \u00bb, entre Lionel Jospin et ministre anglican. Le dress-code n\u2019est pas exactement rock and roll \u2013 il n\u2019est pas exactement quoi que ce soit, d\u2019ailleurs, mais se caract\u00e9rise, \u00e0 quelques exceptions pr\u00e8s, par une simplicit\u00e9 confinant parfois \u00e0 l\u2019absence de look.<br \/>\nLa journ\u00e9e se poursuit avec le show culinaire d\u2019Abiga\u00ebl Durand, animatrice du blog \u00ab Cuisine protestante \u00bb, qui r\u00e9alise en direct et sous les applaudissements sa c\u00e9l\u00e8bre recette de \u00ab soupe de lentilles \u00e0 la mode de Rachel \u00bb.<br \/>\nChez les exposants, aucun signe ostentatoire d\u2019int\u00e9grisme. Peu de place pour les marchands du temple, on s\u2019en doute, \u00e0 l\u2019exception notable de plusieurs viticulteurs d\u2019Ard\u00e8che et de Dr\u00f4me aux trognes g\u00e9n\u00e9reuses (d\u00e9gustation \u00e0 volont\u00e9), et quelques stands \u00e0 usage pratique : \u00ab Comment ne pas d\u00e9corer votre temple \u00bb, \u00ab Le repas de paroisse, quinze erreurs \u00e0 \u00e9viter \u00bb, \u00abLouons le Seigneur sans claquer des mains \u00e0 contretemps \u00bb, \u00ab Banc d\u2019essai des associations de scoutisme \u00bb, \u00ab Confectionner soi-m\u00eame une croix huguenote \u00bb, \u00ab Cuisiner le picodon \u00bb.<br \/>\nRetenons enfin, entre plusieurs conf\u00e9rences d\u2019un int\u00e9r\u00eat in\u00e9gal : \u00ab Le Saint-Esprit c\u2019est simple \u00bb, par le Pasteur Vedel-Aza\u00efs (dont on rappellera \u00e0 ce sujet l\u2019indispensable \u00ab Que sais-je \u00bb en onze volumes, malheureusement \u00e9puis\u00e9 \u2013 le Que-sais-je, pas le Pasteur), \u00ab Pasteure, pastourelle ou pasteur, la femme est-elle l\u2019avenir du protestantisme ? \u00bb, \u00ab Ecole du dimanche, Le cat\u00e9chum\u00e8ne ou le Saint-Esprit au centre du projet ? \u00bb, \u00ab Faut-il b\u00e9nir un mariage gay ? \u00bb, sans oublier \u00ab Chantons juste lors des f\u00eates \u0153cum\u00e9niques, ou : laissons d\u00e9toner les cathos \u00bb.<a href=\"http:\/\/blog.causeur.fr\/bonnetdane\/files\/2015\/09\/cecile_lhermitte_c_museeprotestant.org_.jpg\"><img loading=\"lazy\" decoding=\"async\" class=\"aligncenter size-medium wp-image-875\" src=\"http:\/\/blog.causeur.fr\/bonnetdane\/files\/2015\/09\/cecile_lhermitte_c_museeprotestant.org_-300x200.jpg\" alt=\"\" width=\"300\" height=\"200\" srcset=\"https:\/\/blog.causeur.fr\/bonnetdane\/wp-content\/uploads\/sites\/25\/2015\/09\/cecile_lhermitte_c_museeprotestant.org_-300x200.jpg 300w, https:\/\/blog.causeur.fr\/bonnetdane\/wp-content\/uploads\/sites\/25\/2015\/09\/cecile_lhermitte_c_museeprotestant.org_.jpg 700w\" sizes=\"auto, (max-width: 300px) 100vw, 300px\" \/><\/a><br \/>\nLe week-end dernier se tenait au parc des expositions d\u2019Anserelles le Salon de la femme juive. Son slogan, \u00ab mettre la femme \u00e0 l\u2019honneur \u00bb, tr\u00e8s tr\u00e8s belle intention. Notre reporter, de plus en plus fatigu\u00e9 (les vins de la Dr\u00f4me sont tra\u00eetres) mais toujours anim\u00e9 d\u2019un noble z\u00e8le, s\u2019est donc rendu sur site pour y jeter un coup d\u2019\u0153il.<br \/>\nLes plus matinaux avaient pu commencer, apr\u00e8s la pri\u00e8re du matin, par une s\u00e9ance de r\u00e9veil musculaire anim\u00e9e par de charmantes et dynamiques sp\u00e9cialistes du Krav-maga et de l\u2019Abir \u2013 puis plusieurs \u00e9tudes sur la Torah \u00e9taient propos\u00e9es avant que ne d\u00e9butent les conf\u00e9rences proprement dites.<br \/>\nDans le public, des juifs apparemment \u00ab normaux \u00bb : quelques Loubavitch ou \u00ab La V\u00e9rit\u00e9 si je mens \u00bb, certes, des perruques un peu, des chapeaux aussi, du blingbling parfois. Le dress-code n\u2019est pas exactement rock and roll, et si l\u2019on observe bien quelques gourmettes dor\u00e9es et des magen David de 5 centim\u00e8tres de hauteur, le look se caract\u00e9rise globalement par un sympathique et pagailleux m\u00e9lange des modes et des registres.<br \/>\nLa journ\u00e9e se poursuit avec le show culinaire de Belinda Koplan, c\u00e9l\u00e8bre animatrice du blog \u00ab Cuisine juive \u00bb, qui r\u00e9alise en direct et sous les applaudissements sa c\u00e9l\u00e8bre recette du \u00ab pain aux \u0153ufs et raisins secs \u00bb, suivi d\u2019un d\u00e9bat passionn\u00e9 sur l\u2019utilit\u00e9 et la taille des raisins dans la pr\u00e9paration.<br \/>\nChez les exposants, aucun signe ostentatoire d\u2019int\u00e9grisme. De banals stands d\u2019\u00e9pices, de conserves et de vins kasher, de fleur d\u2019oranger, de sirop d\u2019orgeat et de boukha. Les sandwiches au thon sont d\u00e9valis\u00e9s.<br \/>\nRetenons enfin plusieurs conf\u00e9rences d\u2019un int\u00e9r\u00eat th\u00e9orique et pratique in\u00e9gal : \u00ab Entretenez le Shtra\u00efmel de votre \u00e9poux \u00bb, \u00ab Les matriarches dans la Bible \u00bb, \u00ab La cuisine juive au r\u00e9gime minceur \u00bb, \u00ab Les boulettes, avec ou sans cumin ?\u00bb, \u00ab Mon fils, comment couper le cordon \u00bb, \u00ab Sexualit\u00e9 et plaisir dans le juda\u00efsme \u00bb, \u00ab Quelle contraception selon le Talmud \u00bb, \u00ab Raoul Journo, sa vie, son \u0153uvre \u00bb, sans oublier \u00ab Banc d\u2019essai des psychanalystes \u00bb et \u00ab Pas de carottes dans les l\u00e9gumes du couscous \u00bb.<a href=\"http:\/\/blog.causeur.fr\/bonnetdane\/files\/2015\/09\/Capture-d\u2019\u00e9cran-2015-09-19-\u00e0-06.18.15.png\"><img loading=\"lazy\" decoding=\"async\" class=\"aligncenter size-medium wp-image-876\" src=\"http:\/\/blog.causeur.fr\/bonnetdane\/files\/2015\/09\/Capture-d\u2019\u00e9cran-2015-09-19-\u00e0-06.18.15-300x166.png\" alt=\"\" width=\"300\" height=\"166\" srcset=\"https:\/\/blog.causeur.fr\/bonnetdane\/wp-content\/uploads\/sites\/25\/2015\/09\/Capture-d\u2019\u00e9cran-2015-09-19-\u00e0-06.18.15-300x166.png 300w, https:\/\/blog.causeur.fr\/bonnetdane\/wp-content\/uploads\/sites\/25\/2015\/09\/Capture-d\u2019\u00e9cran-2015-09-19-\u00e0-06.18.15.png 627w\" sizes=\"auto, (max-width: 300px) 100vw, 300px\" \/><\/a><br \/>\nLe week-end dernier se tenait au parc des expositions de Pontoise le <a href=\"http:\/\/www.salon-musulman-valdoise.com\/saf\/?uid=programme\">Salon musulman du Val d\u2019Oise<\/a>. Son slogan, \u00ab mettre la femme \u00e0 l\u2019honneur \u00bb, tr\u00e8s tr\u00e8s tr\u00e8s belle intention. Notre reporter, anim\u00e9 d\u2019un noble z\u00e8le bien qu\u2019extr\u00eamement las (le vin kasher, c\u2019est du brutal), s\u2019est donc rendu sur place pour y jeter un coup d\u2019\u0153il.<a href=\"http:\/\/blog.causeur.fr\/bonnetdane\/files\/2015\/09\/La-burqa-une-pratique-marginale_article_landscape_pm_v8.jpg\"><img loading=\"lazy\" decoding=\"async\" class=\"aligncenter size-medium wp-image-877\" src=\"http:\/\/blog.causeur.fr\/bonnetdane\/files\/2015\/09\/La-burqa-une-pratique-marginale_article_landscape_pm_v8-300x174.jpg\" alt=\"\" width=\"300\" height=\"174\" srcset=\"https:\/\/blog.causeur.fr\/bonnetdane\/wp-content\/uploads\/sites\/25\/2015\/09\/La-burqa-une-pratique-marginale_article_landscape_pm_v8-300x174.jpg 300w, https:\/\/blog.causeur.fr\/bonnetdane\/wp-content\/uploads\/sites\/25\/2015\/09\/La-burqa-une-pratique-marginale_article_landscape_pm_v8.jpg 940w\" sizes=\"auto, (max-width: 300px) 100vw, 300px\" \/><\/a><br \/>\nDans le public, des musulmans apparemment \u00ab normaux \u00bb : pas de burqa \u00e0 la talibane, et m\u00eame deux ou trois chevelures au vent. Le dress-code masculin est plus strict : cr\u00e2ne ras\u00e9, barbe et biceps. Chez les exposants, aucun signe ostentatoire d\u2019int\u00e9grisme. De banals stands de parfums, de \u00ab bonbons sans g\u00e9latine animale \u00bb ou de v\u00eatements : comment choisir sa djellaba, ce qui manque un peu de vari\u00e9t\u00e9 en attendant le d\u00e9fil\u00e9 de mode traditionnelle musulmane, o\u00f9 les hidjabistas vont trouver de quoi concilier chic et pudeur : car \u00ab dans l\u2019islam, la femme est un diamant \u00bb.<br \/>\nLa journ\u00e9e a bien d\u00e9but\u00e9 avec le cooking-show de Madame Choumicha, c\u00e9l\u00e8bre animatrice de la t\u00e9l\u00e9vision marocaine (cheveux d\u00e9couverts, sourire \u00e9clatant et look moderne), qui a r\u00e9alis\u00e9, en direct et sous les applaudissements, ses recettes pr\u00e9f\u00e9r\u00e9es, avant de se poursuivre par toute une s\u00e9rie de conf\u00e9rences et communications, dont \u00abLes solutions pour un couple harmonieux \u00bb, par Rachid Habou Houdeyfa, imam controvers\u00e9 de la mosqu\u00e9e de Brest, \u00ab La valorisation de la femme en islam \u00bb ( causerie interrompue par l\u2019irruption non moins controvers\u00e9e des Femen au moment o\u00f9 l\u2019on glosait sur l\u2019utilit\u00e9 de battre son \u00e9pouse ), \u00ab La femme, \u00e9ducatrice au grand m\u00e9rite \u00bb, et \u00ab L\u2019\u00e9ducation des enfants, entre th\u00e9orie et r\u00e9alit\u00e9 \u00bb. Que les orateurs aient \u00e9t\u00e9 en g\u00e9n\u00e9ral des hommes ne doit bien entendu pas \u00eatre sur-interpr\u00e9t\u00e9. Un hasard, voil\u00e0 tout.<br \/>\nSi l\u2019on peut regretter l\u2019absence de la musique et des arts en g\u00e9n\u00e9ral, le coin \u00ab livres \u00bb propose plusieurs ouvrages sur la sexualit\u00e9 en islam, avec plein de conseils pratiques sur les positions sexuelles, (pas tr\u00e8s kamasutresques au demeurant\u2026 \u00f4 belle Sch\u00e9h\u00e9razade, qu\u2019en aurais-tu pens\u00e9 ?), et le best-seller du salon, <em>Le Vrai visage de Muhammad<\/em>, de Noureddine Aoussat, sap\u00e9 marketing-costume-cravate qui, tout en citant Voltaire et pr\u00f4nant le dialogue et l\u2019ouverture, sans approuver les attentats, renvoie de fait dos \u00e0 dos dessinateurs de Charlie et terroristes djihadistes.<\/p>\n<p>Fran\u00e7oise Guichard<\/p>\n<p><em>Derni\u00e8re minute et l\u00e0 on ne rit plus :<\/em><br \/>\n<em> C\u00e9line Pina, conseill\u00e8re r\u00e9gionale PS d\u2019Ile de France dont nous \u00e9voquions plus haut l\u2019adh\u00e9sion h\u00e9sitante \u00e0 cette derni\u00e8re manifestation pas du tout communautariste ni int\u00e9griste, est <a href=\"http:\/\/www.lefigaro.fr\/vox\/societe\/2015\/09\/18\/31003-20150918ARTFIG00294-salon-de-la-femme-musulmane-celine-pina-menacee-d-exclusion-du-ps.php\">menac\u00e9e d\u2019exclusion<\/a> du parti par le premier f\u00e9d\u00e9ral du Val d\u2019Oise, Rachid Temal, pour avoir protest\u00e9 contre la tenue d\u2019un de ces quatre salons. Cela permettrait sans doute au parti de Fran\u00e7ois Hollande, <a href=\"http:\/\/www.lefigaro.fr\/actualite-france\/2014\/09\/18\/01016-20140918ARTFIG00316-quand-terra-nova-conseillait-au-ps-d-investir-sur-le-vote-des-immigres-francais.php\">selon le plan ourdi si intelligemment par Terra Nova<\/a>, d\u2019accro\u00eetre son audience aupr\u00e8s de la \u00ab communaut\u00e9 \u00bb musulmane, et de compenser ainsi la d\u00e9saffection des profs, des policiers, des notaires, des commer\u00e7ants, des paysans, des classes moyennes, des ex-ouvriers (<\/em>ex<em>, car l\u2019industrie fran\u00e7aise a d\u00e9finitivement \u00e9t\u00e9 brad\u00e9e \u00e0 des d\u00e9peceurs) et des Petites S\u0153urs des Pauvres d\u00e9bord\u00e9es par l\u2019explosion du nombre de pauvres.<\/em><\/p>\n<p>Jean-Paul Brighelli<\/p>\n","protected":false},"excerpt":{"rendered":"<p>C\u2019\u00e9tait mardi dernier, chez la M\u00e8re Buonavista, l\u2019une des meilleures pizzerias de Marseille \u2014 \u00e0 Castellane. Je devisais avec Fran\u00e7oise Guichard, coll\u00e8gue ch\u00e8re et pr\u00e9sidente de Reconstruire l\u2019\u00e9cole \u2014 un slogan que nous partageons tous, sauf avec les gens du PS qui se le sont annex\u00e9s afin de ne pas le mettre en pratique. Apr\u00e8s [&hellip;]<\/p>\n","protected":false},"author":6,"featured_media":0,"comment_status":"open","ping_status":"open","sticky":false,"template":"","format":"standard","meta":{"footnotes":""},"categories":[1],"tags":[777,776,779,778,775],"class_list":{"0":"post-870","1":"post","2":"type-post","3":"status-publish","4":"format-standard","6":"category-non-classe","7":"tag-catholique","8":"tag-cecile-pina","9":"tag-juif","10":"tag-protestant","11":"tag-salon-de-la-femme-musulmane"},"_links":{"self":[{"href":"https:\/\/blog.causeur.fr\/bonnetdane\/wp-json\/wp\/v2\/posts\/870","targetHints":{"allow":["GET"]}}],"collection":[{"href":"https:\/\/blog.causeur.fr\/bonnetdane\/wp-json\/wp\/v2\/posts"}],"about":[{"href":"https:\/\/blog.causeur.fr\/bonnetdane\/wp-json\/wp\/v2\/types\/post"}],"author":[{"embeddable":true,"href":"https:\/\/blog.causeur.fr\/bonnetdane\/wp-json\/wp\/v2\/users\/6"}],"replies":[{"embeddable":true,"href":"https:\/\/blog.causeur.fr\/bonnetdane\/wp-json\/wp\/v2\/comments?post=870"}],"version-history":[{"count":0,"href":"https:\/\/blog.causeur.fr\/bonnetdane\/wp-json\/wp\/v2\/posts\/870\/revisions"}],"wp:attachment":[{"href":"https:\/\/blog.causeur.fr\/bonnetdane\/wp-json\/wp\/v2\/media?parent=870"}],"wp:term":[{"taxonomy":"category","embeddable":true,"href":"https:\/\/blog.causeur.fr\/bonnetdane\/wp-json\/wp\/v2\/categories?post=870"},{"taxonomy":"post_tag","embeddable":true,"href":"https:\/\/blog.causeur.fr\/bonnetdane\/wp-json\/wp\/v2\/tags?post=870"}],"curies":[{"name":"wp","href":"https:\/\/api.w.org\/{rel}","templated":true}]}}