{"id":873,"date":"2015-09-20T07:58:16","date_gmt":"2015-09-20T07:58:16","guid":{"rendered":"http:\/\/blog.causeur.fr\/bonnetdane\/?p=873"},"modified":"2021-04-22T18:49:41","modified_gmt":"2021-04-22T16:49:41","slug":"deuxieme-et-troisieme-guerres-mondiales","status":"publish","type":"post","link":"https:\/\/blog.causeur.fr\/bonnetdane\/deuxieme-et-troisieme-guerres-mondiales-873","title":{"rendered":"Deuxi\u00e8me et Troisi\u00e8me Guerres Mondiales"},"content":{"rendered":"<p>Les Nouveaux programmes de coll\u00e8ge sont donc <a href=\"http:\/\/www.education.gouv.fr\/cid93042\/projet-de-programmes-pour-les-cycles-2-3-et-4.html\">sortis du chapeau<\/a> de Mme Vallaud-Belkacem.<br \/>\nJe les analyserai en d\u00e9tail peut-\u00eatre plus tard, mais <a href=\"http:\/\/cache.media.education.gouv.fr\/file\/09_-_septembre\/22\/9\/programmes_cycles_2_3_4_469229.pdf\">en les lisant<\/a>, un point m\u2019a alert\u00e9.<br \/>\nPage 301 des programmes, rubrique Histoire \/ G\u00e9ographie du \u00ab cycle 4 \u00bb (Cinqui\u00e8me \/ Troisi\u00e8me), on peut lire : \u00ab La Deuxi\u00e8me Guerre mondiale, une guerre d\u2019an\u00e9antissement \u00bb.<br \/>\nSoit (c\u2019est l\u2019hypoth\u00e8se optimiste) les r\u00e9dacteurs desdits programmes n\u2019\u00e9crivent pas un fran\u00e7ais r\u00e9ellement exquis \u2014 et ignorent la diff\u00e9rence entre Seconde et Deuxi\u00e8me. Soit ils ont une info qu\u2019il est urgent de partager.<br \/>\nParce que \u00ab Deuxi\u00e8me Guerre mondiale \u00bb en suppose une Troisi\u00e8me.<\/p>\n<p>Vous allez me dire : \u00ab Mais nous y sommes ! \u00bb<br \/>\nD\u2019autant que ce n\u2019est pas vous qui le dites \u2014 ni moi. C\u2019est <a href=\"http:\/\/www.lefigaro.fr\/politique\/le-scan\/citations\/2015\/06\/28\/25002-20150628ARTFIG00051-manuel-valls-nous-ne-pouvons-pas-perdre-la-guerre-de-civilisation-contre-le-terrorisme.php\">Manuel Valls<\/a> (\u00ab Nous ne pouvons pas perdre la guerre de civilisation contre le terrorisme \u00bb \u2014 et je suis assez d\u2019accord sur ce singulier : nous sommes la civilisation, et l\u2019islamisme, c\u2019est l\u2019absence de civilisation). Avant lui, c\u2019\u00e9tait <a href=\"http:\/\/www.lesobservateurs.ch\/2015\/01\/10\/umberto-eco-nous-sommes-en-guerre-jusquau-cou-isis-est-une-nouvelle-forme-de-nazisme\/\">Umberto Eco<\/a> en Italie (\u00ab Nous sommes en guerre jusqu\u2019au cou \u00bb), ou <a href=\"http:\/\/www.perezreverte.com\/articulo\/patentes-corso\/938\/es-la-guerra-santa-idiotas\/\">Perez R\u00e9verte<\/a> en Espagne, dans un texte r\u00e9ellement saisissant (\u00ab Es la guerra santa, idiotas ! \u00bb).<br \/>\nOui, la troisi\u00e8me guerre mondiale a bien commenc\u00e9, et les programmes de l\u2019hilote supr\u00eame, Michel Lussault, petit t\u00e9l\u00e9graphiste de Najat Vallaud-Blekacem et commandant en chef de la Commission Sup\u00e9rieure des Programmes, ont raison d\u2019\u00e9crire que 39-45 \u00e9tait \u00ab la deuxi\u00e8me \u00bb. Parce que la Troisi\u00e8me est l\u00e0.<\/p>\n<p>Reste \u00e0 savoir comment la gagner.<br \/>\nNous avons commenc\u00e9 par la perdre, en suivant l\u2019aberrante ligne politique de Laurent Fabius et P\u00e9dalo Ier, qui visait \u00e0 faire de l\u2019\u00e9limination de Bachar el Assad la priorit\u00e9. Ces grands na\u00effs ont cru \u00e0 l\u2019intox de \u00ab l\u2019opposition \u00bb syrienne : c\u2019\u00e9tait du tout-cuit, et il n\u2019\u00e9tait pas n\u00e9cessaire d\u2019\u00e9couter Poutine qui avait d\u00e8s 2012 son propre plan pour \u00e9liminer le tyranneau syrien, comme l\u2019a <a href=\"http:\/\/www.lefigaro.fr\/international\/2015\/09\/15\/01003-20150915ARTFIG00278-les-occidentaux-auraient-refuse-un-plan-russe-visant-a-ecarter-bachar-el-assad.php\">r\u00e9v\u00e9l\u00e9 r\u00e9cemment<\/a> l\u2019ex-pr\u00e9sident finlandais, Martti Ahtisaari. Puis nous avons continu\u00e9 \u00e0 la perdre, en envoyant des avions survoler les positions de l\u2019Etat islamique, ce qui doit certainement terroriser des fanatiques bourr\u00e9s de <a href=\"http:\/\/tempsreel.nouvelobs.com\/monde\/20150522.OBS9435\/le-captagon-la-potion-magique-des-djihadistes.html\">captagon<\/a>. Puis nous avons persist\u00e9 \u00e0 la perdre en envoyant au sol <a href=\"http:\/\/fr.sputniknews.com\/international\/20150629\/1016771591.html\">une centaine de rebelles form\u00e9s \u00e0 grand prix<\/a> (500 millions de $ quand m\u00eame) par les USA, qui se sont fait d\u00e9couper en tranches fines.<br \/>\nEt nous insistons pour la perdre en laissant entrer n\u2019importe qui n\u2019importe comment en Europe \u2014 y compris des djihadistes d\u2019exportation tout pr\u00eats \u00e0 faire leur jonction avec nos jihadistes int\u00e9rieurs \u2014 et en ne comprenant pas que les 10% de musulmans int\u00e9gristes (au moins : ce sont les chiffres minimaux propos\u00e9s par les services secrets, les <a href=\"http:\/\/www.postedeveille.ca\/2013\/12\/le-fondamentalisme-islamique-est-largement-repandu-en-europe-etude.html\">\u00e9tudes s\u00e9rieuses d\u00e8s 2013<\/a> \u00e9taient autrement alarmistes) fourniront les bases arri\u00e8re du terrorisme. Carton plein.<\/p>\n<p>On ne gagne pas une guerre avec des drones \u2014 \u00e7a aide, mais \u00e7a ne fait pas tout. On ne gagne pas une guerre avec de bonnes paroles l\u00e9nifiantes \u2014 dire \u00ab Daech \u00bb pour ne pas prononcer le mot \u00ab islamique \u00bb, par exemple. Une guerre se gagne sur le terrain. Bombardements massifs, sans chercher \u00e0 cibler, \u00e9ventuellement en utilisant des armes non conventionnelles, \u00e9radication puis nettoyage au sol. Il n\u2019y a de bon jihadiste qu\u2019un jihadiste mort. Apr\u00e8s tout, ils en pensent autant de nous.<\/p>\n<p>Jean-Paul Brighelli<\/p>\n<p>Je ne saurais trop recommander la lecture d\u2019un roman r\u00e9cent, fort bien \u00e9crit (un peu trop, m\u00eame : l\u2019usage de la 1\u00e8re personne y cr\u00e9e un effet d\u2019irr\u00e9alit\u00e9 alors que la cadre se veut \u00e9troitement r\u00e9aliste), pass\u00e9 un peu inaper\u00e7u : <em>le Fran\u00e7ais<\/em>, de Julien Suaudeau (Robert Laffont). On y voit un jeune Normand aux yeux bleus, un peu paum\u00e9, mal int\u00e9gr\u00e9, \u00e9ducation m\u00e9diocre, s\u2019incorporer peu \u00e0 peu, presque malgr\u00e9 lui, \u00e0 la mouvance djihadiste, et se sp\u00e9cialiser dans les d\u00e9capitations de prisonniers occidentaux \u2014 jusqu\u2019\u00e0 ce qu\u2019il soit r\u00e9cup\u00e9r\u00e9 par les Am\u00e9ricains et tortur\u00e9 pour le reste de sa vie, dans un <em>no man\u2019s land<\/em> juridique qui ressemble assez \u00e0 l\u2019Enfer m\u00e9di\u00e9val.<\/p>\n<p><a href=\"http:\/\/blog.causeur.fr\/bonnetdane\/files\/2015\/09\/9782221187708.jpg\"><img loading=\"lazy\" decoding=\"async\" class=\"aligncenter size-full wp-image-879\" src=\"http:\/\/blog.causeur.fr\/bonnetdane\/files\/2015\/09\/9782221187708.jpg\" alt=\"\" width=\"492\" height=\"800\" srcset=\"https:\/\/blog.causeur.fr\/bonnetdane\/wp-content\/uploads\/sites\/25\/2015\/09\/9782221187708.jpg 492w, https:\/\/blog.causeur.fr\/bonnetdane\/wp-content\/uploads\/sites\/25\/2015\/09\/9782221187708-184x300.jpg 184w\" sizes=\"auto, (max-width: 492px) 100vw, 492px\" \/><\/a><\/p>\n","protected":false},"excerpt":{"rendered":"<p>Les Nouveaux programmes de coll\u00e8ge sont donc sortis du chapeau de Mme Vallaud-Belkacem. Je les analyserai en d\u00e9tail peut-\u00eatre plus tard, mais en les lisant, un point m\u2019a alert\u00e9. Page 301 des programmes, rubrique Histoire \/ G\u00e9ographie du \u00ab cycle 4 \u00bb (Cinqui\u00e8me \/ Troisi\u00e8me), on peut lire : \u00ab La Deuxi\u00e8me Guerre mondiale, une [&hellip;]<\/p>\n","protected":false},"author":6,"featured_media":0,"comment_status":"open","ping_status":"open","sticky":false,"template":"","format":"standard","meta":{"footnotes":""},"categories":[1],"tags":[451,549,784,658,781,782,783,660,641,780,640],"class_list":{"0":"post-873","1":"post","2":"type-post","3":"status-publish","4":"format-standard","6":"category-non-classe","7":"tag-djihad","8":"tag-etat-islamique","9":"tag-guerre-sainte","10":"tag-histoire","11":"tag-julien-suaudeau","12":"tag-le-francais","13":"tag-manuel-valls","14":"tag-michel-lussault","15":"tag-perez-reverte","16":"tag-programmes-college","17":"tag-umberto-eco"},"_links":{"self":[{"href":"https:\/\/blog.causeur.fr\/bonnetdane\/wp-json\/wp\/v2\/posts\/873","targetHints":{"allow":["GET"]}}],"collection":[{"href":"https:\/\/blog.causeur.fr\/bonnetdane\/wp-json\/wp\/v2\/posts"}],"about":[{"href":"https:\/\/blog.causeur.fr\/bonnetdane\/wp-json\/wp\/v2\/types\/post"}],"author":[{"embeddable":true,"href":"https:\/\/blog.causeur.fr\/bonnetdane\/wp-json\/wp\/v2\/users\/6"}],"replies":[{"embeddable":true,"href":"https:\/\/blog.causeur.fr\/bonnetdane\/wp-json\/wp\/v2\/comments?post=873"}],"version-history":[{"count":0,"href":"https:\/\/blog.causeur.fr\/bonnetdane\/wp-json\/wp\/v2\/posts\/873\/revisions"}],"wp:attachment":[{"href":"https:\/\/blog.causeur.fr\/bonnetdane\/wp-json\/wp\/v2\/media?parent=873"}],"wp:term":[{"taxonomy":"category","embeddable":true,"href":"https:\/\/blog.causeur.fr\/bonnetdane\/wp-json\/wp\/v2\/categories?post=873"},{"taxonomy":"post_tag","embeddable":true,"href":"https:\/\/blog.causeur.fr\/bonnetdane\/wp-json\/wp\/v2\/tags?post=873"}],"curies":[{"name":"wp","href":"https:\/\/api.w.org\/{rel}","templated":true}]}}