{"id":880,"date":"2015-09-27T05:13:05","date_gmt":"2015-09-27T05:13:05","guid":{"rendered":"http:\/\/blog.causeur.fr\/bonnetdane\/?p=880"},"modified":"2021-04-22T18:49:41","modified_gmt":"2021-04-22T16:49:41","slug":"el-pueblo-unido-jamas-sera-vencido","status":"publish","type":"post","link":"https:\/\/blog.causeur.fr\/bonnetdane\/el-pueblo-unido-jamas-sera-vencido-880","title":{"rendered":"El pueblo unido jam\u00e1s ser\u00e1 vencido"},"content":{"rendered":"<p>Bref rappel des <a href=\"https:\/\/www.youtube.com\/watch?v=wMWHDdmnao8\">faits<\/a>.<\/p>\n<p>Yann Moix : \u00ab Qu\u2019est-ce que vous appelez le peuple, Michel Onfray ? \u00c7a veut rien dire, le mot peuple\u2026 \u00bb<br \/>\nMichel Onfray : \u00ab Ah, si vous ne savez pas, c\u2019est votre affaire\u2026 Je trouve assez symptomatique que vous ayez besoin qu\u2019on d\u00e9finisse un mot comme celui-ci\u2026 Vous l\u2019avez tellement oubli\u00e9\u2026 Le peuple, c\u2019est ce sur quoi s\u2019exerce le pouvoir. C\u2019est-\u00e0-dire que ce n\u2019est pas vous, parce que vous, vous l\u2019exercez, le pouvoir\u2026 \u00bb<\/p>\n<p>\u00ab Le peuple<em> old school<\/em> \u00bb, surench\u00e9rit L\u00e9a Salam\u00e9, tout \u00e9tonn\u00e9e d&rsquo;avoir entendu cette expression dans la bouche d&rsquo;Onfray. Elle n\u2019a pas lu Machiavel \u2014 on ne s\u2019en \u00e9tonnera pas. Elle ignore la distinction qu\u2019op\u00e8re le Florentin entre le <em>popolo grasso<\/em> \u00bb, les gros, les gras, les puissants, et le\u00a0<em>popolo minuto<\/em>\u00a0\u2014 les petits, les obscurs, les sans grade. Elle n\u2019a pas lu non plus Michelet (on ne s\u2019en \u2014 etc.), qui dans <em>le Peuple<\/em> justement, explique que c\u2019est le plus grand nombre, oppos\u00e9 aux classes sup\u00e9rieures, dirigeantes, \u2014 les favoris\u00e9s.<br \/>\nElle n\u2019a pas lu non plus Rousseau (on ne\u2026 etc.), le premier \u00e0 d\u00e9gager la notion de \u00ab peuple souverain \u00bb \u2014 nous avons perdu aujourd\u2019hui le sentiment de la puissance de cet oxymore \u00e9nonc\u00e9 en des temps monarchiques. Et comme le souligne Natacha Polony dans une excellente chronique parue dans <em><a href=\"http:\/\/www.lefigaro.fr\/vox\/politique\/2015\/09\/25\/31001-20150925ARTFIG00332-natacha-polony-qui-a-peur-du-peuple-souverain.php\">le Figaro<\/a><\/em> ce week-end, \u00ab le crime de Michel Onfray, de Jacques Sapir ou de quelques autres porte un nom : souverainisme. \u00bb<br \/>\nLe souverainisme, c\u2019est le refus de cette puissance et de cette morgue ass\u00e9n\u00e9es d\u2019en haut. Le refus du trait\u00e9 de Maastricht, le refus de cet \u00e9talage des app\u00e9tits que l\u2019on appelle aujourd\u2019hui Europe, le refus de l\u2019humiliation de la Gr\u00e8ce, le refus de cet humanisme de fa\u00e7ade qui parle avec des tr\u00e9molos des \u00ab migrants \u00bb pour mieux ignorer les souffrances au jour le jour du peuple ici pr\u00e9sent, le refus du m\u00e9pris parisien de la \u00ab France p\u00e9riph\u00e9rique \u00bb, le refus du cirque m\u00e9diatique o\u00f9 s\u2019agitent des journalistes qui p\u00e9rorent avec autorit\u00e9 sur tout ce qu\u2019ils ne connaissent pas. Le refus aussi bien de la d\u00e9gringolade de l\u2019Ecole, pens\u00e9e par des gens qui ne veulent surtout pas que le peuple pense \u2014 on ne sait jamais, il pourrait s\u2019apercevoir que le lib\u00e9ralisme d\u00e9brid\u00e9, ou la mondialisation version Goldmann Sachs, ne sont ni souhaitables, ni fatals.<br \/>\nAlors, qui est le pouvoir ? \u00ab Tous ceux, r\u00e9pond Polony, qui sous couvert d\u2019expertise et de gouvernance, ont r\u00e9invent\u00e9 l\u2019oligarchie censitaire. Les m\u00eames d\u2019ailleurs, qui ont, des ann\u00e9es durant, orchestr\u00e9 la destruction de l\u2019\u00e9cole et interdit aux futurs citoyens tout espoir d\u2019\u00e9mancipation intellectuelle. \u00bb<br \/>\nLe paradoxe (mais ce n\u2019est est d\u00e9j\u00e0 plus un), c\u2019est que ce soit le <em>Figaro<\/em> qui h\u00e9berge cette tribune. Et qu\u2019au m\u00eame moment ce soit <em>Lib\u00e9<\/em> qui ouvre la chasse \u00e0 l\u2019Onfray. <em>Lib\u00e9<\/em> o\u00f9 Laurent Joffrin (tiens, encore un homme de pouvoir \u2014 o\u00f9 est le temps o\u00f9 je d\u00e9fendais ce journal les armes \u00e0 la main ?) voit Onfray sur \u00ab <a href=\"http:\/\/www.liberation.fr\/politiques\/2015\/09\/20\/onfray-la-pente-glissante-du-souverainisme_1386697\">la pente glissante du souverainisme<\/a>\u00a0\u00bb. Onfray &#8211; Dupont-Aignan, m\u00eame combat.<\/p>\n<p>Mais oui \u2014 quand on y pense. Parce que dans \u00ab\u00a0peuple souverain \u00bb, il n&rsquo;y a pas forc\u00e9ment \u00ab\u00a0populisme \u00bb\u00a0\u2014 le gros mot avec lequel tous ces sycophantes tentent de d\u00e9samorcer la critique qui pourrait les renvoyer \u00e0 la rue \u2014 ou \u00e0 la lanterne.<\/p>\n<p>Oui, Polony a raison : \u00e7a les effraie rudement. Ils savent que si le peuple se soul\u00e8ve, ils seront pendus \u2014 eux les premiers. Eux, les faiseurs d\u2019opinion, les chantres du lib\u00e9ralisme fatal, les pan\u00e9gyristes de Hollande ou de la r\u00e9forme du coll\u00e8ge \u2014 parce que la derni\u00e8re trouvaille de Vallaud-Belkacem pour r\u00e9duire le peuple est une arme de destruction massive. Participer \u00e0 la manifestation du 10 octobre est une n\u00e9cessit\u00e9 vitale \u2014 et peu importe qui y sera, il faut oser d\u00e9sormais l\u2019alliance de tous les souverainismes pour chasser cette caste au pouvoir \u2014 et la pendre. Comment disait Quilapayun d\u00e9j\u00e0 ? \u00ab <a href=\"https:\/\/www.youtube.com\/watch?v=LWlkWPXfvXc\">El pueblo unido jam\u00e1s ser\u00e1 vencido<\/a> \u00bb. <a href=\"http:\/\/blog.causeur.fr\/bonnetdane\/files\/2015\/09\/Quilapayun-El_Pueblo_Unido_Jamas_Sera_Vencido-Frontal-755x755.jpg\"><img loading=\"lazy\" decoding=\"async\" class=\"aligncenter size-full wp-image-888\" src=\"http:\/\/blog.causeur.fr\/bonnetdane\/files\/2015\/09\/Quilapayun-El_Pueblo_Unido_Jamas_Sera_Vencido-Frontal-755x755.jpg\" alt=\"\" width=\"755\" height=\"755\" srcset=\"https:\/\/blog.causeur.fr\/bonnetdane\/wp-content\/uploads\/sites\/25\/2015\/09\/Quilapayun-El_Pueblo_Unido_Jamas_Sera_Vencido-Frontal-755x755.jpg 755w, https:\/\/blog.causeur.fr\/bonnetdane\/wp-content\/uploads\/sites\/25\/2015\/09\/Quilapayun-El_Pueblo_Unido_Jamas_Sera_Vencido-Frontal-755x755-150x150.jpg 150w, https:\/\/blog.causeur.fr\/bonnetdane\/wp-content\/uploads\/sites\/25\/2015\/09\/Quilapayun-El_Pueblo_Unido_Jamas_Sera_Vencido-Frontal-755x755-300x300.jpg 300w\" sizes=\"auto, (max-width: 755px) 100vw, 755px\" \/><\/a><\/p>\n<p>C\u2019\u00e9tait en juillet 1973. Deux mois plus tard, le 11 septembre, le lib\u00e9ralisme allait montrer au Chili de quoi il \u00e9tait capable lorsque s\u2019exprimait la souverainet\u00e9 populaire. Un lib\u00e9ralisme qui n\u2019avait pas encore la t\u00eate de Laurent Joffrin, ni le rictus fatal de Yann Moix, ou la m\u00e2choire pendante de L\u00e9a Salam\u00e9, comme dit B. Guillard <a href=\"http:\/\/www.breizh-info.com\/31905\/actualite-societale\/on-a-retrouve-le-peuple\/\">dans un \u00e9ditorial bien senti<\/a>. Il avait celle de Pinochet, leur grand-papa \u00e0 tous.<\/p>\n<p>Allez, le jour se l\u00e8ve, il est temps d\u2019aller boire un petit noir sur le quai de Rive-Neuve \u2014 au Caf\u00e9 de la Marine (mais non, ce n&rsquo;est pas une d\u00e9claration d&rsquo;amour \u00e0 la patronne du FN !). Il fait beau, \u00e7a rougeoie vaguement \u00e0 l\u2019est. Comme disait Quilapayun \u00e0 la fin de la chanson,<\/p>\n<p>\u00ab La luz de un rojo amanecer<br \/>\nanuncia ya la vida que vendr\u00e1. \u00bb<\/p>\n<p>Jean-Paul Brighelli<\/p>\n","protected":false},"excerpt":{"rendered":"<p>Bref rappel des faits. Yann Moix : \u00ab Qu\u2019est-ce que vous appelez le peuple, Michel Onfray ? \u00c7a veut rien dire, le mot peuple\u2026 \u00bb Michel Onfray : \u00ab Ah, si vous ne savez pas, c\u2019est votre affaire\u2026 Je trouve assez symptomatique que vous ayez besoin qu\u2019on d\u00e9finisse un mot comme celui-ci\u2026 Vous l\u2019avez tellement [&hellip;]<\/p>\n","protected":false},"author":6,"featured_media":0,"comment_status":"open","ping_status":"open","sticky":false,"template":"","format":"standard","meta":{"footnotes":""},"categories":[1],"tags":[701,655,793,140,791,319,794,792],"class_list":{"0":"post-880","1":"post","2":"type-post","3":"status-publish","4":"format-standard","6":"category-non-classe","7":"tag-chevenement","8":"tag-dupont-aignan","9":"tag-joffrin","10":"tag-liberalisme","11":"tag-moix","12":"tag-onfray","13":"tag-polony","14":"tag-quilapayun"},"_links":{"self":[{"href":"https:\/\/blog.causeur.fr\/bonnetdane\/wp-json\/wp\/v2\/posts\/880","targetHints":{"allow":["GET"]}}],"collection":[{"href":"https:\/\/blog.causeur.fr\/bonnetdane\/wp-json\/wp\/v2\/posts"}],"about":[{"href":"https:\/\/blog.causeur.fr\/bonnetdane\/wp-json\/wp\/v2\/types\/post"}],"author":[{"embeddable":true,"href":"https:\/\/blog.causeur.fr\/bonnetdane\/wp-json\/wp\/v2\/users\/6"}],"replies":[{"embeddable":true,"href":"https:\/\/blog.causeur.fr\/bonnetdane\/wp-json\/wp\/v2\/comments?post=880"}],"version-history":[{"count":0,"href":"https:\/\/blog.causeur.fr\/bonnetdane\/wp-json\/wp\/v2\/posts\/880\/revisions"}],"wp:attachment":[{"href":"https:\/\/blog.causeur.fr\/bonnetdane\/wp-json\/wp\/v2\/media?parent=880"}],"wp:term":[{"taxonomy":"category","embeddable":true,"href":"https:\/\/blog.causeur.fr\/bonnetdane\/wp-json\/wp\/v2\/categories?post=880"},{"taxonomy":"post_tag","embeddable":true,"href":"https:\/\/blog.causeur.fr\/bonnetdane\/wp-json\/wp\/v2\/tags?post=880"}],"curies":[{"name":"wp","href":"https:\/\/api.w.org\/{rel}","templated":true}]}}