{"id":944,"date":"2015-11-07T10:31:16","date_gmt":"2015-11-07T10:31:16","guid":{"rendered":"http:\/\/blog.causeur.fr\/bonnetdane\/?p=944"},"modified":"2021-04-22T18:49:40","modified_gmt":"2021-04-22T16:49:40","slug":"du-fn-et-de-la-peine-de-mort","status":"publish","type":"post","link":"https:\/\/blog.causeur.fr\/bonnetdane\/du-fn-et-de-la-peine-de-mort-944","title":{"rendered":"Du FN et de la peine de mort"},"content":{"rendered":"<p>\u00ab R\u00e9tablissement de la peine de mort ou instauration de la r\u00e9clusion criminelle \u00e0 perp\u00e9tuit\u00e9 r\u00e9elle \u00bb, <a href=\"http:\/\/www.frontnational.com\/le-projet-de-marine-le-pen\/autorite-de-letat\/securite\/\">dit le programme du FN<\/a>. Et de pr\u00e9ciser : \u00ab L\u2019alternative entre ces deux possibilit\u00e9s pour renforcer notre arsenal p\u00e9nal sera propos\u00e9e aux Fran\u00e7ais par r\u00e9f\u00e9rendum. La r\u00e9clusion \u00e0 perp\u00e9tuit\u00e9 aurait un caract\u00e8re d\u00e9finitif et irr\u00e9versible, le criminel se trouverait sans possibilit\u00e9 de sortir un jour de prison. \u00bb<br \/>\nSoyons clair : je ne voterai jamais pour un parti qui inscrit le r\u00e9tablissement de la peine de mort dans son programme. Aucun souci moral dans ce principe \u2014 mes relations avec le Camp du Bien sont lointaines, et la transposition dans la morale la\u00efque du \u00ab Tu ne tueras point \u00bb biblique n\u2019entretient avec la pure id\u00e9ologie des Lumi\u00e8res que des rapports m\u00e9diats. Non : mon souci premier est un souci d\u2019efficacit\u00e9 \u2014 je ne vois pas d\u2019autre raison \u00e0 toute discussion juridique.<br \/>\nAu tournant des ann\u00e9es 2000, je travaillais sur le marquis de Sade (il en sortit un livre <a href=\"http:\/\/www.amazon.fr\/Sade-vie-l\u00e9gende-Jean-Paul-Brighelli\/dp\/203505012X\">que les sites d\u2019occasion vous proposent pour pas cher<\/a>, je vous laisse juges de la d\u00e9cision \u00e0 prendre, d\u2019autant que le r\u00e9cent bouquin d\u2019Onfray sur le Divin Marquis n\u2019est pas ce que sa plume a produit de plus intelligent). Que dit le promoteur \u2014 para\u00eet-il \u2014 de la cruaut\u00e9 comme l\u2019un des beaux-arts (et non du sadisme, qui fut invent\u00e9 par Krafft-Ebing vers 1900 dans sa <em>Psychopathia sexualis<\/em>) de la peine de mort ? \u00ab Il n\u2019y a point de plus mauvais calcul que celui de faire mourir un homme pour en avoir tu\u00e9 un autre, puisqu\u2019il r\u00e9sulte \u00e9videmment de ce proc\u00e9d\u00e9 qu\u2019au lieu d\u2019un homme de moins, en voil\u00e0 tout d\u2019un coup deux, et qu\u2019il n\u2019y a que des bourreaux ou des imb\u00e9ciles auxquels une telle arithm\u00e9tique puisse \u00eatre famili\u00e8re \u00bb. Il fallait \u00eatre s\u00e9rieusement gonfl\u00e9 pour s\u2019opposer \u00e0 la peine de mort en pleine r\u00e9volution, <a href=\"https:\/\/fr.wikisource.org\/wiki\/Discours_sur_la_peine_de_mort_(Robespierre,_1791)\">m\u00eame si Robespierre, \u00e0 l\u2019origine au moins, \u00e9tait sur les m\u00eames position<\/a>s. Le seigneur de Lacoste paya cette originalit\u00e9 de sa libert\u00e9, et ne dut la vie sauve qu\u2019aux embarras administratifs de la Terreur.<br \/>\nQuant au <a href=\"http:\/\/www.jbjv.com\/Sade-et-la-question-penale.html\">Code p\u00e9nal revisit\u00e9 par Sade<\/a>, le lecteur curieux en trouvera l\u2019essentiel dans <a href=\"https:\/\/fr.wikisource.org\/wiki\/Aline_et_Valcour\/Lettre_XXXV_(suite)\">la seconde partie de la lettre XXXV<\/a> d\u2019<em>Aline et Valcour<\/em>. Comme Beccaria, le premier \u00e0 s\u2019\u00eatre oppos\u00e9 au XVIII\u00e8me si\u00e8cle \u00e0 la peine capitale, Sade veut un syst\u00e8me p\u00e9nal qui ne cherche pas \u00e0 punir, mais \u00e0 amender le coupable.<br \/>\nEt de la guillotine, \u00f4 fid\u00e8les lecteurs, on ne ressort pas r\u00e9par\u00e9.<br \/>\nPire : la peine de mort ab\u00eeme aussi ceux qui y assistent \u2014 de pr\u00e8s ou de loin. <a href=\"http:\/\/www.exclassics.com\/newgate\/courv.htm\">William Thackeray est un jour all\u00e9 voir pendre un homme<\/a>. Et le r\u00e9cit qu\u2019il en a tir\u00e9, remarquable en tous points, est limpide : la joie des spectateurs n\u2019a rien \u00e0 voir avec une r\u00e9g\u00e9n\u00e9ration morale, comme on disait volontiers \u00e0 l\u2019\u00e9poque. En instituant le meurtre l\u00e9gal, la peine de mort ouvre la porte au meurtre ill\u00e9gal. La force de l\u2019exemple, n\u2019est-ce pas\u2026<br \/>\nSans compter que le co\u00fbt d\u2019une condamnation \u00e0 mort, <a href=\"http:\/\/www.lapresse.ca\/le-soleil\/actualites\/justice-et-faits-divers\/201202\/01\/01-4491743-peine-de-mort-trois-fois-plus-cher-pour-letat-que-la-prison-a-vie.php\">si je prends l\u2019exemple de Etats-Unis<\/a>, est proprement exorbitant. \u00c0 moins que le FN n\u2019envisage la d\u00e9capitation au sabre ? Mais alors, qu\u2019est-ce qui le distingue des barbares qui s\u00e9vissent dans ces pays qui lui servent par ailleurs de repoussoir ? Aucune envie que la France prenne mod\u00e8le sur l\u2019Arabie saoudite \u2014 m\u00eame si le recrutement de bourreaux ne poserait, sans doute, aucun probl\u00e8me\u2026<br \/>\nUn cran plus loin : une perp\u00e9tuit\u00e9 r\u00e9elle ferait des hommes condamn\u00e9s \u00e0 ce genre de peine des fauves que les gardiens auraient bien du mal \u00e0 mater : sans espoir, m\u00eame lointain, qu\u2019est-ce que le condamn\u00e9 a \u00e0 perdre ?<br \/>\nQuant \u00e0 un r\u00e9f\u00e9rendum sur la question\u2026 C\u2019est tout \u00e0 la gloire de Mitterrand et de Badinter d\u2019avoir fait voter l\u2019abolition, en septembre 1981, par l\u2019Assembl\u00e9e \u2014 et Chirac, parmi d\u2019autres, a vot\u00e9 avec la Gauche, ce qui lui vaudra \u00e0 jamais mon respect inoxydable. \u00c0 leur gloire aussi d\u2019avoir refus\u00e9 un r\u00e9f\u00e9rendum : il est des moments o\u00f9 il faut faire passer les Lumi\u00e8res par-dessus la t\u00eate de la d\u00e9mocratie.<\/p>\n<p>Voil\u00e0 \u2014 je ne cherche pas \u00e0 faire du lyrisme, comme Hugo dans la pr\u00e9face au <em>Dernier jour d\u2019un condamn\u00e9<\/em>. La peine de mort ne r\u00e9sout rien \u2014 elle aggrave les choses. Qu\u2019un parti qui n\u2019est pas dirig\u00e9 par des imb\u00e9ciles \u2014 comme dirait Sade \u2014 maintienne, pour garder le noyau dur des jusqu\u2019auboutistes de l\u2019extr\u00eame-droite, le r\u00e9tablissement de ce crime inutile dans son arsenal de propositions me para\u00eet un peu m\u00e9prisable. Je sais bien qu\u2019on n\u2019attrape pas les mouches avec du vinaigre. Mais il y a tant de bonnes raisons de ne voter ni pour le PS ni pour la Droite classique que franchement, on n\u2019a pas besoin d\u2019agiter un chiffon rouge de sang pour attirer \u00e0 soi les votes de la France p\u00e9riph\u00e9rique.<\/p>\n<p>Jean-Paul Brighelli<\/p>\n","protected":false},"excerpt":{"rendered":"<p>\u00ab R\u00e9tablissement de la peine de mort ou instauration de la r\u00e9clusion criminelle \u00e0 perp\u00e9tuit\u00e9 r\u00e9elle \u00bb, dit le programme du FN. Et de pr\u00e9ciser : \u00ab L\u2019alternative entre ces deux possibilit\u00e9s pour renforcer notre arsenal p\u00e9nal sera propos\u00e9e aux Fran\u00e7ais par r\u00e9f\u00e9rendum. La r\u00e9clusion \u00e0 perp\u00e9tuit\u00e9 aurait un caract\u00e8re d\u00e9finitif et irr\u00e9versible, le criminel [&hellip;]<\/p>\n","protected":false},"author":6,"featured_media":0,"comment_status":"open","ping_status":"open","sticky":false,"template":"","format":"standard","meta":{"footnotes":""},"categories":[1],"tags":[125,826,827,222,363,828],"class_list":{"0":"post-944","1":"post","2":"type-post","3":"status-publish","4":"format-standard","6":"category-non-classe","7":"tag-fn","8":"tag-peine-de-mort","9":"tag-perpetuite","10":"tag-robespierre","11":"tag-sade","12":"tag-thackeray"},"_links":{"self":[{"href":"https:\/\/blog.causeur.fr\/bonnetdane\/wp-json\/wp\/v2\/posts\/944","targetHints":{"allow":["GET"]}}],"collection":[{"href":"https:\/\/blog.causeur.fr\/bonnetdane\/wp-json\/wp\/v2\/posts"}],"about":[{"href":"https:\/\/blog.causeur.fr\/bonnetdane\/wp-json\/wp\/v2\/types\/post"}],"author":[{"embeddable":true,"href":"https:\/\/blog.causeur.fr\/bonnetdane\/wp-json\/wp\/v2\/users\/6"}],"replies":[{"embeddable":true,"href":"https:\/\/blog.causeur.fr\/bonnetdane\/wp-json\/wp\/v2\/comments?post=944"}],"version-history":[{"count":0,"href":"https:\/\/blog.causeur.fr\/bonnetdane\/wp-json\/wp\/v2\/posts\/944\/revisions"}],"wp:attachment":[{"href":"https:\/\/blog.causeur.fr\/bonnetdane\/wp-json\/wp\/v2\/media?parent=944"}],"wp:term":[{"taxonomy":"category","embeddable":true,"href":"https:\/\/blog.causeur.fr\/bonnetdane\/wp-json\/wp\/v2\/categories?post=944"},{"taxonomy":"post_tag","embeddable":true,"href":"https:\/\/blog.causeur.fr\/bonnetdane\/wp-json\/wp\/v2\/tags?post=944"}],"curies":[{"name":"wp","href":"https:\/\/api.w.org\/{rel}","templated":true}]}}