{"id":954,"date":"2015-11-17T04:29:51","date_gmt":"2015-11-17T04:29:51","guid":{"rendered":"http:\/\/blog.causeur.fr\/bonnetdane\/?p=954"},"modified":"2021-04-22T18:49:40","modified_gmt":"2021-04-22T16:49:40","slug":"kamikazes","status":"publish","type":"post","link":"https:\/\/blog.causeur.fr\/bonnetdane\/kamikazes-954","title":{"rendered":"Kamikazes"},"content":{"rendered":"<p>\u00ab Attentats \u00e0 Paris : l\u2019un des kamikazes tenait un \u00ab coffee shop \u00bb \u00e0 Bruxelles \u00bb (<em>20 minutes<\/em>). \u00ab Isma\u00ebl Omar Mostefa\u00ef, l\u2019un des kamikazes fran\u00e7ais du Bataclan \u00bb (<em>le Monde<\/em>). \u00ab Attentats de Paris : un des kamikazes venait de louer un appartement \u00e0 Bobigny \u00bb (<em>le Parisien<\/em>). \u00ab Attentats de Paris : qui sont les kamikazes identifi\u00e9s ? \u00bb (<em>RFI<\/em>). \u00ab Le myst\u00e8re du comportement des kamikazes au Stade de France \u00bb (<em>Huffington Post<\/em>). \u00ab Attaques de Paris : qui sont les kamikazes, quels complices \u00e9ventuels ? \u00bb (<em>Le Point<\/em>)<\/p>\n<p>Kamikazes par ci, kamikazes par l\u00e0 : on va finir par croire que ce sont des Japonais qui ont sem\u00e9 la mort \u00e0 Paris vendredi 13.<br \/>\nL\u2019amateur de culture japonaise que je suis s\u2019insurge !<\/p>\n<p>Kamikaze (pour bien faire, il faudrait accentuer le \u00ab e \u00bb muet final, <em>kamikaz\u00e9<\/em>). Le mot signifie \u00ab vent divin \u00bb, en r\u00e9f\u00e9rence aux typhons l\u00e9gendaires qui engloutirent par deux fois, en 1274 et 1281, la flotte mongole de Kubilai Khan pr\u00eate \u00e0 envahir le Japon.<br \/>\nPuis ce fut un militaire lanc\u00e9 dans les op\u00e9rations d\u00e9sesp\u00e9r\u00e9es d\u00e9cid\u00e9es par le haut commandement nippon \u00e0 partir de novembre 1944, quand il fut clair que la guerre \u00e9tait perdue, mais pas l\u2019honneur. Que cette man\u0153uvre f\u00fbt militairement peu efficace, face \u00e0 l\u2019armada am\u00e9ricaine, et humainement et sociologiquement d\u00e9sastreuse, en sacrifiant des milliers de jeunes cadets sortis du syst\u00e8me universitaire, est une autre histoire. Dans tous les cas, il s\u2019agissait de soldats partant affronter d\u2019autres soldats. Pas d\u2019assassins \u2014 un mot persan (d\u00e9signant la secte des Nizarites) confondu avec un mot arabe (fumeurs de haschisch), tiens \u2014 vou\u00e9s \u00e0 massacrer des populations civiles indistinctement. \u00c7a, \u00e7a s\u2019appelle des criminels, et un criminel islamiste (le mot que Fran\u00e7ois Hollande ne prononce pas) est juste un criminel. Un chien enrag\u00e9. M\u00eame pas un homme.<\/p>\n<p>Je viens de voir en DVD \u2014 avec deux ans de retard \u2014 un magnifique (j\u2019insiste) film de Takashi Yamazaki, <em>Kamikaze<\/em> en fran\u00e7ais, <em>l\u2019Eternel Z\u00e9ro<\/em> (du nom des avions sur lesquels embarquaient les kamikazes) en japonais et en anglais. Un tr\u00e8s beau film, tr\u00e8s \u00e9mouvant, sur la m\u00e9moire \u2014 les deux petits-enfants d\u2019un kamikaze enqu\u00eatent aujourd\u2019hui aupr\u00e8s des (rares) survivants sur celui qui fut leur grand-p\u00e8re et qui disparut dans les derniers combats \u2014 salu\u00e9 par le Premier ministre Shinzo Abe, et critiqu\u00e9 comme il se doit par les pacifistes : le Japon apparemment a son lot d\u2019associations culpabilisantes.<a href=\"http:\/\/blog.causeur.fr\/bonnetdane\/files\/2015\/11\/220px-Eternal_zero_film_poster.jpg\"><img loading=\"lazy\" decoding=\"async\" class=\"aligncenter size-full wp-image-962\" src=\"http:\/\/blog.causeur.fr\/bonnetdane\/files\/2015\/11\/220px-Eternal_zero_film_poster.jpg\" alt=\"\" width=\"220\" height=\"309\" srcset=\"https:\/\/blog.causeur.fr\/bonnetdane\/wp-content\/uploads\/sites\/25\/2015\/11\/220px-Eternal_zero_film_poster.jpg 220w, https:\/\/blog.causeur.fr\/bonnetdane\/wp-content\/uploads\/sites\/25\/2015\/11\/220px-Eternal_zero_film_poster-213x300.jpg 213w\" sizes=\"auto, (max-width: 220px) 100vw, 220px\" \/><\/a> Un film-enqu\u00eate (mais ponctu\u00e9 de tr\u00e8s belles sc\u00e8nes d\u2019aviation et de combat) qui montre bien justement l\u2019aspect humain de ces soldats vou\u00e9s \u00e0 mourir. Apr\u00e8s tout, le kamikaze se suicidait aux commandes de son avion, tout comme les samoura\u00efs se faisaient seppuku.<br \/>\nComme je ne r\u00e9pugne jamais \u00e0 faire l\u2019\u00e9ducation des foules, je rappellerai que les samoura\u00efs avaient \u00e9t\u00e9 tout simplement interdits sous l\u2019\u00e8re Meiji (1868-1912), que le droit m\u00eame de porter une \u00e9p\u00e9e leur avait \u00e9t\u00e9 retir\u00e9 sous peine de mort, mais que leur mythe avait \u00e9t\u00e9 opportun\u00e9ment r\u00e9habilit\u00e9 sous l\u2019\u00e9ph\u00e9m\u00e8re \u00e8re Taisho (1912-1926) et surtout sous l\u2019\u00e8re Showa (1926-1989 \u2014 de l\u2019invasion de la Mandchourie au Japon moderne en passant par la Seconde guerre mondiale, le long r\u00e8gne d\u2019Hirohito), avant d\u2019\u00eatre r\u00e9cup\u00e9r\u00e9 par les yakuzas, le folklore cin\u00e9matographique de la reconstruction \u2014 pas un hasard \u2014 et, d\u2019une certaine mani\u00e8re, par les cadres sup\u00e9rieurs japonais modernes. Ce mouvement de balancier a permis l\u2019exaltation de ces jeunes gens pr\u00eats \u00e0 mourir pour l\u2019empereur. Et le suicide de Mishima par seppuku en 1970 n\u2019est jamais que l\u2019ultime d\u00e9monstration des valeurs traditionnelles du Japon en r\u00e9sistance \u00e0 l\u2019\u00e8re du base-ball et de la vulgarit\u00e9 am\u00e9ricaine.<br \/>\nSi nous \u00e9tions plus rigoureux nous-m\u00eames, les gastronomes ici devraient arroser les McDo de leur sang.<br \/>\nAucun rapport en tout cas avec ce qui vient de se passer : \u00e0 Paris, ce n\u2019\u00e9taient pas des \u00ab vrais croyants \u00bb affrontant des \u00ab crois\u00e9s \u00bb, comme ils aiment le dire \u2014 savent-ils seulement que les Croisades sont termin\u00e9es depuis 800 ans ? C\u2019\u00e9taient juste des connards sanguinaires.<\/p>\n<p>Jean-Paul Brighelli<\/p>\n","protected":false},"excerpt":{"rendered":"<p>\u00ab Attentats \u00e0 Paris : l\u2019un des kamikazes tenait un \u00ab coffee shop \u00bb \u00e0 Bruxelles \u00bb (20 minutes). \u00ab Isma\u00ebl Omar Mostefa\u00ef, l\u2019un des kamikazes fran\u00e7ais du Bataclan \u00bb (le Monde). \u00ab Attentats de Paris : un des kamikazes venait de louer un appartement \u00e0 Bobigny \u00bb (le Parisien). \u00ab Attentats de Paris : [&hellip;]<\/p>\n","protected":false},"author":6,"featured_media":0,"comment_status":"open","ping_status":"open","sticky":false,"template":"","format":"standard","meta":{"footnotes":""},"categories":[1],"tags":[713,835,836],"class_list":{"0":"post-954","1":"post","2":"type-post","3":"status-publish","4":"format-standard","6":"category-non-classe","7":"tag-attentats","8":"tag-kamikazes","9":"tag-takashi-yamazaki"},"_links":{"self":[{"href":"https:\/\/blog.causeur.fr\/bonnetdane\/wp-json\/wp\/v2\/posts\/954","targetHints":{"allow":["GET"]}}],"collection":[{"href":"https:\/\/blog.causeur.fr\/bonnetdane\/wp-json\/wp\/v2\/posts"}],"about":[{"href":"https:\/\/blog.causeur.fr\/bonnetdane\/wp-json\/wp\/v2\/types\/post"}],"author":[{"embeddable":true,"href":"https:\/\/blog.causeur.fr\/bonnetdane\/wp-json\/wp\/v2\/users\/6"}],"replies":[{"embeddable":true,"href":"https:\/\/blog.causeur.fr\/bonnetdane\/wp-json\/wp\/v2\/comments?post=954"}],"version-history":[{"count":0,"href":"https:\/\/blog.causeur.fr\/bonnetdane\/wp-json\/wp\/v2\/posts\/954\/revisions"}],"wp:attachment":[{"href":"https:\/\/blog.causeur.fr\/bonnetdane\/wp-json\/wp\/v2\/media?parent=954"}],"wp:term":[{"taxonomy":"category","embeddable":true,"href":"https:\/\/blog.causeur.fr\/bonnetdane\/wp-json\/wp\/v2\/categories?post=954"},{"taxonomy":"post_tag","embeddable":true,"href":"https:\/\/blog.causeur.fr\/bonnetdane\/wp-json\/wp\/v2\/tags?post=954"}],"curies":[{"name":"wp","href":"https:\/\/api.w.org\/{rel}","templated":true}]}}