{"id":96,"date":"2007-07-19T08:24:51","date_gmt":"2007-07-19T08:24:51","guid":{"rendered":"http:\/\/blog.causeur.fr\/bonnetdane\/?p=96"},"modified":"2021-04-22T18:53:59","modified_gmt":"2021-04-22T16:53:59","slug":"service-minimum","status":"publish","type":"post","link":"https:\/\/blog.causeur.fr\/bonnetdane\/service-minimum-96","title":{"rendered":"Service minimum"},"content":{"rendered":"<p>Invit\u00e9 du 19-20 de France-Inter le 17 juillet, Fran\u00e7ois Fillon a susurr\u00e9 que le service minimum dans les transports pouvait servir de \u00ab\u00a0mod\u00e8le pour \u00eatre \u00e9tendu \u00e0 d&rsquo;autres secteurs, dont l&rsquo;Education nationale\u00a0\u00bb. C\u2019\u00e9tait donner le b\u00e2ton pour se faire battre \u2014 inutilement. Et les syndicats d\u2019ironiser, non sans raison, sur la \u00ab cacophonie \u00bb qui r\u00e8gne entre le Premier ministre et son \u00e9quipe. Et le PS, qui ne demande pas mieux, ces temps-ci, que de se refaire une virginit\u00e9 singuli\u00e8rement \u00e9corn\u00e9e par ses dysharmonies internes, de juger le projet \u00ab inutilement provocateur \u00bb (1). <br \/> D\u2019autant que de projet, il n\u2019y en a pas \u00e0 l\u2019horizon imm\u00e9diat, a confirm\u00e9 Darcos. \u00c0 terme, bien s\u00fbr, on peut toujours discuter entre partenaires de bonne volont\u00e9 \u2014 un exemple frappant d\u2019oxymore \u00e0 la fran\u00e7aise\u2026<\/p>\n<p> De quoi s\u2019agit-il ? Essentiellement du Primaire \u2014 puisque la multiplicit\u00e9 des enseignants, la structure m\u00eame des \u00e9tablissements du Secondaire font que l\u2019accueil des \u00e9l\u00e8ves y est toujours assur\u00e9 \u2014 sauf dans quelques cas graves et rares de gr\u00e8ves motiv\u00e9es par la s\u00e9curit\u00e9 ou la violence.<br \/> Dans le Primaire, dans les \u00e9coles de petite taille en particulier, ce sont les enseignants non gr\u00e9vistes qui sont en charge des enfants \u2014 et qui en sont responsables : en clair, deux professeurs des \u00e9coles peuvent se retrouver g\u00e9rer 200 bambins d\u2019autant plus d\u00e9cha\u00een\u00e9s qu\u2019ils n\u2019auront pas classe, et seront comptables, juridiquement parlant, des accidents qui pourraient survenir. R\u00e9sultat, des instits m\u00eame d\u00e9sireux de ne pas se joindre \u00e0 un mouvement se retrouvent oblig\u00e9s de le suivre, ce qui am\u00e8ne les municipalit\u00e9s \u00e0 fermer carr\u00e9ment l\u2019\u00e9cole, par s\u00e9curit\u00e9 \u2014 ou par conviction politique, comme j&rsquo;en connais.<br \/> Et, du coup, voici une fois de plus les m\u00e8res de famille (jeunes, en g\u00e9n\u00e9ral, \u00e0 ce niveau) oblig\u00e9es de prendre une journ\u00e9e d\u2019arr\u00eat, parce que ce sont les m\u00e8res, le plus souvent, qui se coltinent les rejetons rejet\u00e9s \u00e0 la rue. <br \/>Bref, le r\u00e9sultat tangible de toute gr\u00e8ve lanc\u00e9e dans le Primaire, c\u2019est de remettre \u00e0 la maison, devant les fourneaux, des femmes dont le principal acquis, ces derni\u00e8res d\u00e9cennies, a \u00e9t\u00e9 de pouvoir participer \u00e0 la vie \u00e9conomique\u2026 Qui s\u2019\u00e9tonnera que les associations de parents d\u2019\u00e9l\u00e8ves, la PEEP, au moins \u2014 parce que je n\u2019ai rien entendu d\u2019assourdissant du c\u00f4t\u00e9 de la FCPE \u2014 soutiennent dans le principe l\u2019id\u00e9e d\u2019un service minimum\u2026<\/p>\n<p> Si n\u00e9gociation il y a dans ce domaine au minist\u00e8re, ce ne peut \u00eatre qu\u2019avec la participation des syndicats, des associations de parents, et des collectivit\u00e9s locales. Pourquoi, par exemple, ne pas donner aux maires les moyens d\u2019accueillir les enfants comme ils savent le faire le mercredi dans le cadre des centres a\u00e9r\u00e9s ? Serait-ce si lourd (financi\u00e8rement) \u00e0 mettre en place ? Les gr\u00e8ves d\u2019enseignants sont-elles si nombreuses ?<br \/> Enfin, je sugg\u00e8re aux syndicalistes (de gauche, forc\u00e9ment) de peser avec soin l\u2019arme de la gr\u00e8ve. Je n\u2019ai jamais compris l\u2019int\u00e9r\u00eat de ces rituels sur 24 heures qui ne servent qu\u2019\u00e0 perdre une journ\u00e9e de salaire. Et je les supplie de mesurer l\u2019un des effets pervers de ce syst\u00e8me : les gr\u00e8ves enseignantes sont l\u2019un des principaux motifs all\u00e9gu\u00e9s par les parents qui veulent inscrire leurs enfants dans le priv\u00e9. \u00c0 s\u2019accrocher bec et ongles \u00e0 des pratiques par ailleurs inefficaces (2), les syndicats font le lit du priv\u00e9 \u2014 est-ce bien l\u2019effet recherch\u00e9 ? Je d\u00e9fendrai toujours \u00e0 fond l\u2019\u00e9cole publique \u2014 et Xavier Darcos, par parenth\u00e8se, y a inscrit tous ses enfants, ce qui n\u2019est pas le cas de tout le monde, \u00e0 gauche comme \u00e0 droite \u2014, tant que sa fonction premi\u00e8re sera d\u2019instruire, et de faire partager une culture. Pas quand elle a pour but de prendre des enfants en otages de n\u00e9gociations \u00ab \u00e0 la fran\u00e7aise \u00bb.<\/p>\n<p>Jean-Paul Brighelli<\/p>\n<p>(1) Des strat\u00e8ges plus intelligents que moi m&rsquo;expliqueront sans doute l&rsquo;int\u00e9r\u00eat de se tirer une balle dans le pied, r\u00e9guli\u00e8rement. On a d\u00e9j\u00e0 vu \u00e7a avec Borloo et sa \u00ab\u00a0TVA sociale\u00a0\u00bb entre les deux tours des l\u00e9gislatives \u2014 une parole malheureuse, et 10% de l&rsquo;\u00e9lectorat bascule. Ou alors, l&rsquo;attrait du micro (ou de la cam\u00e9ra) est tel que l&rsquo;on ne peut s&#8217;emp\u00eacher de parler, parler, parler \u2014 pour ne rien dire. Et c&rsquo;est cela que l&rsquo;on appelle des politiques ? Qu&rsquo;en aurait pens\u00e9 Machiavel \u2014 ou Gabriel Naud\u00e9, pour en rester \u00e0 des r\u00e9f\u00e9rences fran\u00e7aises ?<br \/>(2) Une n\u00e9gociation permanente, \u00e0 l\u2019allemande, m\u2019a toujours paru une meilleure id\u00e9e que les crispations soudaines du syst\u00e8me fran\u00e7ais. Outre-Rhin, la gr\u00e8ve existe \u2014 c\u2019est un droit europ\u00e9en \u2014, mais elle mani\u00e9e avec une grande pr\u00e9cision, uniquement apr\u00e8s avoir tout essay\u00e9, et non en pr\u00e9alable de discussions qui se tiendront de toute mani\u00e8re, les syndicats le savent bien. Curieuse habitude de se mettre en gr\u00e8ve en attendant de recevoir le carton d\u2019invitation \u00e0 la table des n\u00e9gociations, qui le plus souvent a d\u00e9j\u00e0 \u00e9t\u00e9 post\u00e9.<\/p>\n","protected":false},"excerpt":{"rendered":"<p>Invit\u00e9 du 19-20 de France-Inter le 17 juillet, Fran\u00e7ois Fillon a susurr\u00e9 que le service minimum dans les transports pouvait servir de \u00ab\u00a0mod\u00e8le pour \u00eatre \u00e9tendu \u00e0 d&rsquo;autres secteurs, dont l&rsquo;Education nationale\u00a0\u00bb. C\u2019\u00e9tait donner le b\u00e2ton pour se faire battre \u2014 inutilement. Et les syndicats d\u2019ironiser, non sans raison, sur la \u00ab cacophonie \u00bb qui [&hellip;]<\/p>\n","protected":false},"author":6,"featured_media":0,"comment_status":"open","ping_status":"open","sticky":false,"template":"","format":"standard","meta":{"footnotes":""},"categories":[1],"tags":[],"class_list":{"0":"post-96","1":"post","2":"type-post","3":"status-publish","4":"format-standard","6":"category-non-classe"},"_links":{"self":[{"href":"https:\/\/blog.causeur.fr\/bonnetdane\/wp-json\/wp\/v2\/posts\/96","targetHints":{"allow":["GET"]}}],"collection":[{"href":"https:\/\/blog.causeur.fr\/bonnetdane\/wp-json\/wp\/v2\/posts"}],"about":[{"href":"https:\/\/blog.causeur.fr\/bonnetdane\/wp-json\/wp\/v2\/types\/post"}],"author":[{"embeddable":true,"href":"https:\/\/blog.causeur.fr\/bonnetdane\/wp-json\/wp\/v2\/users\/6"}],"replies":[{"embeddable":true,"href":"https:\/\/blog.causeur.fr\/bonnetdane\/wp-json\/wp\/v2\/comments?post=96"}],"version-history":[{"count":0,"href":"https:\/\/blog.causeur.fr\/bonnetdane\/wp-json\/wp\/v2\/posts\/96\/revisions"}],"wp:attachment":[{"href":"https:\/\/blog.causeur.fr\/bonnetdane\/wp-json\/wp\/v2\/media?parent=96"}],"wp:term":[{"taxonomy":"category","embeddable":true,"href":"https:\/\/blog.causeur.fr\/bonnetdane\/wp-json\/wp\/v2\/categories?post=96"},{"taxonomy":"post_tag","embeddable":true,"href":"https:\/\/blog.causeur.fr\/bonnetdane\/wp-json\/wp\/v2\/tags?post=96"}],"curies":[{"name":"wp","href":"https:\/\/api.w.org\/{rel}","templated":true}]}}