{"id":961,"date":"2015-11-20T15:01:47","date_gmt":"2015-11-20T15:01:47","guid":{"rendered":"http:\/\/blog.causeur.fr\/bonnetdane\/?p=961"},"modified":"2021-04-22T18:49:40","modified_gmt":"2021-04-22T16:49:40","slug":"sachez-reconnaitre-le-juif","status":"publish","type":"post","link":"https:\/\/blog.causeur.fr\/bonnetdane\/sachez-reconnaitre-le-juif-961","title":{"rendered":"Sachez reconna\u00eetre le Juif\u2026"},"content":{"rendered":"<p>Mercredi 18 novembre, vers 20h, Tsion Saadoun, professeur d\u2019Histoire \u00e0 l\u2019\u00e9cole juive Yavne, a \u00e9t\u00e9 agress\u00e9 dans le XIII\u00e8me arrondissement de Marseille \u2014 \u00e0 Saint-Just, \u00e0 la limite des Quartiers Nord, pour ceux qui ignorent tout de la \u00ab cit\u00e9 phoc\u00e9enne \u00bb (je mets des guillemets parce qu\u2019elle n\u2019a plus grand-chose \u00e0 voir avec une cit\u00e9 de Grande Gr\u00e8ce). \u00ab Deux hommes d\u2019une vingtaine d\u2019ann\u00e9es en scooter se sont approch\u00e9s de moi et m\u2019ont demand\u00e9 si je connaissais la rue Rapha\u00ebl. Ils m\u2019ont ensuite demand\u00e9 si j\u2019\u00e9tais juif ou musulman \u00bb : pour la petite histoire, il portait une casquette (et non une kippa, <a href=\"http:\/\/lci.tf1.fr\/france\/faits-divers\/marseille-un-enseignant-d-une-ecole-juive-blesse-a-coups-de-couteau-8685429.html?xtmc=enseignant&amp;xtcr=1\">comme a cru le savoir TF1<\/a>), et il est de type m\u00e9diterran\u00e9en, comme quelques centaines de milliers de personnes ici, avec une barbichette qui peut \u00e9voquer tout culte, y compris le culte du poil. Il devrait y avoir un signe distinctif pour reconna\u00eetre les Juifs sans avoir \u00e0 demander. Une \u00e9toile jaune, par exemple\u2026<br \/>\n\u00ab Et quand j\u2019ai dit que j\u2019\u00e9tais juif, ils se sont ru\u00e9s sur moi et m\u2019ont jet\u00e9 \u00e0 terre, en me disant qu\u2019ils allaient me faire souffrir et me tuer. \u00bb Puis ils l\u2019ont taillad\u00e9 avec deux couteaux \u2014 il a huit jours de RTT \u2014 en lui montrant une photo de Mohamed Merah et un tee-shirt de Daech (je peux t\u00e9moigner que \u00e7a se trouve, ici, j\u2019en ai crois\u00e9 dans la rue).<br \/>\nTsion Saadoun doit son salut, dit-il, \u00e0 une voiture qui a tourn\u00e9 dans cette rue mal \u00e9clair\u00e9e, et a provoqu\u00e9 la fuite des agresseurs. \u00ab Je l\u2019ai \u00e9chapp\u00e9 belle. Je me garde de faire un amalgame entre communaut\u00e9 musulmane et terrorisme. Il y a des abrutis partout, il faut faire la part des choses. La grande majorit\u00e9 des musulmans a une attitude tout \u00e0 fait normale, mod\u00e9r\u00e9e, qui s\u2019inscrit dans l\u2019esprit de la R\u00e9publique. \u00bb Comme dit la <em>Provence<\/em> d\u2019aujourd\u2019hui vendredi, Tsion Saadoun \u00ab se rendra ce soir dans sa synagogue, avec sa kippa sur la t\u00eate. Sans peur, mais en restant sur ses gardes. \u00bb Et d\u2019ajouter que Tsion Saadoun \u00ab n\u2019envisage pas pour autant de faire son alya \u00bb \u2014 un choix de plus en plus fr\u00e9quent chez les Juifs fran\u00e7ais en g\u00e9n\u00e9ral et marseillais en particulier.<br \/>\nLa pr\u00e9sidente du CRIF-Marseille, Mich\u00e8le Teboul, consid\u00e8re de son c\u00f4t\u00e9 \u00ab que cette agression rel\u00e8ve plus d\u2019un acte terroriste que d\u2019une violence ordinaire aggrav\u00e9e d\u2019insultes antis\u00e9mites \u00bb.<br \/>\nSoyons complet : la veille, une musulmane \u2014 rep\u00e9rable \u00e0 son voile, elle \u2014 <a href=\"http:\/\/lci.tf1.fr\/france\/faits-divers\/enseignant-juif-et-femme-musulmane-agresses-a-marseille-hollande-8685610.html\">a \u00e9t\u00e9 agress\u00e9e<\/a> pr\u00e8s du m\u00e9tro Castellane en plein centre ville, par un jeune cagoul\u00e9 \u00ab qui lui aurait donn\u00e9 un coup de poing et l\u2019aurait bless\u00e9e avec un cutter \u00bb en lui lan\u00e7ant : \u00ab C\u2019est \u00e0 cause de vous ce qui est arriv\u00e9 \u00bb.<br \/>\nEt Hollande d\u2019appeler \u00e0 une \u00ab r\u00e9action impitoyable \u00bb\u2026 Et Bernard Cazeneuve d\u2019affirmer que \u00ab tout est mis en \u0153uvre pour retrouver et interpeler les auteurs de ces actes inqualifiables\u2026 \u00bb<\/p>\n<p>Il y aurait un petit millier de djihadistes fran\u00e7ais dans la nature, dont quelques centaines sont rentr\u00e9s au pays sans \u00eatre inqui\u00e9t\u00e9s, gr\u00e2ces soient rendues \u00e0 Allah et \u00e0 l\u2019espace Schengen. On finira bien par les localiser. Il y a pr\u00e8s de 11 000 \u00ab fiches S \u00bb \u2014 des gens suspect\u00e9s de menacer la s\u00e9curit\u00e9 du territoire. L\u00e0, c\u2019est plus s\u00e9rieux, parce qu\u2019on ne s\u2019est pas donn\u00e9 les moyens de les neutraliser.<br \/>\nEt puis il y a la masse \u00e9norme des cr\u00e9tins de toutes ob\u00e9diences. De toutes origines. Aussi bien les adolescents en qu\u00eate d\u2019individuation, comme disent les psychologues pr\u00eats \u00e0 tout excuser, de d\u00e9biles mentaux, de fondamentalistes mous de la coiffe et d\u00e9sireux de se mettre en conformit\u00e9 avec un Coran qui appelle \u00e0 l\u2019extermination des infid\u00e8les, et de petits cons plus ou moins bourr\u00e9s qui trouvent dr\u00f4le d\u2019agresser un monsieur \u00e2g\u00e9 ou une jeune fille \u2014 une parmi les dizaines de milliers de filles voil\u00e9es de Marseille, qui feraient mieux d\u2019y renoncer, en attendant que \u00e7a se tasse \u2014et puis franchement, quelle id\u00e9e de se mettre un chiffon sur la t\u00eate\u2026 Certes, le pouvoir ne s&rsquo;en est pas souci\u00e9 pendant une d\u00e9cennie \u2014 et Mme Belkacem <a href=\"http:\/\/www.lepoint.fr\/politique\/emmanuel-berretta\/philippe-esnol-on-a-recu-l-ordre-de-fermer-les-yeux-sur-le-port-de-la-burka-16-01-2015-1897094_1897.php#xtor=CS2-239\">\u00ab\u00a0bottait en touche\u00a0\u00bb <\/a>quand un s\u00e9nateur PS posait la question du port des burkas sur le march\u00e9 de Mantes-la-Jolie \/ Conflans Sainte-Honorine \/ ou ailleurs \u2014 ici, par exemple. C&rsquo;est qu&rsquo;elle d\u00e9fendait les droits des femmes\u2026<br \/>\nJe dis un chiffon, mais rue du Petit Saint-Jean, \u00e0 deux pas de la gare Saint-Charles et de la Porte d\u2019Aix, on trouve ce genre d\u2019article seyant \u00e0 la porte des magasins \u2014 \u00e0 l\u2019usage des jeunes filles pas encore en fleur.<a href=\"http:\/\/blog.causeur.fr\/bonnetdane\/files\/2015\/11\/IMG_00000639.jpg\"><img loading=\"lazy\" decoding=\"async\" class=\"aligncenter size-medium wp-image-964\" src=\"http:\/\/blog.causeur.fr\/bonnetdane\/files\/2015\/11\/IMG_00000639-300x300.jpg\" alt=\"\" width=\"300\" height=\"300\" srcset=\"https:\/\/blog.causeur.fr\/bonnetdane\/wp-content\/uploads\/sites\/25\/2015\/11\/IMG_00000639-300x300.jpg 300w, https:\/\/blog.causeur.fr\/bonnetdane\/wp-content\/uploads\/sites\/25\/2015\/11\/IMG_00000639-150x150.jpg 150w, https:\/\/blog.causeur.fr\/bonnetdane\/wp-content\/uploads\/sites\/25\/2015\/11\/IMG_00000639-1024x1024.jpg 1024w, https:\/\/blog.causeur.fr\/bonnetdane\/wp-content\/uploads\/sites\/25\/2015\/11\/IMG_00000639.jpg 1936w\" sizes=\"auto, (max-width: 300px) 100vw, 300px\" \/><\/a><br \/>\nLe laxisme qui depuis quinze ans (depuis qu\u2019a paru ce petit livre annonciateur d\u2019orages qu\u2019\u00e9tait <em>les Territoires perdus de la R\u00e9publique<\/em>) a servi de politique, la la\u00efcit\u00e9 \u00ab am\u00e9nag\u00e9e \u00bb, la loi de 2004 limit\u00e9e aux \u00e9tablissements d\u2019enseignement secondaire, les risettes aux \u00ab communaut\u00e9s \u00bb qui se regardent en chiens de fa\u00efence, nos partis-pris pendant la guerre des Balkans et la balkanisation de certaines villes \u2014 et Marseille en est un exemple-type \u2014, tout concourt \u00e0 d\u00e9complexer les islamistes \u2014 sans compter les imb\u00e9ciles qui d\u2019action en r\u00e9action vont finir par mettre la France \u00e0 feu et \u00e0 sang. Apr\u00e8s tout, le seul conseiller municipal FN a \u00e9t\u00e9 \u00e9lu dans les quartiers Nord \u2014 avec des voix musulmanes.<br \/>\nEn attendant, pendant que leurs a\u00een\u00e9s se documentent sur FesseBouc, les gosses des quartiers Nord peuvent <a href=\"http:\/\/www.essalam.com\/advanced_search_result.php?keywords=La+Voie+du+Petit+Musulman&amp;osCsid=962474f491c2b473ceca3ef56900cc3e&amp;x=9&amp;y=10\">apprendre dans <em>la Voie du petit musulman<\/em><\/a> quel comportement l\u2019Islam attend de ses fid\u00e8les :<a href=\"http:\/\/blog.causeur.fr\/bonnetdane\/files\/2015\/11\/Pi\u00e8ce-jointe-Mail.jpeg\"><img loading=\"lazy\" decoding=\"async\" class=\"aligncenter size-full wp-image-965\" src=\"http:\/\/blog.causeur.fr\/bonnetdane\/files\/2015\/11\/Pi\u00e8ce-jointe-Mail.jpeg\" alt=\"\" width=\"485\" height=\"684\" srcset=\"https:\/\/blog.causeur.fr\/bonnetdane\/wp-content\/uploads\/sites\/25\/2015\/11\/Pi\u00e8ce-jointe-Mail.jpeg 485w, https:\/\/blog.causeur.fr\/bonnetdane\/wp-content\/uploads\/sites\/25\/2015\/11\/Pi\u00e8ce-jointe-Mail-212x300.jpg 212w\" sizes=\"auto, (max-width: 485px) 100vw, 485px\" \/><\/a><br \/>\nNous ne sommes qu\u2019au d\u00e9but de la guerre. Et nous ne la gagnerons pas avec des mouvements de menton.<\/p>\n<p>Jean-Paul Brighelli<\/p>\n","protected":false},"excerpt":{"rendered":"<p>Mercredi 18 novembre, vers 20h, Tsion Saadoun, professeur d\u2019Histoire \u00e0 l\u2019\u00e9cole juive Yavne, a \u00e9t\u00e9 agress\u00e9 dans le XIII\u00e8me arrondissement de Marseille \u2014 \u00e0 Saint-Just, \u00e0 la limite des Quartiers Nord, pour ceux qui ignorent tout de la \u00ab cit\u00e9 phoc\u00e9enne \u00bb (je mets des guillemets parce qu\u2019elle n\u2019a plus grand-chose \u00e0 voir avec une [&hellip;]<\/p>\n","protected":false},"author":6,"featured_media":0,"comment_status":"open","ping_status":"open","sticky":false,"template":"","format":"standard","meta":{"footnotes":""},"categories":[1],"tags":[837,779,61],"class_list":{"0":"post-961","1":"post","2":"type-post","3":"status-publish","4":"format-standard","6":"category-non-classe","7":"tag-agression-antisemite","8":"tag-juif","9":"tag-marseille"},"_links":{"self":[{"href":"https:\/\/blog.causeur.fr\/bonnetdane\/wp-json\/wp\/v2\/posts\/961","targetHints":{"allow":["GET"]}}],"collection":[{"href":"https:\/\/blog.causeur.fr\/bonnetdane\/wp-json\/wp\/v2\/posts"}],"about":[{"href":"https:\/\/blog.causeur.fr\/bonnetdane\/wp-json\/wp\/v2\/types\/post"}],"author":[{"embeddable":true,"href":"https:\/\/blog.causeur.fr\/bonnetdane\/wp-json\/wp\/v2\/users\/6"}],"replies":[{"embeddable":true,"href":"https:\/\/blog.causeur.fr\/bonnetdane\/wp-json\/wp\/v2\/comments?post=961"}],"version-history":[{"count":0,"href":"https:\/\/blog.causeur.fr\/bonnetdane\/wp-json\/wp\/v2\/posts\/961\/revisions"}],"wp:attachment":[{"href":"https:\/\/blog.causeur.fr\/bonnetdane\/wp-json\/wp\/v2\/media?parent=961"}],"wp:term":[{"taxonomy":"category","embeddable":true,"href":"https:\/\/blog.causeur.fr\/bonnetdane\/wp-json\/wp\/v2\/categories?post=961"},{"taxonomy":"post_tag","embeddable":true,"href":"https:\/\/blog.causeur.fr\/bonnetdane\/wp-json\/wp\/v2\/tags?post=961"}],"curies":[{"name":"wp","href":"https:\/\/api.w.org\/{rel}","templated":true}]}}