{"id":963,"date":"2015-11-21T16:33:56","date_gmt":"2015-11-21T16:33:56","guid":{"rendered":"http:\/\/blog.causeur.fr\/bonnetdane\/?p=963"},"modified":"2021-04-22T18:49:40","modified_gmt":"2021-04-22T16:49:40","slug":"a-noi-date-vittoria","status":"publish","type":"post","link":"https:\/\/blog.causeur.fr\/bonnetdane\/a-noi-date-vittoria-963","title":{"rendered":"A noi date vittoria !"},"content":{"rendered":"<p>Ce week-end <em>la Marseillaise<\/em> aura retenti dans tous les stades en pr\u00e9lude \u00e0 tous les matchs, <a href=\"http:\/\/www.lequipe.fr\/Football\/Actualites\/La-marseillaise-dans-les-stades-de-l1-pas-de-proces-d-intention-assure-frederic-thiriez\/609431\">selon le souhait de Fr\u00e9d\u00e9ric Thiriez<\/a>, pr\u00e9sident de la Ligue de Football Professionnel \u2014 sauf \u00e0 Bastia, qui re\u00e7oit Ajaccio. Crainte que <em>la Marseillaise<\/em> soit siffl\u00e9e, cela est d\u00e9j\u00e0 arriv\u00e9 dans des contextes tout \u00e0 fait diff\u00e9rents \u2014 apr\u00e8s tout, l\u00e0-bas, <em>la Marseillaise<\/em> c\u2019est la France, et la France, c\u2019est vite l\u2019ennemi, pour tous les nationalistes qui tra\u00eenent encore dans l\u2019\u00eele \u2014 m\u00eame si les vrais irr\u00e9ductibles sont morts au tournant des ann\u00e9es 2000, myst\u00e9rieusement tu\u00e9s par des tireurs d\u2019\u00e9lite ou des commandos jouissant d\u2019une impunit\u00e9 \u00e9trange.<br \/>\n\u00c0 la place, <a href=\"http:\/\/www.lequipe.fr\/Football\/Actualites\/Bastia-pas-de-marseillaise-en-hommage-aux-victimes-des-attentats-de-paris-et-saint-denis\/609334\">annonce le club<\/a>, on <a href=\"https:\/\/www.youtube.com\/watch?v=51VlC2tF4yw\">chantera le <em>Dio vi salvi Regina<\/em>, l\u2019hymne corse<\/a>\u2026 De toute fa\u00e7on, c&rsquo;est traditionnel quand Bastia affronte Ajaccio. Deux clubs, mais une seule Corse. (Apr\u00e8s une nuit de r\u00e9flexion, les dirigeants de SC Bastia ont d\u00e9cid\u00e9 de jouer aussi la <em>Marseillaise<\/em> \u2014 c&rsquo;est un peu la moindre des choses\u2026).<a href=\"http:\/\/blog.causeur.fr\/bonnetdane\/files\/2015\/11\/IMG_00000651.jpg\"><img loading=\"lazy\" decoding=\"async\" class=\"aligncenter size-medium wp-image-972\" src=\"http:\/\/blog.causeur.fr\/bonnetdane\/files\/2015\/11\/IMG_00000651-300x300.jpg\" alt=\"\" width=\"300\" height=\"300\" srcset=\"https:\/\/blog.causeur.fr\/bonnetdane\/wp-content\/uploads\/sites\/25\/2015\/11\/IMG_00000651-300x300.jpg 300w, https:\/\/blog.causeur.fr\/bonnetdane\/wp-content\/uploads\/sites\/25\/2015\/11\/IMG_00000651-150x150.jpg 150w, https:\/\/blog.causeur.fr\/bonnetdane\/wp-content\/uploads\/sites\/25\/2015\/11\/IMG_00000651-1024x1024.jpg 1024w, https:\/\/blog.causeur.fr\/bonnetdane\/wp-content\/uploads\/sites\/25\/2015\/11\/IMG_00000651.jpg 1936w\" sizes=\"auto, (max-width: 300px) 100vw, 300px\" \/><\/a><br \/>\nLe <em>Dio vi salvi Regina<\/em> ferait plaisir \u00e0 Eric Zemmour qui depuis quelques temps exalte les racines chr\u00e9tiennes de la France, et <a href=\"http:\/\/www.lefigaro.fr\/vox\/societe\/2015\/11\/18\/31003-20151118ARTFIG00201-voltaire-peut-il-nous-sauver.php\">me reproche m\u00eame <\/a>de ne pas verser dans le cureton. Il adorerait le <em>Salve Regina<\/em> \u2014 un chant religieux d\u2019origine italienne, dont les Corses ont modifi\u00e9 un seul mot. \u00c0 la place de<\/p>\n<p>\u00ab Voi dei nemeci <em>vostri<\/em><br \/>\nA noi date vittoria \u00bb,<\/p>\n<p>o\u00f9 le <em>vostri<\/em> \u00e9voque, sous la plume de Francesco de Geronimo, les maux qui accablaient alors les pauvres Napolitains dont il avait la charge, les Corses chantent<\/p>\n<p>\u00ab \u00ab Voi dei nemeci <em>nostri<\/em><br \/>\nA noi date vittoria \u00bb.<\/p>\n<p>En gros : aide-nous \u00e0 nous d\u00e9barrasser de nos ennemis. Le genre de souhait que l\u2019on adresse rarement \u00e0 la Vierge, qui n\u2019est que douceur \u2014 compar\u00e9e \u00e0 ces fiers-\u00e0-bras que sont Saint Michel ou Saint Georges, sans compter tous les grands massacreurs de l\u2019Ancien Testament. Sauf dans l\u2019\u00cele de beaut\u00e9, comme on dit dans les d\u00e9pliants touristiques \u2014 et ma foi, pour une fois qu\u2019un poncif est justifi\u00e9\u2026 L\u00e0-bas, on enr\u00f4le aussi la Vierge pour <em>fare vendetta<\/em>\u2026<\/p>\n<p>Oui \u2014 aide-nous \u00e0 nous d\u00e9barrasser de nos ennemis\u2026 Chant\u00e9 par les ch\u0153urs ind\u00e9pendantistes, tout le monde sait que l\u2019ennemi, ce sont les enfants et les petits-enfants du marquis de Marbeuf, l\u2019homme qui voulait r\u00e9duire en cendres la ch\u00e2taigneraie corse pour affamer les insulaires, durant la guerre de 1768-1769\u2026 Mais dans un contexte plus imm\u00e9diat, celui de l\u2019apr\u00e8s-attentats, <em>nostri nemeci<\/em> sont du genre fous-de-dieu des deux sexes : une amie enseignante me racontait il y a deux jours que, voyant monter dans son m\u00e9tro marseillais une femme v\u00eatue d\u2019un tchador, elle s\u2019est instinctivement r\u00e9fugi\u00e9e tout en bout de rame, et que la plupart des passagers ont pr\u00e9f\u00e9r\u00e9 descendre plut\u00f4t que d\u2019affronter le risque qu\u2019elle soit bard\u00e9e d\u2019explosifs. Comportement peut-\u00eatre exag\u00e9r\u00e9 \u2014 mais la situation globale explique bien des choses.<br \/>\nEt je le dis franchement : les filles qui choisissent, en ce moment, de s\u2019affubler de ces d\u00e9froques de deuil et de mort pour continuer \u00e0 affirmer leur pr\u00e9sence visible jouent sur la psychose collective d\u2019un peuple bless\u00e9 par une poign\u00e9e de pseudo-martyrs. Je ne cautionnerai jamais les actes d\u2019agression gratuits contre les personnes. Mais dans un certain contexte, on peut s\u2019attendre \u00e0 ce que des esprits faibles et qui se sentent menac\u00e9s se constituent en milices, ou exhalent leurs peurs en comportements violents. Le vrai danger, il est l\u00e0 \u2014 pas dans le vote FN, qui reste un vote dans un cadre d\u00e9mocratique. Et les gouvernements l\u2019ont cherch\u00e9,<em> eyes wide shut<\/em> !<\/p>\n<p>\u00ab A noi date vittoria \u00bb, dit l\u2019hymne \u2014 <a href=\"https:\/\/www.youtube.com\/watch?v=DplIiMT1sNY\">\u00e0 chanter <em>a cappella<\/em><\/a>. <em>Hasta la victoria siempre<\/em>. Il n\u2019y a pas d\u2019autre issue que l\u2019extermination de l\u2019ennemi. Je regrette qu\u2019Onfray, qui <a href=\"http:\/\/www.lepoint.fr\/societe\/michel-onfray-la-france-doit-cesser-sa-politique-islamophobe-15-11-2015-1981858_23.php\">d\u00e9plore l\u2019islamophobie gouvernementale<\/a> (il faut \u00eatre gonfl\u00e9 pour trouver islamophobe un pr\u00e9sident de la r\u00e9publique qui dit \u00ab barbares \u00bb au lieu de dire \u00ab islamistes \u00bb, et \u00ab Daech \u00bb au lieu d\u2019 \u00ab Etat islamique \u00bb, dans les deux cas pour ne pas para\u00eetre stigmatiser l\u2019Islam), et qui du coup <a href=\"http:\/\/www.huffingtonpost.fr\/2015\/11\/21\/michel-honfray-daech-video-attentats_n_8616224.html\">se retrouve sur les vid\u00e9os de l&rsquo;Etat islamique<\/a>, n\u2019ait pas compris que l\u2019on ne se bat pas pour vaincre, mais pour annihiler. Et que nous pourrons respirer le jour o\u00f9 il ne restera plus un seuil combattant de l\u2019Etat islamique, d\u2019Al Qaeda et de leurs diverses succursales. Plus aucun disciple de Boko Haram et de toute cette galaxie de sectes fondamentalistes. Plus aucun djihadiste. Ni ici, ni l\u00e0-bas. On ne discute pas avec le fanatisme. On l\u2019\u00e9radique.<br \/>\nOn vient d\u2019apprendre qu\u2019un po\u00e8te palestinien en exil <a href=\"http:\/\/www.huffpostmaghreb.com\/2015\/11\/20\/ashraf-fayadh_n_8608504.html\">vient d\u2019\u00eatre condamn\u00e9 \u00e0 mort<\/a> en Arabie Saoudite pour blasph\u00e8me et apostasie. Et on fait encore des affaires avec ces gens-l\u00e0 ? La derni\u00e8re fois que c\u2019est arriv\u00e9 en France, c\u2019\u00e9tait en 1661 \u2014 le po\u00e8te s\u2019appelait Claude Le Petit, Louis XIV montait sur le tr\u00f4ne. Il y a trois si\u00e8cles et demi ! Et ce n\u2019est pas que l\u2019Islam a du retard, comme on l\u2019entend parfois : ils ignorent le Temps, rappelez-vous. Pour eux, avant-hier et demain sont un m\u00eame moment.<br \/>\nSi ce gouvernement n\u2019adorait pas les demi-mesures, il ne se serait pas content\u00e9 de proclamer trois mois d\u2019\u00e9tat d\u2019urgence \u2014 s\u2019il y a le moindre probl\u00e8me durant ces trois mois, et il y a bien des malchances qu\u2019il y en ait, il aura bonne mine. Non : il aurait utilis\u00e9 l\u2019article 16, comme la Constitution l\u2019y autorisait, et utilis\u00e9 l\u2019arm\u00e9e pour r\u00e9gler la question. Ici et maintenant.<\/p>\n<p>Jean-Paul Brighelli<\/p>\n","protected":false},"excerpt":{"rendered":"<p>Ce week-end la Marseillaise aura retenti dans tous les stades en pr\u00e9lude \u00e0 tous les matchs, selon le souhait de Fr\u00e9d\u00e9ric Thiriez, pr\u00e9sident de la Ligue de Football Professionnel \u2014 sauf \u00e0 Bastia, qui re\u00e7oit Ajaccio. Crainte que la Marseillaise soit siffl\u00e9e, cela est d\u00e9j\u00e0 arriv\u00e9 dans des contextes tout \u00e0 fait diff\u00e9rents \u2014 apr\u00e8s [&hellip;]<\/p>\n","protected":false},"author":6,"featured_media":0,"comment_status":"open","ping_status":"open","sticky":false,"template":"","format":"standard","meta":{"footnotes":""},"categories":[1],"tags":[310,838,549,227],"class_list":{"0":"post-963","1":"post","2":"type-post","3":"status-publish","4":"format-standard","6":"category-non-classe","7":"tag-corse","8":"tag-dio-vi-salvi-regina","9":"tag-etat-islamique","10":"tag-marseillaise"},"_links":{"self":[{"href":"https:\/\/blog.causeur.fr\/bonnetdane\/wp-json\/wp\/v2\/posts\/963","targetHints":{"allow":["GET"]}}],"collection":[{"href":"https:\/\/blog.causeur.fr\/bonnetdane\/wp-json\/wp\/v2\/posts"}],"about":[{"href":"https:\/\/blog.causeur.fr\/bonnetdane\/wp-json\/wp\/v2\/types\/post"}],"author":[{"embeddable":true,"href":"https:\/\/blog.causeur.fr\/bonnetdane\/wp-json\/wp\/v2\/users\/6"}],"replies":[{"embeddable":true,"href":"https:\/\/blog.causeur.fr\/bonnetdane\/wp-json\/wp\/v2\/comments?post=963"}],"version-history":[{"count":0,"href":"https:\/\/blog.causeur.fr\/bonnetdane\/wp-json\/wp\/v2\/posts\/963\/revisions"}],"wp:attachment":[{"href":"https:\/\/blog.causeur.fr\/bonnetdane\/wp-json\/wp\/v2\/media?parent=963"}],"wp:term":[{"taxonomy":"category","embeddable":true,"href":"https:\/\/blog.causeur.fr\/bonnetdane\/wp-json\/wp\/v2\/categories?post=963"},{"taxonomy":"post_tag","embeddable":true,"href":"https:\/\/blog.causeur.fr\/bonnetdane\/wp-json\/wp\/v2\/tags?post=963"}],"curies":[{"name":"wp","href":"https:\/\/api.w.org\/{rel}","templated":true}]}}