{"id":971,"date":"2015-11-30T13:57:50","date_gmt":"2015-11-30T13:57:50","guid":{"rendered":"http:\/\/blog.causeur.fr\/bonnetdane\/?p=971"},"modified":"2021-04-22T18:49:40","modified_gmt":"2021-04-22T16:49:40","slug":"le-pacha","status":"publish","type":"post","link":"https:\/\/blog.causeur.fr\/bonnetdane\/le-pacha-971","title":{"rendered":"Le Pacha"},"content":{"rendered":"<p>Dimanche 29 novembre, toute l&rsquo;UE s\u2019est r\u00e9unie \u00e0 Bruxelles <a href=\"http:\/\/www.lefigaro.fr\/flash-actu\/2015\/11\/29\/97001-20151129FILWWW00169-refugies-accord-sur-une-aide-de-3-milliards-d-euros-de-l-ue-pour-la-turquie.php\">pour accorder \u00e0 la Turquie<\/a> une subvention (pas un pr\u00eat, non : un don gracieux) de 3 milliards d\u2019euros destin\u00e9s a priori \u00e0 s\u2019occuper du million et demi de r\u00e9fugi\u00e9s syriens transitant par son territoire \u2014 et qui n\u2019ont pas vocation \u00e0 y rester.<br \/>\nJe dis \u00ab a priori \u00bb, parce qu\u2019il ne fait aucun doute que les subsides en question, tout <a href=\"http:\/\/www.agoravox.fr\/actualites\/international\/article\/6-milliards-d-euros-de-subventions-70798\">comme les 6 milliards vers\u00e9s en 2010<\/a> pour faciliter la \u00ab pr\u00e9-adh\u00e9sion \u00bb du pays \u00e0 l\u2019Europe, finiront dans les poches des chefs mafieux qui co-dirigent le pays avec le nouveau Sultan \u2014 l\u2019homme qui d\u00e9zingue les bombardiers russes qui effleurent son espace a\u00e9rien. Et qui les filme pendant leur chute.<a href=\"http:\/\/blog.causeur.fr\/bonnetdane\/files\/2015\/11\/Capture-d\u2019\u00e9cran-2015-11-30-\u00e0-14.43.42.png\"><img loading=\"lazy\" decoding=\"async\" class=\"aligncenter size-full wp-image-975\" src=\"http:\/\/blog.causeur.fr\/bonnetdane\/files\/2015\/11\/Capture-d\u2019\u00e9cran-2015-11-30-\u00e0-14.43.42.png\" alt=\"\" width=\"818\" height=\"464\" srcset=\"https:\/\/blog.causeur.fr\/bonnetdane\/wp-content\/uploads\/sites\/25\/2015\/11\/Capture-d\u2019\u00e9cran-2015-11-30-\u00e0-14.43.42.png 818w, https:\/\/blog.causeur.fr\/bonnetdane\/wp-content\/uploads\/sites\/25\/2015\/11\/Capture-d\u2019\u00e9cran-2015-11-30-\u00e0-14.43.42-300x170.png 300w\" sizes=\"auto, (max-width: 818px) 100vw, 818px\" \/><\/a><\/p>\n<p>Il manque aux Europ\u00e9ens quelques le\u00e7ons d\u2019Histoire, qui leur feraient comprendre ce que cherche Erdogan. Ce bienfaiteur de l\u2019humanit\u00e9 en g\u00e9n\u00e9ral et de l\u2019Islam en particulier a deux ambitions locales. D\u2019un c\u00f4t\u00e9 exterminer les Kurdes, dont les peshmergas \u2014 hommes et femmes \u2014 sont les seuls, \u00e0 l\u2019exception de quelques gardiens de la r\u00e9volution iraniens, \u00e0 se battre aux c\u00f4t\u00e9s de l\u2019arm\u00e9e syrienne contre l&rsquo;Etat islamique, <a href=\"http:\/\/geopolis.francetvinfo.fr\/les-kurdes-reprennent-sinjar-a-letat-islamique-assad-enregistre-des-victoires-86121\">et \u00e0 remporter des succ\u00e8s<\/a>. C\u2019est une vieille obsession turque \u2014 purifier ethniquement leurs fronti\u00e8res. D\u2019un autre c\u00f4t\u00e9, renverser Bachar, dont la pr\u00e9sence emp\u00eache Erdogan de reconstituer l\u2019ancien empire turc (de m\u00eame, la pr\u00e9sence du mar\u00e9chal Sissi en Egypte lui est une \u00e9pine dans le pied). Un empire qui irait de la Sublime Porte, comme on disait jadis, jusqu\u2019au Maghreb, longtemps colonie turque \u2014 voir l\u2019\u00e9pop\u00e9e de Barberousse, et tous les malandrins maures qui ont pirat\u00e9 la M\u00e9diterran\u00e9e au nom de Mehmet ou de Soliman.<\/p>\n<p>Projet \u00e0 moyen terme, int\u00e9grer l\u2019Europe (la France est quasiment le seul Etat <a href=\"http:\/\/www.lemonde.fr\/international\/article\/2014\/01\/29\/le-long-chemin-de-l-adhesion-turque-a-l-union-europeenne_4355569_3210.html\">qui s\u2019y oppose un peu<\/a>, l\u2019Allemagne a depuis tr\u00e8s longtemps \u2014 la Premi\u00e8re guerre mondiale au moins \u2014 tiss\u00e9 des liens \u00e9conomico-affectifs avec la Turquie) afin de r\u00e9ussir, cette fois, l\u2019invasion arr\u00eat\u00e9e sous les murs de Vienne par Nicolas von Salm en 1529<a href=\"http:\/\/blog.causeur.fr\/bonnetdane\/files\/2015\/11\/260px-Siege_of_Vienna_1529_by_Pieter_Snayers.jpeg\"><img loading=\"lazy\" decoding=\"async\" class=\"aligncenter size-full wp-image-976\" src=\"http:\/\/blog.causeur.fr\/bonnetdane\/files\/2015\/11\/260px-Siege_of_Vienna_1529_by_Pieter_Snayers.jpeg\" alt=\"\" width=\"260\" height=\"176\" \/><\/a> et par Ernst R\u00fcdiger von Starhemberg en 1683.<a href=\"http:\/\/blog.causeur.fr\/bonnetdane\/files\/2015\/11\/260px-Si\u00e8ge_de_Vienne_1683.jpg\"><img loading=\"lazy\" decoding=\"async\" class=\"aligncenter size-full wp-image-977\" src=\"http:\/\/blog.causeur.fr\/bonnetdane\/files\/2015\/11\/260px-Si\u00e8ge_de_Vienne_1683.jpg\" alt=\"\" width=\"260\" height=\"173\" \/><\/a> Sans oublier L\u00e9pante et quelques autres revers historiques \u2014 ou l\u2019exp\u00e9dition de Lawrence en Syrie et Arabie en 1917. Depuis le XVI\u00e8me si\u00e8cle, l\u2019Europe a constamment battu les Ottomans. Erdogan veut venger cinq si\u00e8cles de d\u00e9faites. Et, tant qu\u2019\u00e0 faire, en profiter pour imposer l\u2019Islam le plus fondamentaliste \u00e0 tous ces peuples \u2014 qu\u2019ils soient ou non musulmans. On parie que l\u2019Europe d\u2019aujourd\u2019hui, qui n\u2019est plus un empire mais un conglom\u00e9rat d\u2019app\u00e9tits, applaudira au nom de la mondialisation et de l\u2019\u00e9conomie de march\u00e9 aux esclaves ? Apr\u00e8s tout, ces m\u00eames Europ\u00e9ens ont appuy\u00e9 les Bosniaques, dont on commence \u00e0 reconna\u00eetre aujourd\u2019hui qu\u2019ils sont eux aussi des mafieux, contre les Serbes, qui luttaient depuis sept si\u00e8cles contre l\u2019envahisseur.<\/p>\n<p>Alors Erdogan \u00e9quipe Al-Nosra et les autres fous de Dieu, et laisse les mafieux \u00e9voqu\u00e9s plus haut <a href=\"http:\/\/www.huffingtonpost.fr\/2014\/10\/11\/daech-petrole-etat-islamique-marche-petrolier_n_5964614.html\">acheter le p\u00e9trole de l\u2019Etat islamique <\/a>\u2014 ou les tr\u00e9sors antiques d\u00e9rob\u00e9s au passage. Bien persuad\u00e9 que 78 millions de Turcs l\u2019emporteront ais\u00e9ment, \u00e0 l\u2019arriv\u00e9e, contre des tribus \u00e9parses \u2014 d\u2019autant qu\u2019il a les m\u00eames convictions fondamentalistes que les plus radicaux. Voir la fa\u00e7on dont il respecte la libert\u00e9 d\u2019opinion chez lui. Pour les journalistes d\u2019opposition, pour les dirigeants kurdes de partis soi-disant autoris\u00e9s, pour tous ceux qui protestent, c\u2019est <em>Midnight Express<\/em> tous les jours, l\u00e0-bas \u2014 et Erdogan <a href=\"http:\/\/www.20minutes.fr\/monde\/1501543-20141215-arrestations-journalistes-turcs-erdogan-dit-ue-meler-affaires\">sait envoyer pa\u00eetre l&rsquo;UE<\/a> quand elle fait semblant de s&rsquo;en offusquer. L\u2019Islam conqu\u00e9rant a sa fa\u00e7on tout \u00e0 lui de vous mettre du plomb dans la t\u00eate.<\/p>\n<p>Je suis all\u00e9 deux fois \u00e0 Istanbul, \u00e0 quarante ans de distance. En 1973, il n\u2019y avait pas une femme voil\u00e9e dans le grand Bazar. Aujourd\u2019hui, il n\u2019y a pour ainsi dire que \u00e7a \u00e0 l\u2019Universit\u00e9. L\u2019arm\u00e9e autrefois gage de la la\u00efcit\u00e9 h\u00e9rit\u00e9e de Mustapha Kemal et des Jeunes Turcs est pass\u00e9e tout enti\u00e8re sous le contr\u00f4le d\u2019un parti qui lui ach\u00e8te plein de joujoux co\u00fbteux pour faire boum-boum. Et qui tire le maximum de son adh\u00e9sion \u00e0 l\u2019OTAN.<\/p>\n<p>En face, au front,<a href=\"http:\/\/blog.causeur.fr\/bonnetdane\/les-cendres-de-talleyrand-00933.html\"> j\u2019ai d\u00e9j\u00e0 eu l\u2019occasion de le dire<\/a>, il n\u2019y a pour l\u2019instant que Poutine.<br \/>\nBien s\u00fbr, lui aussi a son propre agenda imp\u00e9rial. Si l\u2019un se voit sultan, l\u2019autre se r\u00eave tsar. Les man\u0153uvres en Ukraine, apr\u00e8s la Tch\u00e9tch\u00e9nie et la G\u00e9orgie, n\u2019ont gu\u00e8re d\u2019autre sens. Et le tsar a compris que l\u2019empire am\u00e9ricain, \u00e9chaud\u00e9 par ses aventures afghanes et irakiennes, lui laissait le champ libre \u2014 tout en soutenant le Sultan en sous-main. D\u2019o\u00f9 l\u2019intervention en Syrie : Poutine, qui sait que bon nombre de jihadistes sont d\u2019origine caucasienne, conna\u00eet les risques que l\u2019Islam fondamentaliste fait courir au monde \u2014 Al-Baghdawi r\u00eave lui aussi de restaurer l\u2019empire d\u2019Haroun al-Rachid.<br \/>\nD\u2019o\u00f9 le coup de semonce d\u2019Erdogan la semaine derni\u00e8re \u2014 j\u2019ai dans l\u2019id\u00e9e qu\u2019il ne l\u2019emportera pas au paradis, <a href=\"http:\/\/www.rfi.fr\/europe\/20151128-represailles-economiques-russie-contre-turquie\">et \u00e7a a commenc\u00e9<\/a>. D\u2019o\u00f9 l\u2019absence de condamnation europ\u00e9enne de ce qui est de toute \u00e9vidence un acte de guerre destin\u00e9, <a href=\"http:\/\/www.rtl.fr\/actu\/international\/avion-russe-abattu-vladimir-poutine-accuse-la-turquie-d-avoir-voulu-proteger-le-trafic-de-petrole-de-daesh-7780690462\">dit Poutine<\/a>, \u00e0 prot\u00e9ger les petits trafics p\u00e9troliers d&rsquo;Ankara. D&rsquo;o\u00f9 notre qu\u00eate d\u2019improbables alli\u00e9s dans cet Orient compliqu\u00e9, sans voir que nous avons les m\u00eames int\u00e9r\u00eats que les Russes. D&rsquo;o\u00f9 les appels path\u00e9tiques de Hollande \u00e0 l\u2019unit\u00e9 contre Daech, comme il dit, qui se heurtent \u00e0 la logique des empires.<br \/>\n\u00ab Mais\u2026 \u00bb, dit Angela Merkel\u2026 \u00ab M\u00ea\u00ea\u00ea\u2026 \u00bb b\u00ealent en \u00e9cho Fabius et le Conseil de l\u2019Europe. Continuons ainsi, et nous nous prendrons une d\u00e9ferlante turque dans les dents. Je n\u2019oublie pas, moi, qu\u2019en janvier dernier, \u00e0 Marseille, les seuls Musulmans, ou presque, qui particip\u00e8rent spontan\u00e9ment aux hommages \u00e0 Charlie \u00e9taient kurdes. Guerriers un jour, guerriers toujours. Certes ils ont leur propre agenda \u2014 d\u00e9limiter enfin un Etat qui soit le leur en rectifiant les fronti\u00e8res tir\u00e9es au cordeau et un peu au hasard ar les Anglo-fran\u00e7ais dans les ann\u00e9es 1920. Et alors ? C\u2019est eux qu\u2019il faut \u00e9quiper en priorit\u00e9 \u2014 m\u00eame si c\u2019est aussi pour se d\u00e9fendre contre les exactions du Sultan. Et c\u2019est avec Moscou (et avec T\u00e9h\u00e9ran, n\u2019en d\u00e9plaise aux isra\u00e9liens, qui ont leur propre agenda et voudraient nous le faire endosser) que nous pouvons tisser les alliances les plus solides.<\/p>\n<p>Jean-Paul Brighelli<\/p>\n","protected":false},"excerpt":{"rendered":"<p>Dimanche 29 novembre, toute l&rsquo;UE s\u2019est r\u00e9unie \u00e0 Bruxelles pour accorder \u00e0 la Turquie une subvention (pas un pr\u00eat, non : un don gracieux) de 3 milliards d\u2019euros destin\u00e9s a priori \u00e0 s\u2019occuper du million et demi de r\u00e9fugi\u00e9s syriens transitant par son territoire \u2014 et qui n\u2019ont pas vocation \u00e0 y rester. Je dis [&hellip;]<\/p>\n","protected":false},"author":6,"featured_media":0,"comment_status":"open","ping_status":"open","sticky":false,"template":"","format":"standard","meta":{"footnotes":""},"categories":[1],"tags":[848,850,849,566,33,178,278,847],"class_list":{"0":"post-971","1":"post","2":"type-post","3":"status-publish","4":"format-standard","6":"category-non-classe","7":"tag-cee","8":"tag-empires","9":"tag-erdogan","10":"tag-fabius","11":"tag-hollande","12":"tag-poutine","13":"tag-syrie","14":"tag-turquie"},"_links":{"self":[{"href":"https:\/\/blog.causeur.fr\/bonnetdane\/wp-json\/wp\/v2\/posts\/971","targetHints":{"allow":["GET"]}}],"collection":[{"href":"https:\/\/blog.causeur.fr\/bonnetdane\/wp-json\/wp\/v2\/posts"}],"about":[{"href":"https:\/\/blog.causeur.fr\/bonnetdane\/wp-json\/wp\/v2\/types\/post"}],"author":[{"embeddable":true,"href":"https:\/\/blog.causeur.fr\/bonnetdane\/wp-json\/wp\/v2\/users\/6"}],"replies":[{"embeddable":true,"href":"https:\/\/blog.causeur.fr\/bonnetdane\/wp-json\/wp\/v2\/comments?post=971"}],"version-history":[{"count":0,"href":"https:\/\/blog.causeur.fr\/bonnetdane\/wp-json\/wp\/v2\/posts\/971\/revisions"}],"wp:attachment":[{"href":"https:\/\/blog.causeur.fr\/bonnetdane\/wp-json\/wp\/v2\/media?parent=971"}],"wp:term":[{"taxonomy":"category","embeddable":true,"href":"https:\/\/blog.causeur.fr\/bonnetdane\/wp-json\/wp\/v2\/categories?post=971"},{"taxonomy":"post_tag","embeddable":true,"href":"https:\/\/blog.causeur.fr\/bonnetdane\/wp-json\/wp\/v2\/tags?post=971"}],"curies":[{"name":"wp","href":"https:\/\/api.w.org\/{rel}","templated":true}]}}