{"id":979,"date":"2015-12-07T05:51:48","date_gmt":"2015-12-07T05:51:48","guid":{"rendered":"http:\/\/blog.causeur.fr\/bonnetdane\/?p=979"},"modified":"2021-04-22T18:49:40","modified_gmt":"2021-04-22T16:49:40","slug":"le-deni","status":"publish","type":"post","link":"https:\/\/blog.causeur.fr\/bonnetdane\/le-deni-979","title":{"rendered":"Le d\u00e9ni"},"content":{"rendered":"<p>Homme politique, franchement, je ne pourrais pas. Pas comme \u00e7a. Pas comme eux.<br \/>\nLe PS vient de se prendre la pire racl\u00e9e de son histoire. Le PR s\u2019est r\u00e9v\u00e9l\u00e9 incapable d\u2019en profiter. Le Front de Gauche r\u00eave, de loin, de tr\u00e8s loin, d\u2019\u00eatre un Podemos \u00e0 la fran\u00e7aise. Les Ecolos sont dans les choux. Quant aux \u00ab\u00a0petits partis\u00a0\u00bb, ils restent petits, parce qu&rsquo;en \u00e9tat d&rsquo;urgence, les votes vont vers les gros effectifs. Dommage.<br \/>\nLe FN tire les marrons du feu. Logique. \u00ab On n\u2019a pas tout essay\u00e9 \u00bb, disent les d\u00e9sesp\u00e9r\u00e9s de la France p\u00e9riph\u00e9rique. Et ce ne sont pas seulement les scrogneugneus hors d&rsquo;\u00e2ge qui ont vot\u00e9 pour lui. Non : les jeunes aussi <a href=\"http:\/\/tempsreel.nouvelobs.com\/en-direct\/a-chaud\/13685-sondage-regionales-jeunes-massivement.html\">ont massivement apport\u00e9 leurs voix<\/a> au FN. La d\u00e9sesp\u00e9rance aussi est un parti politique.<br \/>\nM\u00eame si le plus grand parti de France est l\u2019abstention \u2014 mais on s\u2019en aper\u00e7oit un peu tard, dans un syst\u00e8me qui a toujours refus\u00e9 de comptabiliser les votes blancs, de peur que les hommes politiques (les femmes aussi, et on en conna\u00eet qui ne sont pas piqu\u00e9es des vers) ne r\u00e9alisent \u00e0 quel point ils sont d\u00e9mon\u00e9tis\u00e9s.<\/p>\n<p>Assez intelligemment, ni Marine Le Pen ni Florian Philippot n\u2019ont particuli\u00e8rement pavois\u00e9 dimanche soir. Contents \u2014 on le serait \u00e0 moins \u2014 mais conscients que l\u2019establishment va s\u2019insurger. Comment ? Le FN ? Et nous ? Et nos places ? Nos pr\u00e9bendes ? Nos b\u00e9n\u00e9fices sur la collecte d\u2019ordures ? Nos petites habitudes ? Nos petits arrangements ?<br \/>\nPas une fois \u2014 et je me suis impos\u00e9 l\u2019\u00e9coute attentive des uns et des autres \u2014 le PS ou le PR n\u2019ont mis en cause leur politique. Pas un seul pour dire : \u00ab Si les Fran\u00e7ais votent massivement contre nous, c\u2019est que nous menons une politique nulle, niaise et nocive \u00bb.<br \/>\nIl faut dire que les principaux responsables de cette d\u00e9route, \u00e0 commencer par le Premier ministre, sont rest\u00e9s loin des micros \u2014 et pourtant, ce n\u2019est pas leur genre. Pimprenelle n\u2019est pas venue s\u2019excuser d\u2019une mauvaise r\u00e9forme du coll\u00e8ge qui a dress\u00e9 nombre d\u2019enseignants de gauche contre la Gauche \u2014 ou ce qu\u2019il en reste, des bourgeois parlant \u00e0 gauche en t\u00e2tant leur portefeuille \u00e0 droite. Emmanuel Macron n\u2019a pas paru pour fustiger son n\u00e9o-lib\u00e9ralisme qui fait les affaires des banquiers en remplissant leurs poches avec nos sous. Laurent Fabius ne s\u2019est pas montr\u00e9 pour s\u2019excuser d\u2019une politique moyen-orientale aberrante. Et le capitaine en chef n\u2019a rien dit sur son ob\u00e9dience europ\u00e9enne qui a fait de lui le toutou de \u00ab la chanceli\u00e8re \u00bb \u2014 ah, la chanceli\u00e8re !<br \/>\nDe l\u2019autre c\u00f4t\u00e9, Sarkozy ne doute de rien, Jean-Luc M\u00e9lenchon ne rompra pas avec le PC, qui drague le PS pour quelques places dans des mairies de seconde zone, les Verts s\u2019obstineront dans la d\u00e9fense des plantes vertes \u2014 leurs semblables, leurs fr\u00e8res.<br \/>\nNon, ils n\u2019ont rien dit, alors qu\u2019ils auraient d\u00fb venir corde au cou comme des bourgeois de Calais (o\u00f9 par parenth\u00e8se Marine Le Pen est presque \u00e0 50% \u2014 y aurait-il une exasp\u00e9ration locale ? La politique migratoire ne serait-elle pas du go\u00fbt des Calaisiens ? Ah, que de questions\u2026) demander pardon au peuple de la politique aberrante qu\u2019ils m\u00e8nent depuis des ann\u00e9es \u2014 eux, et leurs pr\u00e9d\u00e9cesseurs, renvoy\u00e9s pareillement dans les cordes.<br \/>\nLe PS, r\u00e9uni \u00e0 Matignon autour de Valls, a d\u00fb se f\u00e9liciter du bouillon bu par Sarkozy et ses amis. Les R\u00e9gionales, ils s\u2019en tapent : comment rester en place en 2017 ? Ah, nos places !<\/p>\n<p>Fin septembre, j\u2019ai interview\u00e9 Florian Philippot dans Le Point.fr sur la politique d&rsquo;Education du FN. En pr\u00e9ambule \u00e0 cette discussion, j\u2019\u00e9crivais : \u00ab On m&rsquo;a beaucoup d\u00e9conseill\u00e9 d&rsquo;offrir une tribune \u00e0 Florian Philippot, c&rsquo;est-\u00e0-dire au FN. Des d\u00e9mocrates convaincus pensent l\u00e9gitime d&rsquo;ignorer un parti qui rassemble, sondage apr\u00e8s sondage, au moins 30 % des Fran\u00e7ais. Ce n&rsquo;est pas ma fa\u00e7on de penser. Qu&rsquo;il soit par ailleurs bien entendu que publier ses r\u00e9ponses \u00e0 des questions qui se posent effectivement n&rsquo;est ni un acte d&rsquo;all\u00e9geance ni un appel du pied. \u00bb 30% ! Une poign\u00e9e d\u2019illumin\u00e9s m\u2019ont somm\u00e9 de dire d\u2019o\u00f9 je tirais ce chiffre fantaisiste\u2026<br \/>\nEt aujourd\u2019hui, ils le demandent encore ? Le FN <em>est<\/em> \u00e0 30% ! \u00ab Le FN est le premier parti de France, a dit dimanche soir Marine Le Pen, alors qu\u2019il est \u00e0 peine repr\u00e9sent\u00e9 au Parlement \u00bb. C\u2019est vrai, et c\u2019est sans doute ce que les d\u00e9mocrates qui ont la bouche pleine de \u00ab barrage r\u00e9publicain \u00bb appellent la d\u00e9mocratie \u2014 ou la r\u00e9publique. C\u2019est qu\u2019ils entendent y rester, au Parlement ! C\u2019est confortable !<br \/>\nIls vont finir par me d\u00e9go\u00fbter de la d\u00e9mocratie.<\/p>\n<p>Et surtout, ils vont d\u00e9zinguer la R\u00e9publique. \u00ab Front r\u00e9publicain ! \u00bb Mais si la semaine prochaine le FN, arriv\u00e9 en t\u00eate dans la plupart des r\u00e9gions, est renvoy\u00e9 dans les cordes de fa\u00e7on \u00e0 ce que les nantis restent \u00e0 leurs postes comme des morpions dans des poils pubiens ; si dans un an et demi avec des scores encore am\u00e9lior\u00e9s le FN est r\u00e9duit \u00e0 la portion congrue \u00e0 l\u2019Assembl\u00e9e, apr\u00e8s avoir \u00e9t\u00e9 l\u2019\u00e9pouvantail qui permettra la r\u00e9\u00e9lection de Hollande \u2014 eh bien \u00e7a se passera dans la rue.<br \/>\nNous sommes quelques-uns, et un peu plus m\u00eame, \u00e0 sentir monter l\u2019\u00e9meute. Quand la d\u00e9mocratie se caract\u00e9rise par le d\u00e9ni de d\u00e9mocratie, le peuple choisit toujours la rue \u2014 ils devraient r\u00e9viser leurs cours d\u2019Histoire, les uns et les autres. Et d\u2019un gouvernement n\u00e9 d\u2019une insurrection ou d\u2019une r\u00e9action \u00e0 l\u2019insurrection, on peut tout craindre \u2014 y compris l\u2019\u00e9limination de la R\u00e9publique.<br \/>\nCe d\u00e9ni de d\u00e9mocratie est le produit du d\u00e9ni de r\u00e9alit\u00e9 : rien de la politique men\u00e9e depuis quinze ans ne convient \u00e0 la France \u2014 sinon des r\u00e9formes \u00ab sociales \u00bb cosm\u00e9tiques, celles qui ne co\u00fbtent rien. Ah, mais si on adopte une autre politique, on va se faire taper sur les doigts par tata Merkel ! Ma foi, on pourrait aussi se passer de mar\u00e2tre. Sinon, on se passera de d\u00e9mocratie \u2014 et ce serait bien dommage.<\/p>\n<p>Jean-Paul Brighelli<\/p>\n","protected":false},"excerpt":{"rendered":"<p>Homme politique, franchement, je ne pourrais pas. Pas comme \u00e7a. Pas comme eux. Le PS vient de se prendre la pire racl\u00e9e de son histoire. Le PR s\u2019est r\u00e9v\u00e9l\u00e9 incapable d\u2019en profiter. Le Front de Gauche r\u00eave, de loin, de tr\u00e8s loin, d\u2019\u00eatre un Podemos \u00e0 la fran\u00e7aise. Les Ecolos sont dans les choux. Quant [&hellip;]<\/p>\n","protected":false},"author":6,"featured_media":0,"comment_status":"open","ping_status":"open","sticky":false,"template":"","format":"standard","meta":{"footnotes":""},"categories":[1],"tags":[121,125,856,124,855,708],"class_list":{"0":"post-979","1":"post","2":"type-post","3":"status-publish","4":"format-standard","6":"category-non-classe","7":"tag-democratie","8":"tag-fn","9":"tag-pr","10":"tag-ps","11":"tag-regionales","12":"tag-republique"},"_links":{"self":[{"href":"https:\/\/blog.causeur.fr\/bonnetdane\/wp-json\/wp\/v2\/posts\/979","targetHints":{"allow":["GET"]}}],"collection":[{"href":"https:\/\/blog.causeur.fr\/bonnetdane\/wp-json\/wp\/v2\/posts"}],"about":[{"href":"https:\/\/blog.causeur.fr\/bonnetdane\/wp-json\/wp\/v2\/types\/post"}],"author":[{"embeddable":true,"href":"https:\/\/blog.causeur.fr\/bonnetdane\/wp-json\/wp\/v2\/users\/6"}],"replies":[{"embeddable":true,"href":"https:\/\/blog.causeur.fr\/bonnetdane\/wp-json\/wp\/v2\/comments?post=979"}],"version-history":[{"count":0,"href":"https:\/\/blog.causeur.fr\/bonnetdane\/wp-json\/wp\/v2\/posts\/979\/revisions"}],"wp:attachment":[{"href":"https:\/\/blog.causeur.fr\/bonnetdane\/wp-json\/wp\/v2\/media?parent=979"}],"wp:term":[{"taxonomy":"category","embeddable":true,"href":"https:\/\/blog.causeur.fr\/bonnetdane\/wp-json\/wp\/v2\/categories?post=979"},{"taxonomy":"post_tag","embeddable":true,"href":"https:\/\/blog.causeur.fr\/bonnetdane\/wp-json\/wp\/v2\/tags?post=979"}],"curies":[{"name":"wp","href":"https:\/\/api.w.org\/{rel}","templated":true}]}}