{"id":1019,"date":"2019-11-21T17:07:48","date_gmt":"2019-11-21T17:07:48","guid":{"rendered":"https:\/\/blog.causeur.fr\/lavoixdenosmaitres\/?p=1019"},"modified":"2021-04-23T15:34:45","modified_gmt":"2021-04-23T13:34:45","slug":"non-je-nai-pas-appele-a-cogner-sur-les-equipes-de-quotidien","status":"publish","type":"post","link":"https:\/\/blog.causeur.fr\/lavoixdenosmaitres\/non-je-nai-pas-appele-a-cogner-sur-les-equipes-de-quotidien-1019","title":{"rendered":"Non, je n&rsquo;ai pas appel\u00e9 \u00e0 cogner sur les \u00e9quipes de Quotidien"},"content":{"rendered":"<p><img loading=\"lazy\" decoding=\"async\" class=\"irc_mi aligncenter\" src=\"https:\/\/lvdneng.rosselcdn.net\/sites\/default\/files\/dpistyles_v2\/ena_16_9_extra_big\/2019\/06\/02\/node_592599\/40332425\/public\/2019\/06\/02\/B9719800886Z.1_20190602132921_000%2BGGEDOJU08.1-0.jpg?itok=QAackIDw\" alt=\"R\u00e9sultat de recherche d'images pour &quot;fight club&quot;\" width=\"450\" height=\"253\" \/><\/p>\n<p>J&rsquo;aurais d\u00fb ?<\/p>\n<p><!--more--><\/p>\n<p><strong>Il y a quelques jours, Alain Finkielkraut appelait les hommes \u00e0 violer les femmes. Aujourd&rsquo;hui, j&rsquo;appelle les gens \u00e0 taper sur les journalistes de <em>Quotidien. <\/em><\/strong>Mais dans quel monde vivons-nous? Pourquoi tant de violence? C&rsquo;est une honte, c&rsquo;est un scandale, etc.<\/p>\n<p>Moi qui voulais consacrer un papier \u00e0 l&rsquo;affaire Finkie, je ne pensais pas que je serais moi-m\u00eame concern\u00e9e par le m\u00eame proc\u00e9d\u00e9.<\/p>\n<p>Un mot donc, sur ce qui est reproch\u00e9 \u00e0 Alain Finkielkraut. Voici ses propos, que tout le monde conna\u00eet par coeur, d\u00e9sormais : \u00ab\u00a0Je dis aux hommes : violez les femmes. D&rsquo;ailleurs, je viole la mienne tous les soirs.\u00a0\u00bb D&rsquo;abord, une fois la phrase remise en contexte, il est \u00e9vident que <strong>Finkielkraut reformule avec v\u00e9h\u00e9mence et offuscation la pens\u00e9e de son interlocutrice<\/strong>, Caroline De Haas. Reconnaissons, au passage, que <em>Quotidien<\/em> a \u00e9t\u00e9 l&rsquo;une des seules \u00e9missions \u00e0 diffuser l&rsquo;\u00e9change tel quel, au lieu de le r\u00e9duire \u00e0 la r\u00e9plique d&rsquo;Alain Finkielkraut.<\/p>\n<p>En d&rsquo;autres termes, <strong>Finkielkraut <em>dit<\/em> que Caroline De Haas <em>dit<\/em> qu&rsquo;il appelle les hommes \u00e0 violer les femmes<\/strong>. Mais m\u00eame hors contexte, telle qu&rsquo;elle a \u00e9t\u00e9 diffus\u00e9e partout, la citation appara\u00eet comme un exemple \u00e9vident de second degr\u00e9. Quand on fait \u00e9tudier aux \u00e9l\u00e8ves les principes de l&rsquo;ironie, on leur dit toujours qu&rsquo;il y a des <strong>indices montrant que l&rsquo;\u00e9nonciateur n&rsquo;assume pas les paroles qu&rsquo;il prof\u00e8re<\/strong>. Le caract\u00e8re grossier de l&rsquo;injonction t\u00e9moigne, en soi, que l&rsquo;on est dans le <strong>registre de l&rsquo;hyperbole<\/strong>, indice classique de l&rsquo;ironie. Et pour qui en douterait, <strong>l&rsquo;ajout d&rsquo;une autoaccusation revendiqu\u00e9e de viol conjugal, attitude totalement paradoxale, confirme qu&rsquo;on a affaire \u00e0 des propos ironiques<\/strong>.<\/p>\n<p>Mon propos \u00e0 moi n&rsquo;\u00e9tait pas ironique, au sujet de l&rsquo;\u00e9mission <em>Quotidien<\/em> :<\/p>\n<blockquote><p>Si votre route croise la leur, l\u2019alternative est simple. Option n\u00b01\u00a0: vous r\u00e9pondez \u00e0 leurs questions. Mais comme ils sont venus pour se moquer de votre allure et de vos id\u00e9es, ils rigoleront bien et feront rire \u00e0 vos d\u00e9pens, sans que vous ayez le moindre recours. Ils pourraient bien g\u00e2cher votre existence\u00a0; mais ils s\u2019en moquent. Pourtant, quand on fait son beurre en humiliant des gens, la moindre des choses serait sans doute de partager son salaire avec ces collaborateurs involontaires. Option n\u00b02 (\u00e0 \u00e9viter, si possible)\u00a0: vous leur cognez dessus. C\u2019est le choix contestable que font r\u00e9guli\u00e8rement certaines victimes non-consentantes. Toute l\u2019\u00e9quipe se drape alors dans la noble posture du vaillant journaliste agress\u00e9. Un beau cadeau \u00e0 leur faire, qu\u2019ils ne m\u00e9ritent pas. Mieux vaut les emb\u00eater un peu en les suivant partout, comme l\u2019ont fait les militants de la Convention.<\/p><\/blockquote>\n<p>Ce n&rsquo;\u00e9tait pas ironique mais suffisamment outrancier (cf. le verbe \u00ab\u00a0cogner\u00a0\u00bb) pour sugg\u00e9rer qu&rsquo;il fallait recevoir ces mots avec une distance amus\u00e9e, en tout cas, surtout pas comme une injonction. Au demeurant, <strong>pour qui sait lire, ma phrase n&rsquo;\u00e9tait pas plus une injonction que celle d&rsquo;Alain Finkielkraut, mais un constat<\/strong>.<\/p>\n<p><strong>Je pensais bien que Barth\u00e8s allait aimer mon passage sur \u00ab\u00a0vous leur cognez dessus\u00a0\u00bb. En l&rsquo;\u00e9crivant, j&rsquo;entendais d\u00e9j\u00e0 mes mots dans sa bouche. Quelle satisfaction pour moi quand, <a href=\"https:\/\/www.tf1.fr\/tmc\/quotidien-avec-yann-barthes\/videos\/quotidien-premiere-partie-du-20-novembre-2019-95975128.html\" target=\"_blank\" rel=\"noopener\">mercredi soir<\/a><\/strong> :<\/p>\n<p><iframe loading=\"lazy\" src=\"https:\/\/www.tf1.fr\/embedplayer\/13675491\/?startAt=1223.394583\" width=\"100%\" height=\"100%\" frameborder=\"0\" allowfullscreen=\"allowfullscreen\"><\/iframe><\/p>\n<p><strong>Je le remercie, tr\u00e8s sinc\u00e8rement, d&rsquo;avoir bien voulu citer le passage en entier et je reconnais qu&rsquo;il m&rsquo;a surprise:<\/strong> j&rsquo;\u00e9tais persuad\u00e9e qu&rsquo;avec la mauvaise foi habituelle qui caract\u00e9rise cette \u00e9mission, ils allaient tronquer ma phrase et conserver uniquement <strong>l&rsquo;expression : \u00ab\u00a0vous leur cognez dessus\u00a0\u00bb.<\/strong><\/p>\n<p><a href=\"https:\/\/people.bfmtv.com\/tv\/quotidien-contre-valeurs-actuelles-echange-d-hostilites-autour-d-une-enquete-sur-l-emission-1809994.html\" target=\"_blank\" rel=\"noopener\">BFMTV<\/a>\u00a0 n&rsquo;a pas eu cette honn\u00eatet\u00e9; ils ont juste ajout\u00e9 le \u00ab\u00a0\u00e0 \u00e9viter si possible\u00a0\u00bb. Pitoyable. <strong>On dirait que mon propos est une injonction nuanc\u00e9e<\/strong> :<\/p>\n<p><img loading=\"lazy\" decoding=\"async\" class=\"aligncenter size-full wp-image-1020\" src=\"https:\/\/blog.causeur.fr\/lavoixdenosmaitres\/files\/2019\/11\/BFM-BArth\u00e8s.png\" alt=\"BFM BArth\u00e8s\" width=\"480\" height=\"226\" srcset=\"https:\/\/blog.causeur.fr\/lavoixdenosmaitres\/wp-content\/uploads\/sites\/27\/2019\/11\/BFM-BArth\u00e8s.png 480w, https:\/\/blog.causeur.fr\/lavoixdenosmaitres\/wp-content\/uploads\/sites\/27\/2019\/11\/BFM-BArth\u00e8s-300x141.png 300w\" sizes=\"auto, (max-width: 480px) 100vw, 480px\" \/><\/p>\n<p>Toutefois, comme BFMTV, Yann Barth\u00e8s d\u00e9forme ma pens\u00e9e en pr\u00e9sentant mes propos comme des \u00ab\u00a0conseils\u00a0\u00bb \u00e0 suivre \u00ab\u00a0si vous croisez nous \u00e9quipes sur le terrain\u00a0\u00bb. <strong>Ce ne sont pas des conseils: je dis seulement devant quelle \u00ab\u00a0alternative\u00a0\u00bb les gens sont plac\u00e9s par le concept m\u00eame de l&rsquo;\u00e9mission<\/strong>. Soit on r\u00e9pond gentiment et on est ridiculis\u00e9, puisqu&rsquo;ils nous interviewent pour nous ridiculiser. Soit on cherche \u00e0 s&rsquo;en sortir autrement. Et comme ils n&rsquo;acceptent pas les refus, on est bien contraint de trouver d&rsquo;autres solutions si l&rsquo;on ne veut pas \u00eatre une \u00ab\u00a0victime consentante\u00a0\u00bb. Et je dis, donc, qu&rsquo;ils ne nous laissent pas d&rsquo;autre \u00e9chappatoire que la violence. La pirouette de Barth\u00e8s et marrante, quand il dit que, puisque j&rsquo;appelle \u00e0 leur taper dessus, il va demander aux gens de \u00ab\u00a0voler\u00a0\u00bb le num\u00e9ro de <em>Valeurs Actuelles.\u00a0<\/em>Sauf que je n&rsquo;ai pas demand\u00e9 aux gens de leur taper dessus. J&rsquo;ai dit que, consid\u00e9rant leurs m\u00e9thodes agressives et humiliantes, il n&rsquo;\u00e9tait pas \u00e9tonnant que certaines personnes fassent le choix de r\u00e9agir par la violence. <em>That&rsquo;s all folks ! <\/em><strong>D&rsquo;ailleurs, soyez logiques : si \u00ab\u00a0l&rsquo;option 2\u00a0\u00bb \u00e9tait un \u00ab\u00a0conseil\u00a0\u00bb, \u00ab\u00a0l&rsquo;option 1\u00a0\u00bb en serait un aussi.<\/strong> Or, <strong>je ne conseille \u00e0 personne de r\u00e9pondre aux questions de <em>Quotidien,<\/em> pas plus que de leur taper dessus<\/strong><em>.<\/em><\/p>\n<p>Quels seraient donc mes \u00ab\u00a0conseils\u00a0\u00bb&#8230;voyons, je dirais : si vous croisez <em>Quotidien,<\/em><\/p>\n<p>option 1 :<br \/>\n<iframe loading=\"lazy\" src=\"https:\/\/www.youtube.com\/embed\/Hpz7DHu_7Y8\" width=\"560\" height=\"315\" frameborder=\"0\" allowfullscreen=\"allowfullscreen\"><\/iframe><\/p>\n<p>option 2 : le coup du sourire, comme Davy Crockett avec les ours et les \u00e9cureuils<br \/>\n<iframe loading=\"lazy\" src=\"https:\/\/www.youtube.com\/embed\/kQq-wlLZtfc?start=16\" width=\"560\" height=\"315\" frameborder=\"0\" allowfullscreen=\"allowfullscreen\"><\/iframe><\/p>\n<p>Bon, si vous vous rappelez bien, cela fonctionne moins avec le chef indien, qui s&rsquo;\u00e9nerve un peu (mais \u00e0 la fin, ils se serrent la main: peu de chance que \u00e7a se finisse aussi bien quand on est poursuivi par <em>Quotidien<\/em>) :<br \/>\n<iframe loading=\"lazy\" src=\"https:\/\/www.youtube.com\/embed\/qdbmR6QiMMc?start=321\" width=\"560\" height=\"315\" frameborder=\"0\" allowfullscreen=\"allowfullscreen\"><\/iframe><\/p>\n<p>Mais puisque mon texte n&rsquo;est pas clair, disons les choses autrement. J&rsquo;aurais pu \u00e9crire ceci :<\/p>\n<blockquote><p>Les journalistes de <em>Quotidien<\/em> n&rsquo;acceptant pas les refus et ayant pour habitude de poursuivre leurs victimes avec leur gros micro rouge, certaines personnes font le choix de r\u00e9agir par la violence. C&rsquo;est extr\u00eamement mal et, malgr\u00e9 tous les griefs que l&rsquo;on peut avoir contre cette \u00e9mission, il faut redire que la violence ne se justifie jamais, surtout lorsqu&rsquo;elle vise la presse, qui incarne, dans notre pays, la libert\u00e9 de pens\u00e9e et le pluralisme des opinions.<\/p><\/blockquote>\n<p>J&rsquo;aurais pu \u00e9crire cela, oui.<\/p>\n<p>Mais &#8211; on est d&rsquo;accord? &#8211; c&rsquo;est nul, c&rsquo;est mou, c&rsquo;est tout pourri; on dirait un discours d&rsquo;homme politique. Alors, <strong>je pr\u00e9f\u00e8re ma phrase telle que je l&rsquo;ai \u00e9crite et je vais m\u00eame pr\u00e9ciser une chose : la premi\u00e8re version de mon article ne comportait pas la parenth\u00e8se<\/strong> \u00ab\u00a0(\u00e0 \u00e9viter, si possible)\u00a0\u00bb. C&rsquo;est la r\u00e9daction qui m&rsquo;a conseill\u00e9 d&rsquo;ajouter un petit quelque chose pour parer \u00e0 toute ambigu\u00eft\u00e9. Cela n&rsquo;a par\u00e9 \u00e0 rien du tout (il suffit de lire ce qu&rsquo;\u00e9crit <em>BFMTV<\/em>) et cela alourdit le style du propos. Tout bien r\u00e9fl\u00e9chi, je n&rsquo;aurais pas d\u00fb ajouter cette parenth\u00e8se.<\/p>\n<div id=\"ligne\"><\/div>\n<p><strong> Je pense que Yann Barth\u00e8s a tr\u00e8s bien compris ce que je voulais dire.<\/strong> Mais malheureusement, parmi ses admirateurs qui sont globalement des gens tr\u00e8s intelligents (je fais attention \u00e0 tout ce que j&rsquo;\u00e9cris maintenant), on trouve, en tr\u00e8s faible minorit\u00e9 non repr\u00e9sentative \u00e9videmment (je fais vraiment tr\u00e8s attention), quelques abrutis. <strong>On m&rsquo;informe ainsi qu&rsquo;une bande de geeks lobotomis\u00e9s se d\u00e9cha\u00eene contre moi&#8230;sur Instagram!<\/strong> Haha! S&rsquo;ils savaient ce que j&rsquo;en ai \u00e0&#8230; Hum, excusez-moi. Renouons avec la plus \u00e9l\u00e9mentaire \u00ab\u00a0courtoisie\u00a0\u00bb, qui s&rsquo;impose quand on \u00e9crit dans la presse \u00ab\u00a0d&rsquo;extr\u00eame droite\u00a0\u00bb (<em>private joke<\/em> sp\u00e9ciale fachosph\u00e8re). Je ne suis pas sur Instagram, alors <strong>ils pourraient tout autant s&rsquo;exciter depuis la plan\u00e8te Mars, cela m&rsquo;est bien \u00e9gal<\/strong>. J&rsquo;ai quand m\u00eame l&rsquo;impression que sur Instagram, on fait comme \u00e0 la mosqu\u00e9e, mais avec les neurones : on les laisse \u00e0 l&rsquo;entr\u00e9e et on les rechausse en sortant.<\/p>\n<p>Eh, les gars, si vous m&rsquo;entendez depuis l\u00e0-bas: calmez-vous et apprenez \u00e0 lire. Et \u00e7a, c&rsquo;est un conseil; un vrai. <strong>\u00ab\u00a0Bisous\u00a0\u00bb, comme dit Yann Barth\u00e8s.<\/strong><\/p>\n","protected":false},"excerpt":{"rendered":"<p>J&rsquo;aurais d\u00fb ?<\/p>\n","protected":false},"author":7,"featured_media":0,"comment_status":"open","ping_status":"open","sticky":false,"template":"","format":"standard","meta":{"footnotes":""},"categories":[9],"tags":[217,393,427,448],"class_list":{"0":"post-1019","1":"post","2":"type-post","3":"status-publish","4":"format-standard","6":"category-articles","7":"tag-manipulation","8":"tag-quotidien","9":"tag-violence","10":"tag-yann-barthes"},"_links":{"self":[{"href":"https:\/\/blog.causeur.fr\/lavoixdenosmaitres\/wp-json\/wp\/v2\/posts\/1019","targetHints":{"allow":["GET"]}}],"collection":[{"href":"https:\/\/blog.causeur.fr\/lavoixdenosmaitres\/wp-json\/wp\/v2\/posts"}],"about":[{"href":"https:\/\/blog.causeur.fr\/lavoixdenosmaitres\/wp-json\/wp\/v2\/types\/post"}],"author":[{"embeddable":true,"href":"https:\/\/blog.causeur.fr\/lavoixdenosmaitres\/wp-json\/wp\/v2\/users\/7"}],"replies":[{"embeddable":true,"href":"https:\/\/blog.causeur.fr\/lavoixdenosmaitres\/wp-json\/wp\/v2\/comments?post=1019"}],"version-history":[{"count":0,"href":"https:\/\/blog.causeur.fr\/lavoixdenosmaitres\/wp-json\/wp\/v2\/posts\/1019\/revisions"}],"wp:attachment":[{"href":"https:\/\/blog.causeur.fr\/lavoixdenosmaitres\/wp-json\/wp\/v2\/media?parent=1019"}],"wp:term":[{"taxonomy":"category","embeddable":true,"href":"https:\/\/blog.causeur.fr\/lavoixdenosmaitres\/wp-json\/wp\/v2\/categories?post=1019"},{"taxonomy":"post_tag","embeddable":true,"href":"https:\/\/blog.causeur.fr\/lavoixdenosmaitres\/wp-json\/wp\/v2\/tags?post=1019"}],"curies":[{"name":"wp","href":"https:\/\/api.w.org\/{rel}","templated":true}]}}