{"id":1059,"date":"2020-10-21T09:07:23","date_gmt":"2020-10-21T09:07:23","guid":{"rendered":"https:\/\/blog.causeur.fr\/lavoixdenosmaitres\/?p=1059"},"modified":"2021-04-23T15:34:45","modified_gmt":"2021-04-23T13:34:45","slug":"samuel-paty-mort-pour-rien","status":"publish","type":"post","link":"https:\/\/blog.causeur.fr\/lavoixdenosmaitres\/samuel-paty-mort-pour-rien-1059","title":{"rendered":"Samuel Paty: mort pour rien?"},"content":{"rendered":"<p><img decoding=\"async\" class=\"n3VNCb\" src=\"https:\/\/resize-parismatch.lanmedia.fr\/img\/var\/news\/storage\/images\/paris-match\/actu\/societe\/professeur-d-histoire-decapite-qui-etait-samuel-paty-quadragenaire-a-fond-dans-son-metier-1707864\/27830094-6-fre-FR\/Professeur-d-histoire-decapite-qui-etait-Samuel-Paty-quadragenaire-a-fond-dans-son-metier.jpg\" alt=\"Professeur d'histoire d\u00e9capit\u00e9 : qui \u00e9tait Samuel Paty, quadrag\u00e9naire &quot;\u00e0 fond dans son m\u00e9tier&quot;?\" data-noaft=\"1\" \/><\/p>\n<p><!--more--><\/p>\n<p>L&rsquo;hommage national, c&rsquo;est bien. Mais la plus belle mani\u00e8re d&rsquo;honorer la m\u00e9moire de notre courageux coll\u00e8gue n&rsquo;est-elle pas de faire en sorte qu&rsquo;il ne soit pas mort pour rien? De tirer les le\u00e7ons de son assassinat pour qu&rsquo;il soit <em>le seul<\/em> et non <em>le premier<\/em>?<\/p>\n<p>Je croyais qu&rsquo;on avait d\u00e9cid\u00e9 de nommer les choses. Alors pourquoi entendons-nous encore nombre de journalistes, de professeurs et d&rsquo;hommes politiques affirmer : <strong>\u00ab\u00a0il faut reconna\u00eetre que dans <em>certains<\/em> quartiers, il est difficile d&rsquo;aborder <em>certains<\/em> sujets avec <em>certains<\/em> \u00e9l\u00e8ves\u00a0\u00bb. Ce qui est <em>certain,<\/em> c&rsquo;est qu&rsquo;en reconnaissant cela, on ne <em>reconna\u00eet<\/em> rien du tout.<\/strong><\/p>\n<p>La parole officielle, c&rsquo;est-\u00e0-dire le discours dominant, et lexicalement prescriptif, port\u00e9 par la sph\u00e8re politico-m\u00e9diatique tente de maintenir la distinction entre islam et islamisme comme entre deux communaut\u00e9s \u00e9tanches, \u00e0 tout prix. Au prix m\u00eame du sang. Plus surprenant, <strong>sur les forums de discussion entre professeurs et dans les messages syndicaux, l&rsquo;une des principales pr\u00e9occupations semble \u00eatre encore et toujours d&rsquo;\u00e9viter les amalgames<\/strong>.<\/p>\n<p>Le lendemain de l&rsquo;assassinat, nous professeurs avons re\u00e7u beaucoup de messages sur notre bo\u00eete \u00e9lectronique professionnelle, dont la teneur pouvait faire bondir. Je cite un extrait du message de la FSU (f\u00e9d\u00e9ration syndical unitaire) : \u00ab\u00a0[la FSU] demande que chacun s&rsquo;abstienne de toute instrumentalisation politique. Elle refusera toute stigmatisation des musulmans.\u00a0\u00bb Or, qui sont les \u00ab\u00a0certains \u00e9l\u00e8ves\u00a0\u00bb avec qui il est difficile de traiter \u00ab\u00a0certains\u00a0\u00bb sujets? Sont-ce des islamistes, de dangereux extr\u00e9mistes fanatiques et sanguinaires, des \u00ab\u00a0barbares\u00a0\u00bb comme on le dit aussi par une m\u00e9taphore aussi pudique que grandiloquente? Non, bien s\u00fbr, ce sont de simples musulmans. <strong>La plupart d&rsquo;entre eux ne feraient pas de mal \u00e0 une mouche et n&rsquo;auraient jamais tu\u00e9 un professeur&#8230; mais approuvent son assassinat.<\/strong> Cette mise \u00e0 mort atroce a fait exploser la fronti\u00e8re artificielle savamment construite par le discours officiel de la grande presse et des politiciens pusillanimes entre islam et islamisme. <strong>L&rsquo;assassin n&rsquo;a \u00e9t\u00e9 que le bras arm\u00e9 d&rsquo;une r\u00e9volte lanc\u00e9e par des musulmans outr\u00e9s qui ne s&rsquo;offusquent pas tous (ou pas tous <em>r\u00e9ellement)<\/em> de l&rsquo;issue du scandale<\/strong>.<\/p>\n<p>Bien entendu, <strong>nous aurons droit \u00e0 quelques mesurettes de circonstance dont l&rsquo;inefficacit\u00e9 n&rsquo;aura d&rsquo;\u00e9gale que la mousse m\u00e9diatique qui les entourera.<\/strong> Mais comme beaucoup de mes coll\u00e8gues, je n&rsquo;ai plus gu\u00e8re d&rsquo;espoir que la situation s&rsquo;am\u00e9liore. Je la crois condamn\u00e9e \u00e0 empirer inexorablement. Et comment ne pas d\u00e9plorer, au demeurant, la r\u00e9action de tant de professeurs qui affirment fi\u00e8rement qu&rsquo;ils \u00ab\u00a0continueront \u00e0 \u00e9veiller l&rsquo;esprit critique des \u00e9l\u00e8ves pour en faire des citoyens libres\u00a0\u00bb. Continuez, vous avez raison : cela marche si bien. <strong>Il me semble qu&rsquo;on prend comme une incitation \u00e0 pers\u00e9v\u00e9rer un \u00e9v\u00e9nement qui devrait, tout au contraire, nous inciter \u00e0 changer de m\u00e9thode, et vite.<\/strong>.<\/p>\n<p>Rentrant de weekend dimanche soir, mon mari et moi traversions en voiture un quartier r\u00e9sidentiel tranquille non loin de chez nous et sommes tomb\u00e9s sur la sortie du dimanche d&rsquo;une classe de cat\u00e9 coranique. Alors que la radio relatait en \u00e9dition sp\u00e9ciale les manifestations d&rsquo;hommage \u00e0 Samuel Paty, cette vision nous a laiss\u00e9s bien pensifs et fort inquiets. Rien d&rsquo;ill\u00e9gal, juste <strong>un grand barbu en djellaba bleue entour\u00e9 d&rsquo;une nu\u00e9e d&rsquo;enfants, rien qui puisse justifier un signalement \u00e0 la police mais tout pour engendrer une forme de malaise<\/strong> chez quiconque assistait \u00e0 ce spectacle. Et chez nous particuli\u00e8rement : parce que les enfants qui faisaient cette sortie du dimanche avec leur terrifiant cat\u00e9chiste, avec ce barbu bleu qui leur a sans doute r\u00e9p\u00e9t\u00e9 que \u00ab\u00a0tuer un professeur est mal mais se moquer du proph\u00e8te est pire\u00a0\u00bb, <strong>ces enfants, dans dix ans, seront \u00e9l\u00e8ves dans le lyc\u00e9e o\u00f9 nous enseignons tous les deux.<\/strong> Et nous avons eu cette vision de notre gros lyc\u00e9e public sans histoire, notre gros lyc\u00e9e sympathique et agr\u00e9able parce que nos \u00e9l\u00e8ves ne sont pas des bourgeois arrogants pourris d&rsquo;argent mais des enfants issus des classes populaires ou de familles immigr\u00e9es qui croient encore en l&rsquo;\u00e9cole, o\u00f9 les groupes d&rsquo;amis font encore merveilleusement fi des appartenances ethniques, o\u00f9 la religion donne lieu \u00e0 des taquineries innocentes entre \u00e9l\u00e8ves, entre profs et m\u00eame entre profs et \u00e9l\u00e8ves, <strong>notre lyc\u00e9e, nous avons entrevu ce qu&rsquo;il sera dans dix ans, gangren\u00e9 par la peur, rendu triste et sombre par les \u00e9l\u00e8ves du grand barbu en djellaba bleue, devenus grands, devenus dangereux.<\/strong><\/p>\n<p><strong>Et Samuel Paty sera mort pour rien.<\/strong><\/p>\n<div id=\"cliquemailclipboardInfo\" class=\"cliquemailHiddenPopup\" style=\"z-index: 1102;\">\n<div id=\"cliquemailcontentTo\">\n<div id=\"cliquemailinfoToMail\">L\u2019email a bien \u00e9t\u00e9 c<\/div>\n<p>&nbsp;<\/p>\n<\/div>\n<\/div>\n<div id=\"cliquemailclipboardInfo\" class=\"cliquemailHiddenPopup\" style=\"z-index: 1102;\">\n<div id=\"cliquemailcontentTo\">\n<div id=\"cliquemailinfoToMail\">L\u2019email a bien \u00e9t\u00e9 copi\u00e9<\/div>\n<p>&nbsp;<\/p>\n<\/div>\n<\/div>\n<div id=\"cliquemailclipboardInfo\" class=\"cliquemailHiddenPopup\" style=\"z-index: 1102;\">\n<div id=\"cliquemailcontentTo\">\n<div id=\"cliquemailinfoToMail\">L\u2019email a bien \u00e9t\u00e9 copi<\/div>\n<p>&nbsp;<\/p>\n<\/div>\n<\/div>\n<div id=\"cliquemailclipboardInfo\" class=\"cliquemailHiddenPopup\" style=\"z-index: 1102;\">\n<div id=\"cliquemailcontentTo\">\n<div id=\"cliquemailinfoToMail\">L\u2019email a bien \u00e9t\u00e9 copi\u00e9<\/div>\n<\/div>\n<\/div>\n<div id=\"cliquemailclipboardInfo\" class=\"cliquemailHiddenPopup\" style=\"z-index: 1102;\">\n<div id=\"cliquemailcontentTo\">\n<div id=\"cliquemailinfoToMail\">L\u2019email a bien \u00e9t\u00e9 cop<\/div>\n<p>&nbsp;<\/p>\n<\/div>\n<\/div>\n<div id=\"cliquemailclipboardInfo\" class=\"cliquemailHiddenPopup\" style=\"z-index: 1102;\">\n<div id=\"cliquemailcontentTo\">\n<div id=\"cliquemailinfoToMail\">L\u2019email a bien \u00e9t\u00e9 copi\u00e9<\/div>\n<p>&nbsp;<\/p>\n<\/div>\n<\/div>\n<div id=\"cliquemailclipboardInfo\" class=\"cliquemailHiddenPopup\" style=\"z-index: 1102;\">\n<div id=\"cliquemailcontentTo\">\n<div id=\"cliquemailinfoToMail\">L\u2019email a bien \u00e9t\u00e9 copi\u00e9<\/div>\n<p>&nbsp;<\/p>\n<\/div>\n<\/div>\n<div id=\"cliquemailclipboardInfo\" class=\"cliquemailHiddenPopup\" style=\"z-index: 1102;\">\n<div id=\"cliquemailcontentTo\">\n<div id=\"cliquemailinfoToMail\">L\u2019email a bien \u00e9t\u00e9 cop<\/div>\n<p>&nbsp;<\/p>\n<\/div>\n<\/div>\n<div id=\"cliquemailclipboardInfo\" class=\"cliquemailHiddenPopup\" style=\"z-index: 1102;\">\n<div id=\"cliquemailcontentTo\">\n<div id=\"cliquemailinfoToMail\">L\u2019email a bien \u00e9t\u00e9 cop<\/div>\n<p><textarea id=\"cliquemailclipboardAreaToText\"><\/textarea><\/div>\n<\/div>\n","protected":false},"excerpt":{"rendered":"","protected":false},"author":7,"featured_media":0,"comment_status":"open","ping_status":"open","sticky":false,"template":"","format":"standard","meta":{"footnotes":""},"categories":[9],"tags":[202,368,239,462,237,463,132],"class_list":{"0":"post-1059","1":"post","2":"type-post","3":"status-publish","4":"format-standard","6":"category-articles","7":"tag-acte-terroriste","8":"tag-attentat","9":"tag-ecole","10":"tag-enseignement","11":"tag-islam-islamisme","12":"tag-samuel-paty","13":"tag-terrorisme"},"_links":{"self":[{"href":"https:\/\/blog.causeur.fr\/lavoixdenosmaitres\/wp-json\/wp\/v2\/posts\/1059","targetHints":{"allow":["GET"]}}],"collection":[{"href":"https:\/\/blog.causeur.fr\/lavoixdenosmaitres\/wp-json\/wp\/v2\/posts"}],"about":[{"href":"https:\/\/blog.causeur.fr\/lavoixdenosmaitres\/wp-json\/wp\/v2\/types\/post"}],"author":[{"embeddable":true,"href":"https:\/\/blog.causeur.fr\/lavoixdenosmaitres\/wp-json\/wp\/v2\/users\/7"}],"replies":[{"embeddable":true,"href":"https:\/\/blog.causeur.fr\/lavoixdenosmaitres\/wp-json\/wp\/v2\/comments?post=1059"}],"version-history":[{"count":0,"href":"https:\/\/blog.causeur.fr\/lavoixdenosmaitres\/wp-json\/wp\/v2\/posts\/1059\/revisions"}],"wp:attachment":[{"href":"https:\/\/blog.causeur.fr\/lavoixdenosmaitres\/wp-json\/wp\/v2\/media?parent=1059"}],"wp:term":[{"taxonomy":"category","embeddable":true,"href":"https:\/\/blog.causeur.fr\/lavoixdenosmaitres\/wp-json\/wp\/v2\/categories?post=1059"},{"taxonomy":"post_tag","embeddable":true,"href":"https:\/\/blog.causeur.fr\/lavoixdenosmaitres\/wp-json\/wp\/v2\/tags?post=1059"}],"curies":[{"name":"wp","href":"https:\/\/api.w.org\/{rel}","templated":true}]}}