{"id":1158,"date":"2021-08-12T15:51:38","date_gmt":"2021-08-12T13:51:38","guid":{"rendered":"https:\/\/blog.causeur.fr\/lavoixdenosmaitres\/?p=1158"},"modified":"2021-08-19T10:57:17","modified_gmt":"2021-08-19T08:57:17","slug":"pas-sans-risque","status":"publish","type":"post","link":"https:\/\/blog.causeur.fr\/lavoixdenosmaitres\/pas-sans-risque-1158","title":{"rendered":"\u00ab\u00a0Pas sans risque\u00a0\u00bb"},"content":{"rendered":"\n<figure class=\"wp-block-image is-resized\"><img loading=\"lazy\" decoding=\"async\" src=\"https:\/\/blog.causeur.fr\/lavoixdenosmaitres\/wp-content\/uploads\/sites\/27\/2021\/08\/pcr-mal-realise2.jpg\" alt=\"\" class=\"wp-image-1175\" width=\"575\" height=\"406\" \/><\/figure>\n\n\n\n<p>Quand <em>Le Monde<\/em> contredit<em> Le Monde<\/em>, qui doit-on croire? Petite r\u00e9flexion sur la nouvelle expression en vogue dans la langue des m\u00e9dias.<\/p>\n\n\n\n<!--more-->\n\n\n\n<p>Cette expression peut \u00e0 bon droit \u00eatre consid\u00e9r\u00e9e comme un nouveau tic du parler journalistique. <\/p>\n\n\n\n<p>Elle contient ce qu&rsquo;il est convenu d&rsquo;appeler une double n\u00e9gation (pas+sans), fait de langue dont on livre trop souvent une interpr\u00e9tation math\u00e9matique de type \u00ab\u00a0moins par moins \u00e9gale plus\u00a0\u00bb, autrement dit : deux n\u00e9gations s&rsquo;annulent. C&rsquo;est inexact du point de vue de la pragmatique du langage, car aucune formulation n&rsquo;\u00e9quivaut radicalement \u00e0 une autre au point d&rsquo;\u00eatre interchangeable avec elle; et ce, pr\u00e9cis\u00e9ment parce que le sens est autant une propri\u00e9t\u00e9 poss\u00e9d\u00e9e par l&rsquo;expression-m\u00eame que le r\u00e9sultat d&rsquo;un processus d&rsquo;interpr\u00e9tation li\u00e9 au contexte d&rsquo;\u00e9nonciation. Ainsi, tout autant que \u00ab\u00a0deux n\u00e9gations s&rsquo;annulent\u00a0\u00bb, il serait erron\u00e9 de croire, comme on le dit souvent, que la double n\u00e9gation produit syst\u00e9matiquement un effet de litote, figure par laquelle on nie l&rsquo;inverse de ce qu&rsquo;on affirme pour renforcer son propos: \u00ab\u00a0il n&rsquo;est pas d\u00e9pourvu d&rsquo;intelligence\u00a0\u00bb signifiant alors \u00ab\u00a0il est tr\u00e8s intelligent\u00a0\u00bb (je nie qu&rsquo;il n&rsquo;en ait pas, pour dire qu&rsquo;il en a beaucoup).<\/p>\n\n\n\n<p>Notons, avant d&rsquo;examiner quelques exemples, que les journalistes ne semblent pas sensibles \u00e0 la diff\u00e9rence entre singulier et pluriel, cette expression n&rsquo;apparaissant que sous la forme \u00ab\u00a0pas sans risque\u00a0\u00bb. Or, la logique voudrait que, si ces risques-dont-l&rsquo;absence-est-exclue sont au nombre de deux ou plus, on mette un \u00ab\u00a0s\u00a0\u00bb \u00e0 risque.<\/p>\n\n\n\n<p>Voici r\u00e9pertori\u00e9s les diff\u00e9rents usages de l&rsquo;expression \u00ab\u00a0pas sans risque\u00a0\u00bb. On constatera qu&rsquo;elle remplit les deux crit\u00e8res qui caract\u00e9risent les tics de la langue m\u00e9diatique : inutile, elle se substitue \u00e0 des tournures plus ad\u00e9quates; id\u00e9ologiquement marqu\u00e9e, elle t\u00e9moigne d&rsquo;une prise de parti.<\/p>\n\n\n\n<p><strong>_ Constat neutre: le risque existe<\/strong><\/p>\n\n\n\n<p>Dans cette configuration, \u00ab\u00a0pas sans risque\u00a0\u00bb rel\u00e8ve pleinement du tic langagier puisque son emploi ne se justifie pas et remplace, sans avantage, \u00ab\u00a0risqu\u00e9\u00a0\u00bb, \u00ab\u00a0p\u00e9rilleux\u00a0\u00bb, \u00ab\u00a0dangereux\u00a0\u00bb. On le voit <a rel=\"noreferrer noopener\" href=\"https:\/\/www.msn.com\/fr-fr\/actualite\/monde\/les-espaces-a%C3%A9riens-les-plus-dangereux-%C3%A0-survoler\/ar-AALGOSV\" target=\"_blank\">ici<\/a>, dans un texte qui op\u00e8re une classification des niveaux de risques:<\/p>\n\n\n\n<figure class=\"wp-block-image size-large is-resized\"><img loading=\"lazy\" decoding=\"async\" src=\"https:\/\/blog.causeur.fr\/lavoixdenosmaitres\/wp-content\/uploads\/sites\/27\/2021\/08\/pas-sans-risque-6.png\" alt=\"\" class=\"wp-image-1165\" width=\"501\" height=\"101\" \/><\/figure>\n\n\n\n<p class=\"has-text-align-center\">[&#8230;]<\/p>\n\n\n\n<figure class=\"wp-block-image size-large is-resized\"><img loading=\"lazy\" decoding=\"async\" src=\"https:\/\/blog.causeur.fr\/lavoixdenosmaitres\/wp-content\/uploads\/sites\/27\/2021\/08\/pas-sans-risque-7.png\" alt=\"\" class=\"wp-image-1167\" width=\"492\" height=\"340\" srcset=\"https:\/\/blog.causeur.fr\/lavoixdenosmaitres\/wp-content\/uploads\/sites\/27\/2021\/08\/pas-sans-risque-7-218x150.png 218w, https:\/\/blog.causeur.fr\/lavoixdenosmaitres\/wp-content\/uploads\/sites\/27\/2021\/08\/pas-sans-risque-7-100x70.png 100w\" sizes=\"auto, (max-width: 492px) 100vw, 492px\" \/><\/figure>\n\n\n\n<p><strong>_ Litote: c&rsquo;est tr\u00e8s risqu\u00e9<\/strong><\/p>\n\n\n\n<p>Admettons que certaines occurrences rel\u00e8vent de la figure de style. C&rsquo;est assez rare, en r\u00e9alit\u00e9, tant il semble clair que, dans la plupart des cas, \u00ab\u00a0pas sans risque\u00a0\u00bb signifie tout simplement \u00ab\u00a0risqu\u00e9\u00a0\u00bb. Mais l&rsquo;expression \u00ab\u00a0pas sans risque\u00a0\u00bb est parfois accompagn\u00e9e d&rsquo;une explicitation qui l&rsquo;\u00e9claire en lui donnant clairement valeur de litote. C&rsquo;est le cas quand le gouvernement envisage de <a rel=\"noreferrer noopener\" href=\"https:\/\/www.francetvinfo.fr\/economie\/retraite\/reforme-des-retraites\/retraites-quelles-sont-les-pistes-du-gouvernement-pour-sauver-sa-reforme-avantlapresidentielle_4683081.html\" target=\"_blank\">sauver sa r\u00e9forme des retraites avant la pr\u00e9sidentielle <\/a>:<\/p>\n\n\n\n<figure class=\"wp-block-image size-large is-resized\"><img loading=\"lazy\" decoding=\"async\" src=\"https:\/\/blog.causeur.fr\/lavoixdenosmaitres\/wp-content\/uploads\/sites\/27\/2021\/07\/pas-sans-risque1.png\" alt=\"\" class=\"wp-image-1161\" width=\"557\" height=\"71\" srcset=\"https:\/\/blog.causeur.fr\/lavoixdenosmaitres\/wp-content\/uploads\/sites\/27\/2021\/07\/pas-sans-risque1.png 557w, https:\/\/blog.causeur.fr\/lavoixdenosmaitres\/wp-content\/uploads\/sites\/27\/2021\/07\/pas-sans-risque1-300x38.png 300w\" sizes=\"auto, (max-width: 557px) 100vw, 557px\" \/><\/figure>\n\n\n\n<p><strong>_ N\u00e9gation pol\u00e9mique: on nie l&rsquo;id\u00e9e que le risque n&rsquo;existe pas<\/strong><\/p>\n\n\n\n<p>Nier, c&rsquo;est prendre position contre l&rsquo;id\u00e9e inverse, en l&rsquo;occurrence n\u00e9gative (l&rsquo;absence de risque). Ainsi, le troisi\u00e8me confinement \u00e9tant assez l\u00e9ger, beaucoup pouvaient penser qu&rsquo;il serait moins n\u00e9faste pour le moral qu&rsquo;une r\u00e9clusion stricte, notamment chez les enfants. L&rsquo;article <a rel=\"noreferrer noopener\" href=\"https:\/\/www.ouest-france.fr\/sante\/un-nouveau-confinement-qui-n-est-pas-sans-risque-pour-le-moral-des-enfants-0e4efb08-9784-11eb-88fe-d7588d2aa6f7\" target=\"_blank\">ici<\/a>, prend le contre-pied de ce postulat:<\/p>\n\n\n\n<figure class=\"wp-block-image size-large is-resized\"><img loading=\"lazy\" decoding=\"async\" src=\"https:\/\/blog.causeur.fr\/lavoixdenosmaitres\/wp-content\/uploads\/sites\/27\/2021\/08\/pas-sans-risque-4.png\" alt=\"\" class=\"wp-image-1168\" width=\"545\" height=\"116\" \/><\/figure>\n\n\n\n<p>Autre exemple, quand des candidats refusent de fusionner leurs listes en pariant sur la constance de l&rsquo;abstention entre le premier et le second tour, ils consid\u00e8rent que le risque r\u00e9side dans la \u00ab\u00a0confusion\u00a0\u00bb plus que dans l&rsquo;isolement. <a rel=\"noreferrer noopener\" href=\"https:\/\/www.ouest-france.fr\/elections\/regionales\/point-de-vue-l-election-n-est-pas-terminee-640a821a-d37a-11eb-8863-a35b84ea1d2a\" target=\"_blank\">Cet article<\/a>, o\u00f9 affleure la nostalgie des alliances \u00e0 l&rsquo;ancienne (d\u00e9sormais synonymes de trahisons et de reniements pour beaucoup d&rsquo;\u00e9lecteurs), d\u00e9sapprouve cette strat\u00e9gie du chacun pour soi:<\/p>\n\n\n\n<figure class=\"wp-block-image size-large is-resized\"><img loading=\"lazy\" decoding=\"async\" src=\"https:\/\/blog.causeur.fr\/lavoixdenosmaitres\/wp-content\/uploads\/sites\/27\/2021\/08\/pas-sans-risque2.png\" alt=\"\" class=\"wp-image-1169\" width=\"547\" height=\"106\" \/><\/figure>\n\n\n\n<p><strong>_ La concession <em>a minima<\/em><\/strong><br>Il fallait garder pour la fin cette pirouette sign\u00e9e <em>Le Monde<\/em>.<\/p>\n\n\n\n<p>Depuis le d\u00e9but de la crise sanitaire, nombre de m\u00e9fiants (ignominieusement baptis\u00e9s complotistes) s&rsquo;inqui\u00e9taient des risques \u00e9ventuels que pr\u00e9senteraient pour la sant\u00e9 les tests de r\u00e9action en cha\u00eene par polym\u00e9rase (PCR) r\u00e9alis\u00e9s par pr\u00e9l\u00e8vements nasopharyng\u00e9s, dispositif de r\u00e9f\u00e9rence pour le diagnostic d&rsquo;une infection au coronavirus. Nos m\u00e9dias fact-checkeurs se sont h\u00e2t\u00e9s de contredire ces th\u00e9ories inqui\u00e9tantes, sur le mode bien connu du \u00ab\u00a0non, x n&rsquo;est pas y\u00a0\u00bb (c&rsquo;est la formule officielle de d\u00e9nonciation des fake-news). Comme <a rel=\"noreferrer noopener\" href=\"https:\/\/www.20minutes.fr\/societe\/2823651-20200716-coronavirus-non-tests-pcr-dangereux-sante\" target=\"_blank\">ici<\/a>, dans un article de juillet 2020:<\/p>\n\n\n\n<figure class=\"wp-block-image size-large is-resized\"><img loading=\"lazy\" decoding=\"async\" src=\"https:\/\/blog.causeur.fr\/lavoixdenosmaitres\/wp-content\/uploads\/sites\/27\/2021\/08\/non-les-tests-pcr.png\" alt=\"\" class=\"wp-image-1170\" width=\"715\" height=\"114\" \/><\/figure>\n\n\n\n<p>Comme souvent dans la d\u00e9nonciation des fake-news, la th\u00e9orie contest\u00e9e est la plus \u00e9videmment ridicule. Son invalidation est cens\u00e9e atteindre toutes les autres th\u00e8ses, m\u00eame plus subtiles et mieux \u00e9tay\u00e9es, qui iraient peu ou prou dans le m\u00eame sens. L&rsquo;id\u00e9e qu&rsquo;un coton-tige pourrait franchir l&rsquo;os du cr\u00e2ne est stupide; cela n&rsquo;exclut pas la possibilit\u00e9 que l&rsquo;\u00e9couvillonnage puisse \u00eatre dangereux.<\/p>\n\n\n\n<p>De fait, en avril 2021, <em>Le Monde<\/em> relaie un communiqu\u00e9 de l&rsquo;Acad\u00e9mie Nationale de M\u00e9decine: <\/p>\n\n\n\n<figure class=\"wp-block-image size-large is-resized\"><img loading=\"lazy\" decoding=\"async\" src=\"https:\/\/blog.causeur.fr\/lavoixdenosmaitres\/wp-content\/uploads\/sites\/27\/2021\/08\/pas-sans-risque-3.png\" alt=\"\" class=\"wp-image-1172\" width=\"683\" height=\"260\" \/><\/figure>\n\n\n\n<p>\u00ab\u00a0Pas sans risque\u00a0\u00bb (titre du communiqu\u00e9 repris tel quel par le journal, avec la pr\u00e9caution des guillemets) appara\u00eet ici comme une concession aux th\u00e8ses \u00ab\u00a0complotistes\u00a0\u00bb. On comprend que le mot \u00ab\u00a0dangereux\u00a0\u00bb ne soit pas employ\u00e9 d\u00e8s le titre (il est utilis\u00e9, en revanche, dans le corps de l&rsquo;article). Quand la th\u00e8se officielle dit que ces tests sont \u00ab\u00a0sans risque\u00a0\u00bb, affirmer qu&rsquo;ils ne sont \u00ab\u00a0pas sans risque\u00a0\u00bb \u00e9vite de quantifier ce risque. Il existe, c&rsquo;est tout. Et mine de rien, dans \u00ab\u00a0pas sans risque\u00a0\u00bb, on entend \u00ab\u00a0sans risque\u00a0\u00bb, raison pour laquelle cette expression est sans doute moins inqui\u00e9tante que \u00ab\u00a0risqu\u00e9\u00a0\u00bb. <\/p>\n\n\n\n<p>Les complications caus\u00e9es par les tests nasopharyng\u00e9s ne sont pas directement dues au dispositif lui-m\u00eame mais \u00e0 l&rsquo;insuffisance des pr\u00e9cautions qui entourent son utilisation. Or, dans un contexte o\u00f9 il a \u00e9t\u00e9 massivement fait appel \u00e0 du personnel peu familier de cette m\u00e9thode, on peut imaginer sans peine que les erreurs entra\u00eenant lesdites complications ont pu \u00eatre fr\u00e9quemment commises. Quand on compare le <a rel=\"noreferrer noopener\" href=\"https:\/\/www.academie-medecine.fr\/les-prelevements-nasopharynges-ne-sont-pas-sans-risque\/\" target=\"_blank\">communiqu\u00e9<\/a> de l&rsquo;Acad\u00e9mie Nationale de M\u00e9decine&#8230; <\/p>\n\n\n\n<figure class=\"wp-block-image size-large is-resized\"><img loading=\"lazy\" decoding=\"async\" src=\"https:\/\/blog.causeur.fr\/lavoixdenosmaitres\/wp-content\/uploads\/sites\/27\/2021\/08\/acad.png\" alt=\"\" class=\"wp-image-1173\" width=\"806\" height=\"322\" \/><\/figure>\n\n\n\n<p>&#8230;aux nombreuses vid\u00e9os et images montrant la r\u00e9alisation de tests PCR, on peut l\u00e9gitimement s&rsquo;inqui\u00e9ter. Voici une dame qui n&rsquo;a pas du tout \u00ab\u00a0le menton parall\u00e8le au sol\u00a0\u00bb:<\/p>\n\n\n\n<figure class=\"wp-block-image is-resized\"><img loading=\"lazy\" decoding=\"async\" src=\"https:\/\/images.rtl.fr\/~c\/770v513\/rtl\/www\/1218515-une-femme-se-fait-depister-par-test-rt-pcr.jpg\" alt=\"https:\/\/images.rtl.fr\/~c\/770v513\/rtl\/www\/1218515-une-femme-se-fait-depister-par-test-rt-pcr.jpg\" width=\"451\" height=\"292\" \/><\/figure>\n\n\n\n<p>Pourtant, 3 mois apr\u00e8s avoir relay\u00e9 ce communiqu\u00e9 qui met en garde contre un \u00ab\u00a0risque de m\u00e9ningite\u00a0\u00bb (inflammation des membranes qui prot\u00e8gent le cerveau), le m\u00eame site internet du <em>Monde<\/em>, par la voix de ses \u00ab\u00a0D\u00e9codeurs\u00a0\u00bb, publie l&rsquo;article <a rel=\"noreferrer noopener\" href=\"https:\/\/www.lemonde.fr\/les-decodeurs\/article\/2020\/07\/21\/coronavirus-non-les-tests-pcr-ne-mettent-pas-le-cerveau-en-danger_6046826_4355770.html\" target=\"_blank\">suivant<\/a>, o\u00f9 l&rsquo;on reconna\u00eet la phras\u00e9ologie du fact-checking, sans la moindre allusion aux mises en garde de l&rsquo;Acad\u00e9mie de M\u00e9decine:<\/p>\n\n\n\n<figure class=\"wp-block-image size-large is-resized\"><img loading=\"lazy\" decoding=\"async\" src=\"https:\/\/blog.causeur.fr\/lavoixdenosmaitres\/wp-content\/uploads\/sites\/27\/2021\/08\/decodeurs-meningite.png\" alt=\"\" class=\"wp-image-1174\" width=\"609\" height=\"124\" \/><\/figure>\n\n\n\n<p>Quand <em>Le Monde<\/em> contredit <em>Le Monde<\/em>, qui doit-on croire?<\/p>\n\n\n\n<p>Et pendant ce temps, la contagion se poursuit:<\/p>\n\n\n\n<figure class=\"wp-block-image size-large is-resized\"><img loading=\"lazy\" decoding=\"async\" src=\"https:\/\/blog.causeur.fr\/lavoixdenosmaitres\/wp-content\/uploads\/sites\/27\/2021\/08\/pas-sans-risque-8.png\" alt=\"\" class=\"wp-image-1179\" width=\"553\" height=\"100\" \/><\/figure>\n\n\n\n<figure class=\"wp-block-image size-large is-resized\"><img loading=\"lazy\" decoding=\"async\" src=\"https:\/\/blog.causeur.fr\/lavoixdenosmaitres\/wp-content\/uploads\/sites\/27\/2021\/08\/pas-sans-risque-9.png\" alt=\"\" class=\"wp-image-1184\" width=\"784\" height=\"82\" \/><\/figure>\n\n\n\n<figure class=\"wp-block-image size-large is-resized\"><img loading=\"lazy\" decoding=\"async\" src=\"https:\/\/blog.causeur.fr\/lavoixdenosmaitres\/wp-content\/uploads\/sites\/27\/2021\/08\/pas-sans-risque-10.png\" alt=\"\" class=\"wp-image-1187\" width=\"612\" height=\"74\" \/><\/figure>\n\n\n\n<figure class=\"wp-block-image size-large is-resized\"><img loading=\"lazy\" decoding=\"async\" src=\"https:\/\/blog.causeur.fr\/lavoixdenosmaitres\/wp-content\/uploads\/sites\/27\/2021\/08\/pas-sans-risque-11.png\" alt=\"\" class=\"wp-image-1189\" width=\"653\" height=\"61\" \/><\/figure>\n\n\n\n<figure class=\"wp-block-image size-large\"><img loading=\"lazy\" decoding=\"async\" width=\"563\" height=\"133\" src=\"https:\/\/blog.causeur.fr\/lavoixdenosmaitres\/wp-content\/uploads\/sites\/27\/2021\/08\/pas-sans-risque-12-2.png\" alt=\"\" class=\"wp-image-1197\" srcset=\"https:\/\/blog.causeur.fr\/lavoixdenosmaitres\/wp-content\/uploads\/sites\/27\/2021\/08\/pas-sans-risque-12-2.png 563w, https:\/\/blog.causeur.fr\/lavoixdenosmaitres\/wp-content\/uploads\/sites\/27\/2021\/08\/pas-sans-risque-12-2-300x71.png 300w\" sizes=\"auto, (max-width: 563px) 100vw, 563px\" \/><\/figure>\n\n\n\n<p><\/p>\n","protected":false},"excerpt":{"rendered":"<p>Quand Le Monde contredit Le Monde, qui doit-on croire? Petite r\u00e9flexion sur la nouvelle expression en vogue dans la langue des m\u00e9dias.<\/p>\n","protected":false},"author":7,"featured_media":1175,"comment_status":"open","ping_status":"open","sticky":false,"template":"","format":"standard","meta":{"footnotes":""},"categories":[9],"tags":[456,499,295,13,496],"class_list":{"0":"post-1158","1":"post","2":"type-post","3":"status-publish","4":"format-standard","5":"has-post-thumbnail","7":"category-articles","8":"tag-coronavirus","9":"tag-fact-checking","10":"tag-fake-news","11":"tag-le-monde","12":"tag-tests-pcr"},"_links":{"self":[{"href":"https:\/\/blog.causeur.fr\/lavoixdenosmaitres\/wp-json\/wp\/v2\/posts\/1158","targetHints":{"allow":["GET"]}}],"collection":[{"href":"https:\/\/blog.causeur.fr\/lavoixdenosmaitres\/wp-json\/wp\/v2\/posts"}],"about":[{"href":"https:\/\/blog.causeur.fr\/lavoixdenosmaitres\/wp-json\/wp\/v2\/types\/post"}],"author":[{"embeddable":true,"href":"https:\/\/blog.causeur.fr\/lavoixdenosmaitres\/wp-json\/wp\/v2\/users\/7"}],"replies":[{"embeddable":true,"href":"https:\/\/blog.causeur.fr\/lavoixdenosmaitres\/wp-json\/wp\/v2\/comments?post=1158"}],"version-history":[{"count":0,"href":"https:\/\/blog.causeur.fr\/lavoixdenosmaitres\/wp-json\/wp\/v2\/posts\/1158\/revisions"}],"wp:featuredmedia":[{"embeddable":true,"href":"https:\/\/blog.causeur.fr\/lavoixdenosmaitres\/wp-json\/wp\/v2\/media\/1175"}],"wp:attachment":[{"href":"https:\/\/blog.causeur.fr\/lavoixdenosmaitres\/wp-json\/wp\/v2\/media?parent=1158"}],"wp:term":[{"taxonomy":"category","embeddable":true,"href":"https:\/\/blog.causeur.fr\/lavoixdenosmaitres\/wp-json\/wp\/v2\/categories?post=1158"},{"taxonomy":"post_tag","embeddable":true,"href":"https:\/\/blog.causeur.fr\/lavoixdenosmaitres\/wp-json\/wp\/v2\/tags?post=1158"}],"curies":[{"name":"wp","href":"https:\/\/api.w.org\/{rel}","templated":true}]}}