{"id":1199,"date":"2021-08-19T10:44:51","date_gmt":"2021-08-19T08:44:51","guid":{"rendered":"https:\/\/blog.causeur.fr\/lavoixdenosmaitres\/?p=1199"},"modified":"2021-08-20T21:26:35","modified_gmt":"2021-08-20T19:26:35","slug":"mais-qui-voit-des-antisemites-partout","status":"publish","type":"post","link":"https:\/\/blog.causeur.fr\/lavoixdenosmaitres\/mais-qui-voit-des-antisemites-partout-1199","title":{"rendered":"Mais qui&#8230;voit des antis\u00e9mites partout?"},"content":{"rendered":"\n<!--more-->\n\n\n\n<p><\/p>\n\n\n\n<p>Quel homme politique n&rsquo;a pas \u00e9t\u00e9, \u00e0 un moment ou un autre durant sa carri\u00e8re, maquill\u00e9 d&rsquo;une petite moustache ? <\/p>\n\n\n\n<p>Ce proc\u00e9d\u00e9 rel\u00e8ve de la caricature la plus banale, de l&rsquo;outrance habituelle qui accompagne, dans les manifestations, la rh\u00e9torique contestataire. Et personne ne s&rsquo;en offusque jamais. Il faut croire que les d\u00e9tracteurs du laissez-passer sanitaire ont droit \u00e0 un traitement particulier. <a rel=\"noreferrer noopener\" href=\"https:\/\/www.bfmtv.com\/police-justice\/pass-sanitaire-les-manifestants-ayant-arbore-des-symboles-nazis-risquent-ils-des-poursuites_AN-202107190223.html\" target=\"_blank\">La preuve<\/a>:<\/p>\n\n\n\n<figure class=\"wp-block-image size-large is-resized\"><img loading=\"lazy\" decoding=\"async\" src=\"https:\/\/blog.causeur.fr\/lavoixdenosmaitres\/wp-content\/uploads\/sites\/27\/2021\/08\/pass-antisemiteBFM2.png\" alt=\"\" class=\"wp-image-1211\" width=\"449\" height=\"252\" \/><\/figure>\n\n\n\n<p>Et ce traitement particulier va jusqu&rsquo;\u00e0 les accuser de cela-m\u00eame qu&rsquo;ils d\u00e9noncent, subversion r\u00e9voltante qui repose sur le proc\u00e9d\u00e9 le plus grossier: s&rsquo;il y a une croix gamm\u00e9e sur votre pancarte, c&rsquo;est que vous \u00eates un nazi. Et tant pis si votre message, c&rsquo;est \u00ab\u00a0Macron= croix gamm\u00e9e\u00a0\u00bb. <\/p>\n\n\n\n<p>BFMTV ose m\u00eame poser cette question :<\/p>\n\n\n\n<figure class=\"wp-block-image size-large\"><img loading=\"lazy\" decoding=\"async\" width=\"664\" height=\"158\" src=\"https:\/\/blog.causeur.fr\/lavoixdenosmaitres\/wp-content\/uploads\/sites\/27\/2021\/08\/pass-antisemite-BFM.png\" alt=\"\" class=\"wp-image-1205\" srcset=\"https:\/\/blog.causeur.fr\/lavoixdenosmaitres\/wp-content\/uploads\/sites\/27\/2021\/08\/pass-antisemite-BFM.png 664w, https:\/\/blog.causeur.fr\/lavoixdenosmaitres\/wp-content\/uploads\/sites\/27\/2021\/08\/pass-antisemite-BFM-300x71.png 300w\" sizes=\"auto, (max-width: 664px) 100vw, 664px\" \/><\/figure>\n\n\n\n<p>\u00ab\u00a0Arborer\u00a0\u00bb? <\/p>\n\n\n\n<p>\u00ab\u00a0Arborer\u00a0\u00bb, vraiment? <\/p>\n\n\n\n<p>\u00ab\u00a0Arborer\u00a0\u00bb, nous dit le dictionnaire, c&rsquo;est \u00ab\u00a0montrer fi\u00e8rement\u00a0\u00bb. <\/p>\n\n\n\n<p>Par exemple, voici un petit monsieur qui \u00ab\u00a0arbore\u00a0\u00bb r\u00e9ellement des symboles nazis :<\/p>\n\n\n\n<figure class=\"wp-block-image size-large is-resized\"><img loading=\"lazy\" decoding=\"async\" src=\"https:\/\/blog.causeur.fr\/lavoixdenosmaitres\/wp-content\/uploads\/sites\/27\/2021\/08\/neo-nazi.jpg\" alt=\"\" class=\"wp-image-1214\" width=\"502\" height=\"341\" \/><\/figure>\n\n\n\n<p><\/p>\n\n\n\n<p>Et voici \u00e0 pr\u00e9sent des gens qui, selon nos m\u00e9dias, \u00ab\u00a0arborent\u00a0\u00bb des symboles nazis:<\/p>\n\n\n\n<figure class=\"wp-block-image size-large is-resized\"><img loading=\"lazy\" decoding=\"async\" src=\"https:\/\/blog.causeur.fr\/lavoixdenosmaitres\/wp-content\/uploads\/sites\/27\/2021\/08\/pass-antisemite.jpg\" alt=\"\" class=\"wp-image-1208\" width=\"400\" height=\"216\" \/><\/figure>\n\n\n\n<figure class=\"wp-block-image size-large\"><img loading=\"lazy\" decoding=\"async\" width=\"275\" height=\"183\" src=\"https:\/\/blog.causeur.fr\/lavoixdenosmaitres\/wp-content\/uploads\/sites\/27\/2021\/08\/pass-antisemite2.jpg\" alt=\"\" class=\"wp-image-1215\" \/><\/figure>\n\n\n\n<figure class=\"wp-block-image size-large is-resized\"><img loading=\"lazy\" decoding=\"async\" src=\"https:\/\/blog.causeur.fr\/lavoixdenosmaitres\/wp-content\/uploads\/sites\/27\/2021\/08\/pass-antisemite4-1024x576.jpg\" alt=\"\" class=\"wp-image-1216\" width=\"487\" height=\"267\" \/><\/figure>\n\n\n\n<figure class=\"wp-block-image size-large is-resized\"><img loading=\"lazy\" decoding=\"async\" src=\"https:\/\/blog.causeur.fr\/lavoixdenosmaitres\/wp-content\/uploads\/sites\/27\/2021\/08\/pass-antisemite6.jpg\" alt=\"\" class=\"wp-image-1217\" width=\"310\" height=\"236\" \/><\/figure>\n\n\n\n<p>Aucun n&rsquo;appara\u00eet comme un nostalgique du Troisi\u00e8me Reich, c&rsquo;est le moins que l&rsquo;on puisse dire!<\/p>\n\n\n\n<p>On trouve aussi la pancarte suivante, qui a beaucoup fait parler. <\/p>\n\n\n\n<figure class=\"wp-block-image size-large\"><img loading=\"lazy\" decoding=\"async\" width=\"371\" height=\"519\" src=\"https:\/\/blog.causeur.fr\/lavoixdenosmaitres\/wp-content\/uploads\/sites\/27\/2021\/08\/cassandre.jpg\" alt=\"\" class=\"wp-image-1203\" srcset=\"https:\/\/blog.causeur.fr\/lavoixdenosmaitres\/wp-content\/uploads\/sites\/27\/2021\/08\/cassandre.jpg 371w, https:\/\/blog.causeur.fr\/lavoixdenosmaitres\/wp-content\/uploads\/sites\/27\/2021\/08\/cassandre-214x300.jpg 214w, https:\/\/blog.causeur.fr\/lavoixdenosmaitres\/wp-content\/uploads\/sites\/27\/2021\/08\/cassandre-300x420.jpg 300w\" sizes=\"auto, (max-width: 371px) 100vw, 371px\" \/><\/figure>\n\n\n\n<p>Il para\u00eet que le \u00ab\u00a0mais qui?\u00a0\u00bb brandi par Cassandre Fristot est un slogan antis\u00e9mite notoire (allusion \u00e0 un \u00e9change entre Claude Posternak &#8211; \u00ab\u00a0mais qui?\u00a0\u00bb &#8211; et le G\u00e9n\u00e9ral Delawarde r\u00e9pondant \u00ab\u00a0la communaut\u00e9 que vous connaissez bien\u00a0\u00bb) . Je n&rsquo;ai pas de difficult\u00e9 \u00e0 envisager que certains puissent voir la main des sages de Sion derri\u00e8re la politique vaccinale du gouvernement, \u00e0 partir du moment o\u00f9 ils se font fort de la rep\u00e9rer partout. Mais, <a rel=\"noreferrer noopener\" href=\"https:\/\/www.medias-presse.info\/veronique-levy-l-antisemitisme-de-cassandre-fristot-je-ne-le-vois-pas\/145558\/?fbclid=IwAR3c_WQrMbqf3UKW5pTCVavNZKmlY2jf88A4yY6UQbZ-PRXgG7j7X7wwiiw\" target=\"_blank\">comme l&rsquo;a fort bien not\u00e9 V\u00e9ronique L\u00e9vy<\/a>, la soeur de BHL, s&rsquo;il s&rsquo;agit de d\u00e9noncer les juifs, que font sur cette pancarte les noms d&rsquo;Emmanuel Macron, Klaus Schwab et Olivier V\u00e9ran? En tout cas, la dimension antis\u00e9mite de la pancarte n&rsquo;est pas aussi \u00e9vidente qu&rsquo;on veut nous le faire penser. Pour ma part, je trouve que les cornes sur le \u00ab\u00a0Q\u00a0\u00bb de \u00ab\u00a0qui\u00a0\u00bb, associ\u00e9es \u00e0 la liste des noms de personnages puissants (juifs et non-juifs) orientent plut\u00f4t vers la th\u00e9orie du vaccin comme \u00ab\u00a0signe de la B\u00eate\u00a0\u00bb qui accuse des individus haut-plac\u00e9s ou influents (les \u00ab\u00a0tra\u00eetres\u00a0\u00bb de l&rsquo;affiche) de s&rsquo;\u00eatre choisi Satan pour ma\u00eetre et d\u2019\u0153uvrer \u00e0 lui soumettre l&rsquo;humanit\u00e9. On sait le succ\u00e8s que rencontre cette interpr\u00e9tation de l&rsquo;actualit\u00e9 &#8211; et d&rsquo;autres th\u00e9ories de teneur similaire &#8211; qui s&rsquo;appuie sur le c\u00e9l\u00e8bre passage de l&rsquo;<em>Apocalypse<\/em>: \u00ab\u00a0Tous \u00e9taient marqu\u00e9s du signe de la B\u00eate et nul ne pouvait acheter ou vendre s&rsquo;il ne portait ce signe\u00a0\u00bb. <\/p>\n\n\n\n<p>On se demande d&rsquo;ailleurs qui sont les plus obs\u00e9d\u00e9s par la question \u00ab\u00a0mais qui?\u00a0\u00bb: les antis\u00e9mites ou les chasseurs d&rsquo;antis\u00e9mites? L&rsquo;exemple suivant apporte peut-\u00eatre une r\u00e9ponse \u00e0 cette question:<\/p>\n\n\n\n<p>_ voici le titre de l&rsquo;<a href=\"https:\/\/www.ledauphine.com\/sante\/2021\/08\/16\/pass-sanitaire-pancarte-antisemite-et-croix-gammee-lors-d-une-manifestation-dans-les-vosges\" target=\"_blank\" rel=\"noreferrer noopener\">article <\/a>:<\/p>\n\n\n\n<figure class=\"wp-block-image size-large is-resized\"><img loading=\"lazy\" decoding=\"async\" src=\"https:\/\/blog.causeur.fr\/lavoixdenosmaitres\/wp-content\/uploads\/sites\/27\/2021\/08\/titre-vosges.png\" alt=\"\" class=\"wp-image-1218\" width=\"637\" height=\"76\" \/><\/figure>\n\n\n\n<p>_ un passage sur \u00ab\u00a0mais qui?\u00a0\u00bb nous rappelle que<\/p>\n\n\n\n<figure class=\"wp-block-image size-large\"><img loading=\"lazy\" decoding=\"async\" width=\"597\" height=\"149\" src=\"https:\/\/blog.causeur.fr\/lavoixdenosmaitres\/wp-content\/uploads\/sites\/27\/2021\/08\/mais-qui-vosges.png\" alt=\"\" class=\"wp-image-1221\" srcset=\"https:\/\/blog.causeur.fr\/lavoixdenosmaitres\/wp-content\/uploads\/sites\/27\/2021\/08\/mais-qui-vosges.png 597w, https:\/\/blog.causeur.fr\/lavoixdenosmaitres\/wp-content\/uploads\/sites\/27\/2021\/08\/mais-qui-vosges-300x75.png 300w\" sizes=\"auto, (max-width: 597px) 100vw, 597px\" \/><\/figure>\n\n\n\n<p>_ et tadzam! Tenez-vous bien, voici la photo:<\/p>\n\n\n\n<figure class=\"wp-block-image size-large\"><img loading=\"lazy\" decoding=\"async\" width=\"643\" height=\"360\" src=\"https:\/\/blog.causeur.fr\/lavoixdenosmaitres\/wp-content\/uploads\/sites\/27\/2021\/08\/antisemite-vosges.jpg\" alt=\"\" class=\"wp-image-1223\" srcset=\"https:\/\/blog.causeur.fr\/lavoixdenosmaitres\/wp-content\/uploads\/sites\/27\/2021\/08\/antisemite-vosges.jpg 643w, https:\/\/blog.causeur.fr\/lavoixdenosmaitres\/wp-content\/uploads\/sites\/27\/2021\/08\/antisemite-vosges-300x168.jpg 300w\" sizes=\"auto, (max-width: 643px) 100vw, 643px\" \/><\/figure>\n\n\n\n<p>La question n&rsquo;a rien d&rsquo;un elliptique \u00ab\u00a0mais qui?\u00a0\u00bb puisque ce monsieur demande \u00ab\u00a0mais qui sont les\u00a0\u00bb + croix gamm\u00e9e o\u00f9 il a ins\u00e9r\u00e9 les lettres LREM. Tr\u00e8s clairement, cette pancarte r\u00e9pond aux accusations de nazisme qui tournent dans la presse et pose la question \u00ab\u00a0qui sont les vrais nazis?\u00a0\u00bb: ceux qui imposent le laissez-passer sanitaire ou ceux qui le d\u00e9noncent? Les seuls qui soient objectivement vis\u00e9s sur cette pancarte sont les francs-ma\u00e7ons (le triangle des \u00ab\u00a0fr\u00e8res trois-points\u00a0\u00bb dessine le R de LREM, ce que le journaliste n&rsquo;a m\u00eame pas vu, tout occup\u00e9 qu&rsquo;il \u00e9tait \u00e0 chasser du n\u00e9o-nazi).<\/p>\n\n\n\n<p>Citons aussi ce passage :<\/p>\n\n\n\n<figure class=\"wp-block-image size-large is-resized\"><img loading=\"lazy\" decoding=\"async\" src=\"https:\/\/blog.causeur.fr\/lavoixdenosmaitres\/wp-content\/uploads\/sites\/27\/2021\/08\/seringue-vosges.png\" alt=\"\" class=\"wp-image-1224\" width=\"522\" height=\"119\" \/><\/figure>\n\n\n\n<p>Dans un article qui titre sur l&rsquo;antis\u00e9mitisme des manifestants et la pr\u00e9sence de symboles nazis dans les d\u00e9fil\u00e9s, ce paragraphe sugg\u00e8re que les anti-pass ont des sympathies pour la croix gamm\u00e9e, comme s&rsquo;il n&rsquo;\u00e9tait pas \u00e9vident que, form\u00e9 de seringues, ce signe a pour but ici de d\u00e9noncer la contrainte vaccinale.<\/p>\n\n\n\n<p>Nos journalistes le r\u00e9p\u00e8tent: \u00ab\u00a0les d\u00e9rapages antis\u00e9mites sont ultra-minoritaires dans les manifestations anti-pass\u00a0\u00bb. Le probl\u00e8me, c&rsquo;est qu&rsquo;ils ne sont pas minoritaires dans le temps d&rsquo;antenne qu&rsquo;on leur accorde&#8230; Or, le r\u00e9sultat est l\u00e0: interrog\u00e9e samedi dernier, une m\u00e8re de famille pr\u00e9sente dans un cort\u00e8ge commen\u00e7ait sa r\u00e9ponse par ces mots : \u00ab\u00a0nous ne sommes pas nazis, contrairement \u00e0 ce que certains pensent\u00a0\u00bb. Quand vous vous croyez oblig\u00e9 de formuler ce genre de pr\u00e9cautions, c&rsquo;est que vos accusateurs ont gagn\u00e9, que le discr\u00e9dit a port\u00e9 et qu&rsquo;au fond de vous, un soup\u00e7on de honte et de mauvaise conscience vous fait craindre d&rsquo;exprimer votre pens\u00e9e et vous conduira bient\u00f4t, docilement, au silence.<\/p>\n","protected":false},"excerpt":{"rendered":"","protected":false},"author":7,"featured_media":1200,"comment_status":"open","ping_status":"open","sticky":false,"template":"","format":"standard","meta":{"footnotes":""},"categories":[9],"tags":[405,356,456,407,343,501],"class_list":{"0":"post-1199","1":"post","2":"type-post","3":"status-publish","4":"format-standard","5":"has-post-thumbnail","7":"category-articles","8":"tag-antisemitisme","9":"tag-bfmtv","10":"tag-coronavirus","11":"tag-juifs","12":"tag-le-dauphine","13":"tag-manifestations"},"_links":{"self":[{"href":"https:\/\/blog.causeur.fr\/lavoixdenosmaitres\/wp-json\/wp\/v2\/posts\/1199","targetHints":{"allow":["GET"]}}],"collection":[{"href":"https:\/\/blog.causeur.fr\/lavoixdenosmaitres\/wp-json\/wp\/v2\/posts"}],"about":[{"href":"https:\/\/blog.causeur.fr\/lavoixdenosmaitres\/wp-json\/wp\/v2\/types\/post"}],"author":[{"embeddable":true,"href":"https:\/\/blog.causeur.fr\/lavoixdenosmaitres\/wp-json\/wp\/v2\/users\/7"}],"replies":[{"embeddable":true,"href":"https:\/\/blog.causeur.fr\/lavoixdenosmaitres\/wp-json\/wp\/v2\/comments?post=1199"}],"version-history":[{"count":0,"href":"https:\/\/blog.causeur.fr\/lavoixdenosmaitres\/wp-json\/wp\/v2\/posts\/1199\/revisions"}],"wp:featuredmedia":[{"embeddable":true,"href":"https:\/\/blog.causeur.fr\/lavoixdenosmaitres\/wp-json\/wp\/v2\/media\/1200"}],"wp:attachment":[{"href":"https:\/\/blog.causeur.fr\/lavoixdenosmaitres\/wp-json\/wp\/v2\/media?parent=1199"}],"wp:term":[{"taxonomy":"category","embeddable":true,"href":"https:\/\/blog.causeur.fr\/lavoixdenosmaitres\/wp-json\/wp\/v2\/categories?post=1199"},{"taxonomy":"post_tag","embeddable":true,"href":"https:\/\/blog.causeur.fr\/lavoixdenosmaitres\/wp-json\/wp\/v2\/tags?post=1199"}],"curies":[{"name":"wp","href":"https:\/\/api.w.org\/{rel}","templated":true}]}}