{"id":1229,"date":"2021-11-08T22:54:41","date_gmt":"2021-11-08T21:54:41","guid":{"rendered":"https:\/\/blog.causeur.fr\/lavoixdenosmaitres\/?p=1229"},"modified":"2021-11-25T22:34:04","modified_gmt":"2021-11-25T21:34:04","slug":"ben-voyons","status":"publish","type":"post","link":"https:\/\/blog.causeur.fr\/lavoixdenosmaitres\/ben-voyons-1229","title":{"rendered":"\u00ab\u00a0Ben voyons&#8230;\u00a0\u00bb"},"content":{"rendered":"\n<!--more-->\n\n\n\n<p><\/p>\n\n\n\n<p>On attire mon attention sur le texte d\u2019un chroniqueur de l\u2019<em>Obs<\/em>, que je lis bien volontiers puisque, comme chacun sait, <a href=\"https:\/\/blog.causeur.fr\/lavoixdenosmaitres\/comment-lobs-ma-diabolisee-7\" data-type=\"post\" data-id=\"7\">je dois tout \u00e0 l\u2019<em>Obs<\/em><\/a>. En atteignant la derni\u00e8re ligne, je comprends pourquoi on m\u2019a conseill\u00e9 de le lire.<\/p>\n\n\n\n<p>C\u2019est un article rigolo, o\u00f9 l\u2019auteur raconte sa r\u00e9ticence \u00e0 lire <em>Mein Kampf<\/em> dans le train. Tombant sur la r\u00e9\u00e9dition critique du c\u00e9l\u00e8bre manifeste d\u2019Adolf Hitler dans une librairie, il d\u00e9crit la fascination malsaine et honteuse que ce livre lui inspire\u00a0: <\/p>\n\n\n\n<p><em>\u00ab\u00a0Je n\u2019avais jamais tenu <\/em>Mein Kampf<em> dans mes mains. Lire <\/em>Mein Kampf<em>, me dis-je, c\u2019est assur\u00e9ment quelque chose qu\u2019on doit faire au moins une fois dans sa vie, comme sauter \u00e0 l\u2019\u00e9lastique et aller dans un club \u00e9changiste.\u00a0\u00bb<\/em><\/p>\n\n\n\n<p>Quand des gens passent dans le rayon de la librairie, il range pr\u00e9cipitamment le livre, redoutant d\u2019\u00eatre vu en train de feuilleter un ouvrage aussi infamant. On croirait la r\u00e9action d\u2019un gamin d\u00e9vorant en catimini un livre cochon. Pourtant, ce n\u2019est que <em>Mein Kampf<\/em>, l\u2019un des livres les plus mal \u00e9crits de l\u2019histoire, imbuvable et tr\u00e8s dat\u00e9, scand\u00e9 par de longs passages de logorrh\u00e9e monomaniaque sur les Juifs. Si Hitler n\u2019avait pas \u00e9t\u00e9 \u00e9rig\u00e9 en nouveau N\u00e9ron, symbole du mal absolu permettant d\u2019all\u00e9ger la responsabilit\u00e9 historique des gens qui ne sont pas lui et sans qui pourtant il n\u2019e\u00fbt jamais \u00e9t\u00e9 celui qu\u2019il fut, on ne parlerait plus de <em>Mein Kampf<\/em>.<\/p>\n\n\n\n<p>Le chroniqueur de l\u2019<em>Obs <\/em>r\u00e9agit, en r\u00e9alit\u00e9, comme les petits lyc\u00e9ens devant lesquels on me demande r\u00e9guli\u00e8rement d\u2019intervenir sur des th\u00e8mes comme \u00ab\u00a0m\u00e9dias et manipulation\u00a0\u00bb\u00a0: mon exemplaire de <em>Mein Kampf <\/em>produit toujours son petit effet. Ils veulent le toucher, ils l\u2019ouvrent n\u2019importe o\u00f9, ils s\u2019attendent \u00e0 trouver dedans des choses affreuses. Et comme le chroniqueur de l\u2019<em>Obs<\/em>, ils ne trouvent rien. <\/p>\n\n\n\n<p><em>\u00ab\u00a0Je l\u2019ouvris au hasard, esp\u00e9rant lire les pires choses jamais \u00e9crites, mais je ne tombai que sur des phrases banales\u00a0: \u00ab \u00ab\u00a0Je buvais ma bouteille de lait et mangeais mon morceau de pain\u00a0\u00bb\u00a0\u00bb.<\/em><\/p>\n\n\n\n<p>Il craint de se trouver des points d\u2019accord avec Adolf Hitler:<\/p>\n\n\n\n<p><em>\u00ab\u00a0Et si soudain, me dis-je avec effroi, je pensais : \u00ab Sur ce point pr\u00e9cis, Hitler n\u2019a pas tort \u00bb ? J\u2019ai la mauvaise habitude de sauter toutes les pr\u00e9faces et d\u2019ignorer les annexes, aussi je risquais de lire <\/em>Mein Kampf<em> sans aucune d\u00e9construction critique. Je me crois pr\u00e9muni contre le nazisme, mais le suis-je vraiment ? Ne risquais-je pas de me faire ensorceler par un charme pervers et inattendu de l\u2019hitl\u00e9risme ?\u00a0\u00bb<\/em> <\/p>\n\n\n\n<p>Je ne sais pas de quel \u00ab\u00a0charme pervers et inattendu\u00a0\u00bb il parle mais pour ma part, je trouve que certains passages de <em>Mein Kampf <\/em>sur la \u00ab\u00a0couardise bourgeoise\u00a0\u00bb sont plut\u00f4t bien vus. Et si j\u2019apporte <em>Mein Kampf<\/em> lors de mes conf\u00e9rences, c\u2019est pour d\u00e9gonfler la th\u00e8se de l\u2019existence d\u2019une propagande nazie qui serait d\u2019une nature sp\u00e9cifique et d\u00e9moniaque\u00a0: le t\u00e9moignage d\u2019Adolf Hitler nous montre que le dictateur n\u2019a eu d\u2019autre dessein que de copier les m\u00e9thodes de manipulation en cours dans les grandes d\u00e9mocraties depuis la Premi\u00e8re Guerre Mondiale et qu\u2019il reprochait \u00e0 l\u2019Allemagne de n\u2019avoir pas adopt\u00e9es plus t\u00f4t. Lire <em>Mein Kampf<\/em> (en tout cas, les passages sur ce sujet) vous gu\u00e9rit de votre vuln\u00e9rabilit\u00e9 de d\u00e9mocrate b\u00e9at, vous fait prendre conscience, comme le dira le professeur Philippe Breton, que la propagande n&rsquo;est pas d&rsquo;une nature diff\u00e9rente en dictature et en d\u00e9mocratie, que seul diff\u00e8re le contenu id\u00e9ologique. En r\u00e9alit\u00e9, quand on est un peu intellectuellement charpent\u00e9 et un minimum mature, on n\u2019a pas grand-chose \u00e0 craindre \u00e0 lire <em>Mein Kampf. <\/em>Ce n\u2019est sans doute pas le livre le plus nocif qui soit, d\u00e9j\u00e0 parce que ce n\u2019est pas le seul livre antis\u00e9mite et que d\u2019autres, de semblable teneur, sont mieux \u00e9crits, donc plus convaincants\u00a0; mais c\u2019est probablement l\u2019un des plus lassants. <\/p>\n\n\n\n<p>Bien entendu, le regard de l\u2019entourage joue beaucoup quand on veut se risquer \u00e0 ce genre de lecture, ce qu\u2019appr\u00e9hende le chroniqueur de l\u2019Obs\u00a0: <\/p>\n\n\n\n<p><em>\u00ab\u00a0je pensai \u00e0 ma femme, qui me soup\u00e7onne de virer r\u00e9actionnaire avec l\u2019\u00e2ge, ce que je nie \u00e0 toute force. Que dirait-elle si elle rentrait un soir pour me trouver plong\u00e9 dans Hitler ?\u00a0\u00bb<\/em><\/p>\n\n\n\n<p><em>In cauda venenum<\/em>. Notre homme finit par reposer le livre dans le rayon, ach\u00e8te un roman et en profite pour demander au libraire ce qui se vent ces temps-ci. Il lui indique une pile d\u2019exemplaires de <em>La France n\u2019a pas dit son dernier mot<\/em>, le livre d\u2019Eric Zemmour. Et c\u2019est l\u00e0 qu\u2019intervient la petite pique totalement gratuite qui ab\u00eeme <em>in extremis<\/em> un texte plut\u00f4t amusant\u00a0:\u00a0<\/p>\n\n\n\n<p><em>\u00ab\u00a0 Ma curiosit\u00e9 du jour pour les tyrans racistes me reprit, et je songeai quelques instants \u00e0 en prendre un. Mais l\u00e0 aussi je me ravisai. J\u2019attendrai la r\u00e9\u00e9dition critique.\u00a0\u00bb<\/em><\/p>\n\n\n\n<p>Eric Zemmour, trait\u00e9 de \u00ab\u00a0tyran raciste\u00a0\u00bb, est mis sur le m\u00eame plan qu\u2019Adolf Hitler et son livre, pr\u00e9sent\u00e9 comme un \u00e9quivalent de <em>Mein Kampf<\/em>. On comprend que ce rapprochement grotesque \u00e9tait sans doute la raison d\u2019\u00eatre de tout l\u2019article, et cela ruine jusqu\u2019\u00e0 l\u2019image sympathique que l\u2019on se faisait de son r\u00e9dacteur, presque mignon avec ses petites angoisses d\u2019enfant s\u00e9duit par l\u2019interdit.<\/p>\n\n\n\n<p>Un jour, les journalistes se souviendront que Trump avait gagn\u00e9 gr\u00e2ce \u00e0 eux, gr\u00e2ce \u00e0 leurs outrances insens\u00e9es et \u00e0 leurs analogies fumeuses.<\/p>\n","protected":false},"excerpt":{"rendered":"","protected":false},"author":7,"featured_media":1230,"comment_status":"open","ping_status":"open","sticky":false,"template":"","format":"standard","meta":{"footnotes":""},"categories":[9],"tags":[59,155,6,64,384],"class_list":{"0":"post-1229","1":"post","2":"type-post","3":"status-publish","4":"format-standard","5":"has-post-thumbnail","7":"category-articles","8":"tag-diabolisation","9":"tag-ideologie-mediatique","10":"tag-lobs","11":"tag-trump","12":"tag-zemmour"},"_links":{"self":[{"href":"https:\/\/blog.causeur.fr\/lavoixdenosmaitres\/wp-json\/wp\/v2\/posts\/1229","targetHints":{"allow":["GET"]}}],"collection":[{"href":"https:\/\/blog.causeur.fr\/lavoixdenosmaitres\/wp-json\/wp\/v2\/posts"}],"about":[{"href":"https:\/\/blog.causeur.fr\/lavoixdenosmaitres\/wp-json\/wp\/v2\/types\/post"}],"author":[{"embeddable":true,"href":"https:\/\/blog.causeur.fr\/lavoixdenosmaitres\/wp-json\/wp\/v2\/users\/7"}],"replies":[{"embeddable":true,"href":"https:\/\/blog.causeur.fr\/lavoixdenosmaitres\/wp-json\/wp\/v2\/comments?post=1229"}],"version-history":[{"count":0,"href":"https:\/\/blog.causeur.fr\/lavoixdenosmaitres\/wp-json\/wp\/v2\/posts\/1229\/revisions"}],"wp:featuredmedia":[{"embeddable":true,"href":"https:\/\/blog.causeur.fr\/lavoixdenosmaitres\/wp-json\/wp\/v2\/media\/1230"}],"wp:attachment":[{"href":"https:\/\/blog.causeur.fr\/lavoixdenosmaitres\/wp-json\/wp\/v2\/media?parent=1229"}],"wp:term":[{"taxonomy":"category","embeddable":true,"href":"https:\/\/blog.causeur.fr\/lavoixdenosmaitres\/wp-json\/wp\/v2\/categories?post=1229"},{"taxonomy":"post_tag","embeddable":true,"href":"https:\/\/blog.causeur.fr\/lavoixdenosmaitres\/wp-json\/wp\/v2\/tags?post=1229"}],"curies":[{"name":"wp","href":"https:\/\/api.w.org\/{rel}","templated":true}]}}