{"id":1233,"date":"2021-11-25T22:27:07","date_gmt":"2021-11-25T21:27:07","guid":{"rendered":"https:\/\/blog.causeur.fr\/lavoixdenosmaitres\/?p=1233"},"modified":"2021-11-25T22:33:54","modified_gmt":"2021-11-25T21:33:54","slug":"les-nouveaux-reacs-nouvelle-grande-peur-des-bien-pensants","status":"publish","type":"post","link":"https:\/\/blog.causeur.fr\/lavoixdenosmaitres\/les-nouveaux-reacs-nouvelle-grande-peur-des-bien-pensants-1233","title":{"rendered":"Les nouveaux r\u00e9acs: nouvelle grande peur des bien-pensants"},"content":{"rendered":"\n<!--more-->\n\n\n\n<p>C&rsquo;est un postulat souvent v\u00e9rifi\u00e9 que les m\u00e9dias n&rsquo;enqu\u00eatent que sur les gens \u00e0 qui ils veulent nuire. Mais les reportages de Martin Weill ne s&rsquo;inscrivent pas dans cette logique: il s&rsquo;agit plut\u00f4t d&rsquo;explorer des univers myst\u00e9rieux (sectes, transhumanistes, \u00e9sot\u00e9risme, narcotrafic, transgenres, coulisses de la t\u00e9l\u00e9r\u00e9alit\u00e9, etc.)  et de permettre aux gens qu&rsquo;il y rencontre de r\u00e9v\u00e9ler la singularit\u00e9 de leur parcours de vie. Son reportage sur les nouveaux r\u00e9acs ne fait pas exception. <\/p>\n\n\n\n<p>Aussi le ton du reportage tranche-t-il avec les dispositifs auxquels on nous a habitu\u00e9s sur ce type de th\u00e9matiques. Pas de cam\u00e9ra cach\u00e9e, de voix d\u00e9form\u00e9es, de visages flout\u00e9s. Et surtout, pas de \u00ab\u00a0musique qui fait peur\u00a0\u00bb, l&rsquo;\u00e9l\u00e9ment essentiel des reportages sur l&rsquo;ultra-droite dans toutes ses d\u00e9clinaisons, qui nous rappelle que nous sommes en train de faire une incursion dans l&rsquo;antre du d\u00e9mon.<\/p>\n\n\n\n<p>Cela nous change et c&rsquo;est fort louable.<\/p>\n\n\n\n<p>L&rsquo;attitude presque bienveillante de Martin Weill vis-\u00e0-vis de ses interlocuteurs surprend tout autant. Au demeurant, les entretiens n&rsquo;ont pas \u00e9t\u00e9 coup\u00e9s de mani\u00e8re \u00e0 d\u00e9savantager les personnes interrog\u00e9es. Ainsi en va-t-il, par exemple, du passage o\u00f9 l&rsquo;on voit un journaliste du m\u00e9dia en ligne \u00ab\u00a0Livre Noir\u00a0\u00bb d\u00e9noncer la pr\u00e9tention \u00e0 l&rsquo;objectivit\u00e9 des m\u00e9dias dominants. La r\u00e9partie de Martin Weill est molle et semble m\u00eame n&rsquo;exister que pour la forme.<\/p>\n\n\n\n<p>En regardant ce reportage, j&rsquo;ai pens\u00e9 \u00e0 l&rsquo;\u00e9mission \u00ab\u00a0Dans les yeux d&rsquo;Olivier\u00a0\u00bb, le magazine d&rsquo;Olivier Delacroix, dont le principe est \u00e0 peu pr\u00e8s le m\u00eame: \u00e9coute, int\u00e9r\u00eat pour l&rsquo;autre dans sa singularit\u00e9, absence de diabolisation. Mais en \u00e9tablissant ce rapprochement, on fait immanquablement appara\u00eetre deux points de discordance.<\/p>\n\n\n\n<p>D&rsquo;abord, le reportage de Martin Weill donne tout de m\u00eame, globalement, l&rsquo;impression d&rsquo;un docu-fourre-tout: de la tiktokeuse filiforme au popeye viandard et moustachu, en passant par le militant zemmourien et la f\u00e9ministe identitaire, les personnages pr\u00e9sent\u00e9s dans le sujet n&rsquo;ont \u00e0 peu pr\u00e8s rien en commun. En r\u00e9alit\u00e9, <strong>leur point commun r\u00e9side dans le regard que porte sur eux le journaliste<\/strong>:  leurs id\u00e9aux et leurs propos vont \u00e0 rebours du sens de l&rsquo;histoire, dogme progressiste qui demeure la r\u00e9f\u00e9rence de pr\u00e9-pens\u00e9 m\u00e9diatique. Ajoutons que ce m\u00e9lange des genres contribue \u00e0 discr\u00e9diter les r\u00e9actionnaires respectables: il y a quelque chose d&rsquo;\u00e9trange et de contestable \u00e0 mettre sur le m\u00eame plan des pratiques traditionnelles du militantisme comme le collage d&rsquo;affiches ou le tractage, et des stupidit\u00e9s ineptes et, \u00e0 mon sens, id\u00e9ologiquement peu fructueuses, comme les singeries de youtubeurs ou de tiktokeurs, qui ne pr\u00eachent sans doute que des convertis, si tant est qu&rsquo;ils pr\u00eachent, d&rsquo;ailleurs. J&rsquo;esp\u00e8re comprendre un jour comment, ainsi qu&rsquo;elle le pr\u00e9tend, une poup\u00e9e superficielle qui se tr\u00e9mousse sur \u00ab\u00a0Viens boire un p&rsquo;tit coup \u00e0 la maison\u00a0\u00bb en agitant des bouteilles de vin, peut esp\u00e9rer \u00ab\u00a0faire adh\u00e9rer les jeunes \u00e0 ses id\u00e9es\u00a0\u00bb. Je vois plut\u00f4t l\u00e0 une d\u00e9marche assez grotesque pour vous d\u00e9go\u00fbter \u00e0 vie du patriotisme&#8230; J&rsquo;ai, en tout cas, per\u00e7u le choix de d\u00e9buter ce reportage avec un tel personnage, comme une volont\u00e9 nette de nuire \u00e0 la cause \u00e9tudi\u00e9e. Dans le m\u00eame ordre d&rsquo;id\u00e9e, on reste perplexe quant \u00e0 la pertinence du passage consacr\u00e9 au coach en s\u00e9duction (seul moment o\u00f9 le journaliste agit en infiltration; en l&rsquo;occurrence, comme participant \u00e0 une \u00ab\u00a0formation\u00a0\u00bb en ligne), dont le seul int\u00e9r\u00eat, semble-t-il, est de donner \u00e0 entendre des propos racistes, qui viennent colorer l&rsquo;ensemble du reportage de la teinte brune attendue, qui lui manquait s\u00e9rieusement.<\/p>\n\n\n\n<p><strong>Ce que Martin Weill ne dit pas, il va confier \u00e0 d&rsquo;autres le soin de le formuler<\/strong> (tandis qu&rsquo;il se contentera de faire \u00ab\u00a0oui\u00a0\u00bb de la t\u00eate). L\u00e0 aussi, on laisse loin derri\u00e8re le sympathique mod\u00e8le d&rsquo;Olivier Delacroix: les \u00ab\u00a0nouveaux r\u00e9acs\u00a0\u00bb sont un objet d&rsquo;\u00e9tude sur lequel des \u00ab\u00a0sp\u00e9cialistes\u00a0\u00bb vont poser des diagnostics qui, avec le ton neutre de l&rsquo;observation objective, sont en r\u00e9alit\u00e9 des condamnations id\u00e9ologiques. Caroline Fourest n&rsquo;admet pas de f\u00e9minisme hostile \u00e0 l&rsquo;avortement: c&rsquo;est \u00ab\u00a0vouloir se lib\u00e9rer de la lib\u00e9ration\u00a0\u00bb, conclut-elle. Tous, ils s&rsquo;accordent \u00e0 penser que ces individus \u00e9tranges d\u00e9fendent des \u00ab\u00a0id\u00e9es r\u00e9trogrades\u00a0\u00bb, quand ils pourraient lire dans ce ph\u00e9nom\u00e8ne la permanence de valeurs de r\u00e9f\u00e9rence par-del\u00e0 la sp\u00e9cificit\u00e9 des parcours de vie, ou bien encore le cycle naturel du renouvellement des id\u00e9es. On touche toutefois un point de pertinence quand les intervenants proposent de voir ces nouveaux r\u00e9acs comme des rebelles, des punks. Il est ind\u00e9niable que chez beaucoup de nouveaux r\u00e9actionnaires, le rejet de la doxa dominante pr\u00e9vaut sur une v\u00e9ritable adh\u00e9sion \u00e0 un mod\u00e8le de soci\u00e9t\u00e9 qu&rsquo;ils auraient t\u00f4t fait d&rsquo;honnir s&rsquo;il s&rsquo;imposait. <\/p>\n\n\n\n<p>C&rsquo;est sans doute pourquoi l&rsquo;on peut consid\u00e9rer que le reportage de Martin Weill p\u00e8che essentiellement par son titre: les n\u00e9o-r\u00e9acs n'\u00a0\u00bbattaquent\u00a0\u00bb pas (verbe qui les d\u00e9signe comme des agresseurs, des dangers); ils <em>contre<\/em>-attaquent. Ils sont le sympt\u00f4me le plus visible d&rsquo;une allergie assez r\u00e9pandue \u00e0 cette moraline naus\u00e9euse servie comme un discours oblig\u00e9 depuis quelques d\u00e9cennies, qui a \u00e9cras\u00e9 toutes les opinions divergentes, ne les faisant exister dans les m\u00e9dias que pour les frapper d&rsquo;interdit.<\/p>\n\n\n\n<p><\/p>\n\n\n\n<p><\/p>\n\n\n\n<p><\/p>\n","protected":false},"excerpt":{"rendered":"","protected":false},"author":7,"featured_media":1236,"comment_status":"open","ping_status":"open","sticky":false,"template":"","format":"standard","meta":{"footnotes":""},"categories":[9],"tags":[509,155,301,503,506,384],"class_list":{"0":"post-1233","1":"post","2":"type-post","3":"status-publish","4":"format-standard","5":"has-post-thumbnail","7":"category-articles","8":"tag-caroline-fourest","9":"tag-ideologie-mediatique","10":"tag-martin-weill","11":"tag-reactionnaires","12":"tag-sens-de-lhistoire","13":"tag-zemmour"},"_links":{"self":[{"href":"https:\/\/blog.causeur.fr\/lavoixdenosmaitres\/wp-json\/wp\/v2\/posts\/1233","targetHints":{"allow":["GET"]}}],"collection":[{"href":"https:\/\/blog.causeur.fr\/lavoixdenosmaitres\/wp-json\/wp\/v2\/posts"}],"about":[{"href":"https:\/\/blog.causeur.fr\/lavoixdenosmaitres\/wp-json\/wp\/v2\/types\/post"}],"author":[{"embeddable":true,"href":"https:\/\/blog.causeur.fr\/lavoixdenosmaitres\/wp-json\/wp\/v2\/users\/7"}],"replies":[{"embeddable":true,"href":"https:\/\/blog.causeur.fr\/lavoixdenosmaitres\/wp-json\/wp\/v2\/comments?post=1233"}],"version-history":[{"count":0,"href":"https:\/\/blog.causeur.fr\/lavoixdenosmaitres\/wp-json\/wp\/v2\/posts\/1233\/revisions"}],"wp:featuredmedia":[{"embeddable":true,"href":"https:\/\/blog.causeur.fr\/lavoixdenosmaitres\/wp-json\/wp\/v2\/media\/1236"}],"wp:attachment":[{"href":"https:\/\/blog.causeur.fr\/lavoixdenosmaitres\/wp-json\/wp\/v2\/media?parent=1233"}],"wp:term":[{"taxonomy":"category","embeddable":true,"href":"https:\/\/blog.causeur.fr\/lavoixdenosmaitres\/wp-json\/wp\/v2\/categories?post=1233"},{"taxonomy":"post_tag","embeddable":true,"href":"https:\/\/blog.causeur.fr\/lavoixdenosmaitres\/wp-json\/wp\/v2\/tags?post=1233"}],"curies":[{"name":"wp","href":"https:\/\/api.w.org\/{rel}","templated":true}]}}