{"id":138,"date":"2016-10-24T13:59:30","date_gmt":"2016-10-24T13:59:30","guid":{"rendered":"http:\/\/blog.causeur.fr\/lavoixdenosmaitres\/?p=138"},"modified":"2021-04-23T15:35:15","modified_gmt":"2021-04-23T13:35:15","slug":"lemotion-politique","status":"publish","type":"post","link":"https:\/\/blog.causeur.fr\/lavoixdenosmaitres\/lemotion-politique-138","title":{"rendered":"L&rsquo;\u00e9motion politique"},"content":{"rendered":"<p>L\u00e9a Salam\u00e9 en mode Karine Le Marchand<\/p>\n<p><a href=\"http:\/\/blog.causeur.fr\/lavoixdenosmaitres\/files\/2016\/10\/L-Emission-politique-de-France-2.jpg\"><img loading=\"lazy\" decoding=\"async\" src=\"http:\/\/blog.causeur.fr\/lavoixdenosmaitres\/files\/2016\/10\/L-Emission-politique-de-France-2-1024x512.jpg\" alt=\"\" width=\"584\" height=\"292\" \/><\/a><\/p>\n<p><span style=\"color: #000000;\">Tout le monde n\u2019a pas regard\u00e9 le premier num\u00e9ro \u00a0d\u2019\u00ab\u00a0Ambition intime\u00a0\u00bb, l\u2019\u00e9mission d\u2019M6 dans laquelle Karine Le Marchand re\u00e7oit des personnalit\u00e9s politiques et les interroge sur des sujets non politiques, tels que leur vie affective, leur famille, leurs go\u00fbts, leur enfance, etc. Mais tout le monde en a entendu parler et personne n\u2019en ignore le principe, tant celui-ci a suscit\u00e9 de d\u00e9sapprobation.<!--more--><\/span><\/p>\n<h1><span style=\"color: #000000;\">Une tr\u00e8s hypocrite d\u00e9sapprobation<\/span><\/h1>\n<p><span style=\"color: #000000;\">On peut juger cette \u00e9mission assez nunuche et s\u2019\u00e9tonner que les participants aient accept\u00e9 de se pr\u00eater \u00e0 ce jeu. Il fait peu de doute que de nombreuses tractations ont d\u00fb avoir lieu avant et apr\u00e8s le tournage, les \u00e9quipes des conseillers en communication des uns et des autres cherchant \u00e0 contr\u00f4ler au maximum l\u2019image que ce programme t\u00e9l\u00e9vis\u00e9 donnerait de leur candidat.<\/span><\/p>\n<p>Il est \u00e9vident, en effet, que les personnalit\u00e9s interrog\u00e9es ne pouvaient avoir donn\u00e9 leur accord que sous r\u00e9serve d\u2019avoir un droit de regard sur le r\u00e9sultat. Et trop d\u00e9sireux de donner corps \u00e0 leur id\u00e9e d\u2019\u00e9mission r\u00e9volutionnaire, les responsables du programme \u00e9taient probablement pr\u00eats \u00e0 c\u00e9der aux nombreuses exigences de leurs invit\u00e9s. Rien ici de bien surprenant.<\/p>\n<p><span style=\"color: #000000;\">D\u2019ailleurs, de\u00a0cet aspect du probl\u00e8me\u00a0on a\u00a0bien peu discut\u00e9. Moins que de\u00a0la position de l&rsquo;animatrice sur le canap\u00e9 :<\/span><\/p>\n<p><span style=\"color: #000000;\"><a href=\"http:\/\/blog.causeur.fr\/lavoixdenosmaitres\/files\/2016\/10\/lemarchand-sexy.jpg\"><img loading=\"lazy\" decoding=\"async\" class=\"aligncenter size-full wp-image-165\" src=\"http:\/\/blog.causeur.fr\/lavoixdenosmaitres\/files\/2016\/10\/lemarchand-sexy.jpg\" alt=\"\" width=\"750\" height=\"400\" srcset=\"https:\/\/blog.causeur.fr\/lavoixdenosmaitres\/wp-content\/uploads\/sites\/27\/2016\/10\/lemarchand-sexy.jpg 750w, https:\/\/blog.causeur.fr\/lavoixdenosmaitres\/wp-content\/uploads\/sites\/27\/2016\/10\/lemarchand-sexy-300x160.jpg 300w, https:\/\/blog.causeur.fr\/lavoixdenosmaitres\/wp-content\/uploads\/sites\/27\/2016\/10\/lemarchand-sexy-500x266.jpg 500w\" sizes=\"auto, (max-width: 750px) 100vw, 750px\" \/><\/a><\/span><\/p>\n<p><span style=\"color: #000000;\">Le concept de l\u2019\u00e9mission en lui-m\u00eame a finalement suscit\u00e9 plus de scepticisme et de sourires que de r\u00e9probation. Il faut dire qu\u2019il s\u2019inscrit dans une logique g\u00e9n\u00e9rale qui est celle de la \u00ab\u00a0peoplisation du politique\u00a0\u00bb et du \u00ab\u00a0story-telling\u00a0\u00bb, comme disent les communicants. Ce qu\u2019en bon fran\u00e7ais on appelle la th\u00e9\u00e2tralisation de la politique et la mise en sc\u00e8ne de soi.<\/span><\/p>\n<p style=\"text-align: left;\"><span style=\"color: #000000;\">En r\u00e9alit\u00e9, pour tous ceux qui en ont dit du mal, le vrai probl\u00e8me, la seule v\u00e9ritable raison de condamner \u00ab\u00a0Ambition intime\u00a0\u00bb, c\u2019\u00e9tait \u00e7a\u00a0:<a href=\"http:\/\/blog.causeur.fr\/lavoixdenosmaitres\/files\/2016\/10\/marine_le_pen_et_karine_le_marchand_trinquent2.jpg\"><img loading=\"lazy\" decoding=\"async\" class=\"aligncenter size-full wp-image-154\" src=\"http:\/\/blog.causeur.fr\/lavoixdenosmaitres\/files\/2016\/10\/marine_le_pen_et_karine_le_marchand_trinquent2.jpg\" alt=\"\" width=\"940\" height=\"520\" srcset=\"https:\/\/blog.causeur.fr\/lavoixdenosmaitres\/wp-content\/uploads\/sites\/27\/2016\/10\/marine_le_pen_et_karine_le_marchand_trinquent2.jpg 940w, https:\/\/blog.causeur.fr\/lavoixdenosmaitres\/wp-content\/uploads\/sites\/27\/2016\/10\/marine_le_pen_et_karine_le_marchand_trinquent2-300x165.jpg 300w, https:\/\/blog.causeur.fr\/lavoixdenosmaitres\/wp-content\/uploads\/sites\/27\/2016\/10\/marine_le_pen_et_karine_le_marchand_trinquent2-500x276.jpg 500w\" sizes=\"auto, (max-width: 940px) 100vw, 940px\" \/><\/a><\/span><\/p>\n<p><span style=\"color: #000000;\">Et \u00e7a, \u00e7a provoque <a title=\"cohen pas content\" href=\"https:\/\/www.youtube.com\/watch?v=3sNbBNTs9Gw\" target=\"_blank\" rel=\"noopener\">la col\u00e8re de Patrick Cohen.<\/a><\/span><\/p>\n<p><a href=\"http:\/\/blog.causeur.fr\/lavoixdenosmaitres\/files\/2016\/10\/patrick-cohen-reproche-a-karine-le-marchand-de-copiner-avec-marine-le-pen-video.jpg\"><img loading=\"lazy\" decoding=\"async\" class=\"aligncenter size-large wp-image-155\" src=\"http:\/\/blog.causeur.fr\/lavoixdenosmaitres\/files\/2016\/10\/patrick-cohen-reproche-a-karine-le-marchand-de-copiner-avec-marine-le-pen-video-1024x441.jpg\" alt=\"\" width=\"584\" height=\"251\" srcset=\"https:\/\/blog.causeur.fr\/lavoixdenosmaitres\/wp-content\/uploads\/sites\/27\/2016\/10\/patrick-cohen-reproche-a-karine-le-marchand-de-copiner-avec-marine-le-pen-video-1024x441.jpg 1024w, https:\/\/blog.causeur.fr\/lavoixdenosmaitres\/wp-content\/uploads\/sites\/27\/2016\/10\/patrick-cohen-reproche-a-karine-le-marchand-de-copiner-avec-marine-le-pen-video-300x129.jpg 300w, https:\/\/blog.causeur.fr\/lavoixdenosmaitres\/wp-content\/uploads\/sites\/27\/2016\/10\/patrick-cohen-reproche-a-karine-le-marchand-de-copiner-avec-marine-le-pen-video-500x215.jpg 500w, https:\/\/blog.causeur.fr\/lavoixdenosmaitres\/wp-content\/uploads\/sites\/27\/2016\/10\/patrick-cohen-reproche-a-karine-le-marchand-de-copiner-avec-marine-le-pen-video.jpg 1160w\" sizes=\"auto, (max-width: 584px) 100vw, 584px\" \/><\/a><span style=\"color: #000000;\">Mais l\u2019id\u00e9e d\u2019\u00e9rotiser les interviews semble avoir s\u00e9duit une autre cha\u00eene.<\/span><\/p>\n<h1><span style=\"color: #000000;\">Une nouveau mod\u00e8le appel\u00e9 \u00e0 faire \u00e9cole\u00a0?<\/span><\/h1>\n<p><span style=\"color: #000000;\">Le 20 octobre, sur France 2, \u00ab\u00a0l\u2019\u00c9mission politique\u00a0\u00bb, anim\u00e9e par David Pujadas et L\u00e9a Salam\u00e9, recevait Bruno Le Maire. <a title=\"\u00e9mission politique mauvaise audience\" href=\"http:\/\/www.20minutes.fr\/television\/1947199-20161021-emission-politique-bruno-maire-decroche-pire-audience-france-2-cinq-ans\" target=\"_blank\" rel=\"noopener\">Tr\u00e8s mauvaise audience<\/a>\u00a0: <\/span><\/p>\n<blockquote><p><span style=\"color: #000000;\">\u00ab\u00a0Avec 1,838\u00a0million de t\u00e9l\u00e9spectateurs devant leur \u00e9cran, le programme anim\u00e9 par David Pujadas et L\u00e9a Salam\u00e9 n\u2019a pas seulement enregistr\u00e9 la pire audience de la jeune \u00e9mission, ou m\u00eame d\u2019une \u00e9mission de t\u00e9l\u00e9 politique, mais tout simplement de la cha\u00eene France 2 depuis cinq ans\u00a0\u00bb<\/span><\/p><\/blockquote>\n<p><span style=\"color: #000000;\">Pourtant, il y a un moment chaud dans l\u2019\u00e9mission, et qui vaut \u00e0 soi seul le d\u00e9tour parce qu&rsquo;il met vaguement mal \u00e0 l&rsquo;aise.<\/span><\/p>\n<p><span style=\"color: #000000;\">Cela s\u2019appelait \u00ab\u00a0l\u2019\u0153il de L\u00e9a\u00a0\u00bb, <a title=\"sarko salam\u00e9\" href=\"http:\/\/www.francetvinfo.fr\/replay-magazine\/france-2\/l-emission-politique\/l-emission-politique-du-jeudi-15-septembre-2016_1821713.html\" target=\"_blank\" rel=\"noopener\">avec Nicolas Sarkozy le 15 septembre (\u00e0 00:50:05)<\/a>.<\/span><\/p>\n<p><span style=\"color: #000000;\">\u00c0 partir du deuxi\u00e8me num\u00e9ro de l\u2019\u00e9mission, le titre est moins personnalis\u00e9 : c\u2019est \u00ab\u00a0Parti pris\u00a0\u00bb. <a title=\"montebourg salam\u00e9\" href=\"http:\/\/www.francetvinfo.fr\/replay-magazine\/france-2\/l-emission-politique\/l-emission-politique-du-jeudi-22-septembre-2016_1826739.html\" target=\"_blank\" rel=\"noopener\">Avec Arnaud Montebourg, le 22 septembre<\/a> (\u00e0 01:06:21).<\/span><\/p>\n<p><span style=\"color: #000000;\"><a title=\"jupp\u00e9 salam\u00e9\" href=\"http:\/\/www.francetvinfo.fr\/replay-magazine\/france-2\/l-emission-politique\/l-emission-politique-du-jeudi-6-octobre-2016_1848299.html\" target=\"_blank\" rel=\"noopener\">Avec Alain Jupp\u00e9, le 6 octobre<\/a> (\u00e0 01:12:37).<\/span><\/p>\n<p style=\"text-align: left;\"><span style=\"color: #000000;\">Le 9 octobre dernier \u00e9tait diffus\u00e9 \u00ab\u00a0Ambition intime\u00a0\u00bb. Et le 20 octobre donc, \u00ab\u00a0l\u2019\u00c9mission politique\u00a0\u00bb revenait. Or, la mani\u00e8re de filmer l\u2019\u00e9change entre L\u00e9a Salam\u00e9 et Bruno Le Maire \u00e9tait pour le moins\u2026 <a title=\"le maire salam\u00e9\" href=\"http:\/\/www.francetvinfo.fr\/replay-magazine\/france-2\/l-emission-politique\/l-emission-politique-du-jeudi-20-octobre-2016_1870723.html\" target=\"_blank\" rel=\"noopener\">troublante (\u00e0 01:22:38)<\/a>.<\/span><\/p>\n<p style=\"text-align: left;\"><span style=\"color: #000000;\">L\u2019entretien se d\u00e9roule dans une ambiance torride sugg\u00e9r\u00e9e par l\u2019\u00e9clairage rouge passion, d\u00e9j\u00e0 pr\u00e9sent, il est vrai,\u00a0dans les pr\u00e9c\u00e9dents num\u00e9ros de l\u2019\u00e9mission. Mais les plans-poitrine classiques ont c\u00e9d\u00e9 la place aux gros plans\u00a0:<a href=\"http:\/\/blog.causeur.fr\/lavoixdenosmaitres\/files\/2016\/10\/salam\u00e911.jpg\"><img loading=\"lazy\" decoding=\"async\" class=\"aligncenter size-full wp-image-156\" src=\"http:\/\/blog.causeur.fr\/lavoixdenosmaitres\/files\/2016\/10\/salam\u00e911.jpg\" alt=\"\" width=\"810\" height=\"444\" srcset=\"https:\/\/blog.causeur.fr\/lavoixdenosmaitres\/wp-content\/uploads\/sites\/27\/2016\/10\/salam\u00e911.jpg 810w, https:\/\/blog.causeur.fr\/lavoixdenosmaitres\/wp-content\/uploads\/sites\/27\/2016\/10\/salam\u00e911-300x164.jpg 300w, https:\/\/blog.causeur.fr\/lavoixdenosmaitres\/wp-content\/uploads\/sites\/27\/2016\/10\/salam\u00e911-500x274.jpg 500w\" sizes=\"auto, (max-width: 810px) 100vw, 810px\" \/><\/a><\/span><\/p>\n<p>\u00a0<span style=\"color: #000000;\">Et les dialogues sont film\u00e9s par-dessus-l\u2019\u00e9paule et non plus en champ contre-champ (avec l\u2019\u00e9paule nue de L\u00e9a Salam\u00e9 au premier plan, l\u2019effet \u00e9rotique est ind\u00e9niable)\u00a0:<\/span><\/p>\n<p><span style=\"color: #000000;\"><a href=\"http:\/\/blog.causeur.fr\/lavoixdenosmaitres\/files\/2016\/10\/salam\u00e921.jpg\"><img loading=\"lazy\" decoding=\"async\" class=\"aligncenter size-full wp-image-157\" src=\"http:\/\/blog.causeur.fr\/lavoixdenosmaitres\/files\/2016\/10\/salam\u00e921.jpg\" alt=\"\" width=\"807\" height=\"444\" srcset=\"https:\/\/blog.causeur.fr\/lavoixdenosmaitres\/wp-content\/uploads\/sites\/27\/2016\/10\/salam\u00e921.jpg 807w, https:\/\/blog.causeur.fr\/lavoixdenosmaitres\/wp-content\/uploads\/sites\/27\/2016\/10\/salam\u00e921-300x165.jpg 300w, https:\/\/blog.causeur.fr\/lavoixdenosmaitres\/wp-content\/uploads\/sites\/27\/2016\/10\/salam\u00e921-500x275.jpg 500w\" sizes=\"auto, (max-width: 807px) 100vw, 807px\" \/><\/a><\/span><\/p>\n<p><span style=\"color: #000000;\">Un effet d\u2019intimit\u00e9 fortement accentu\u00e9 par la focale longue qui \u00e9crase l\u2019espace. Les deux interlocuteurs sont \u00e9loign\u00e9s d&rsquo;un bon m\u00e8tre dans la r\u00e9alit\u00e9\u00a0:<\/span><\/p>\n<p><span style=\"color: #000000;\"><a href=\"http:\/\/blog.causeur.fr\/lavoixdenosmaitres\/files\/2016\/10\/salam\u00e981.jpg\"><img loading=\"lazy\" decoding=\"async\" class=\"aligncenter size-full wp-image-158\" src=\"http:\/\/blog.causeur.fr\/lavoixdenosmaitres\/files\/2016\/10\/salam\u00e981.jpg\" alt=\"\" width=\"827\" height=\"462\" srcset=\"https:\/\/blog.causeur.fr\/lavoixdenosmaitres\/wp-content\/uploads\/sites\/27\/2016\/10\/salam\u00e981.jpg 827w, https:\/\/blog.causeur.fr\/lavoixdenosmaitres\/wp-content\/uploads\/sites\/27\/2016\/10\/salam\u00e981-300x167.jpg 300w, https:\/\/blog.causeur.fr\/lavoixdenosmaitres\/wp-content\/uploads\/sites\/27\/2016\/10\/salam\u00e981-500x279.jpg 500w\" sizes=\"auto, (max-width: 827px) 100vw, 827px\" \/><\/a><\/span><\/p>\n<p><span style=\"color: #000000;\">A l\u2019\u00e9cran, ils ont l\u2019air tr\u00e8s proches\u00a0:<\/span><\/p>\n<p><span style=\"color: #000000;\"><a href=\"http:\/\/blog.causeur.fr\/lavoixdenosmaitres\/files\/2016\/10\/salam\u00e93.jpg\"><img loading=\"lazy\" decoding=\"async\" class=\"aligncenter size-full wp-image-159\" src=\"http:\/\/blog.causeur.fr\/lavoixdenosmaitres\/files\/2016\/10\/salam\u00e93.jpg\" alt=\"\" width=\"792\" height=\"444\" srcset=\"https:\/\/blog.causeur.fr\/lavoixdenosmaitres\/wp-content\/uploads\/sites\/27\/2016\/10\/salam\u00e93.jpg 792w, https:\/\/blog.causeur.fr\/lavoixdenosmaitres\/wp-content\/uploads\/sites\/27\/2016\/10\/salam\u00e93-300x168.jpg 300w, https:\/\/blog.causeur.fr\/lavoixdenosmaitres\/wp-content\/uploads\/sites\/27\/2016\/10\/salam\u00e93-500x280.jpg 500w\" sizes=\"auto, (max-width: 792px) 100vw, 792px\" \/><\/a><\/span><\/p>\n<p><span style=\"color: #000000;\">C\u2019est bien simple, au cin\u00e9ma, c\u2019est ainsi que l\u2019on filme la sc\u00e8ne du baiser\u00a0:<\/span><\/p>\n<p><a href=\"http:\/\/blog.causeur.fr\/lavoixdenosmaitres\/files\/2016\/10\/baiser-de-cin\u00e9ma1.jpg\"><img loading=\"lazy\" decoding=\"async\" class=\"aligncenter size-full wp-image-160\" src=\"http:\/\/blog.causeur.fr\/lavoixdenosmaitres\/files\/2016\/10\/baiser-de-cin\u00e9ma1.jpg\" alt=\"\" width=\"600\" height=\"400\" srcset=\"https:\/\/blog.causeur.fr\/lavoixdenosmaitres\/wp-content\/uploads\/sites\/27\/2016\/10\/baiser-de-cin\u00e9ma1.jpg 600w, https:\/\/blog.causeur.fr\/lavoixdenosmaitres\/wp-content\/uploads\/sites\/27\/2016\/10\/baiser-de-cin\u00e9ma1-300x200.jpg 300w, https:\/\/blog.causeur.fr\/lavoixdenosmaitres\/wp-content\/uploads\/sites\/27\/2016\/10\/baiser-de-cin\u00e9ma1-450x300.jpg 450w\" sizes=\"auto, (max-width: 600px) 100vw, 600px\" \/><\/a><\/p>\n<p><span style=\"color: #000000;\">Mais le plus surprenant, c\u2019est de voir que Bruno Le Maire semble se prendre au jeu. Les pr\u00e9c\u00e9dents intervenants donnaient du \u00ab\u00a0Madame\u00a0\u00bb \u00e0 L\u00e9a Salam\u00e9. Il l\u2019appelle \u00ab\u00a0L\u00e9a Salam\u00e9\u00a0\u00bb et exploite toute la palette des sourires\u00a0: <\/span><\/p>\n<p><a href=\"http:\/\/blog.causeur.fr\/lavoixdenosmaitres\/files\/2016\/10\/salam\u00e9-lemaire1.jpg\"><img loading=\"lazy\" decoding=\"async\" class=\"aligncenter size-full wp-image-161\" src=\"http:\/\/blog.causeur.fr\/lavoixdenosmaitres\/files\/2016\/10\/salam\u00e9-lemaire1.jpg\" alt=\"\" width=\"825\" height=\"461\" srcset=\"https:\/\/blog.causeur.fr\/lavoixdenosmaitres\/wp-content\/uploads\/sites\/27\/2016\/10\/salam\u00e9-lemaire1.jpg 825w, https:\/\/blog.causeur.fr\/lavoixdenosmaitres\/wp-content\/uploads\/sites\/27\/2016\/10\/salam\u00e9-lemaire1-300x167.jpg 300w, https:\/\/blog.causeur.fr\/lavoixdenosmaitres\/wp-content\/uploads\/sites\/27\/2016\/10\/salam\u00e9-lemaire1-500x279.jpg 500w\" sizes=\"auto, (max-width: 825px) 100vw, 825px\" \/><\/a><\/p>\n<p><a href=\"http:\/\/blog.causeur.fr\/lavoixdenosmaitres\/files\/2016\/10\/salam\u00e9-lemaire21.jpg\"><img loading=\"lazy\" decoding=\"async\" class=\"aligncenter size-full wp-image-162\" src=\"http:\/\/blog.causeur.fr\/lavoixdenosmaitres\/files\/2016\/10\/salam\u00e9-lemaire21.jpg\" alt=\"\" width=\"806\" height=\"451\" srcset=\"https:\/\/blog.causeur.fr\/lavoixdenosmaitres\/wp-content\/uploads\/sites\/27\/2016\/10\/salam\u00e9-lemaire21.jpg 806w, https:\/\/blog.causeur.fr\/lavoixdenosmaitres\/wp-content\/uploads\/sites\/27\/2016\/10\/salam\u00e9-lemaire21-300x167.jpg 300w, https:\/\/blog.causeur.fr\/lavoixdenosmaitres\/wp-content\/uploads\/sites\/27\/2016\/10\/salam\u00e9-lemaire21-500x279.jpg 500w\" sizes=\"auto, (max-width: 806px) 100vw, 806px\" \/><\/a><\/p>\n<p><span style=\"color: #000000;\">Et que dire de cet instant o\u00f9, baissant les yeux, il lui dit\u00a0:<\/span><\/p>\n<p><span style=\"color: #000000;\"><a href=\"http:\/\/blog.causeur.fr\/lavoixdenosmaitres\/files\/2016\/10\/salam\u00e971.jpg\"><img loading=\"lazy\" decoding=\"async\" class=\"aligncenter size-full wp-image-163\" src=\"http:\/\/blog.causeur.fr\/lavoixdenosmaitres\/files\/2016\/10\/salam\u00e971.jpg\" alt=\"\" width=\"832\" height=\"459\" srcset=\"https:\/\/blog.causeur.fr\/lavoixdenosmaitres\/wp-content\/uploads\/sites\/27\/2016\/10\/salam\u00e971.jpg 832w, https:\/\/blog.causeur.fr\/lavoixdenosmaitres\/wp-content\/uploads\/sites\/27\/2016\/10\/salam\u00e971-300x165.jpg 300w, https:\/\/blog.causeur.fr\/lavoixdenosmaitres\/wp-content\/uploads\/sites\/27\/2016\/10\/salam\u00e971-500x275.jpg 500w\" sizes=\"auto, (max-width: 832px) 100vw, 832px\" \/><\/a><\/span><\/p>\n<blockquote><p><span style=\"color: #000000;\">\u00ab\u00a0Si vous avez trouv\u00e9 que j\u2019ai jou\u00e9 un r\u00f4le ce soir, on n\u2019a pas d\u00fb vivre la m\u00eame \u00e9mission\u00a0\u00bb (01:29:49). <\/span><\/p><\/blockquote>\n<p><span style=\"color: #000000;\">Suit un silence g\u00ean\u00e9 durant lequel la belle esquisse un sourire un peu forc\u00e9:<a href=\"http:\/\/blog.causeur.fr\/lavoixdenosmaitres\/files\/2016\/10\/salam\u00e9-sourire-g\u00ean\u00e92.jpg\"><img loading=\"lazy\" decoding=\"async\" class=\"aligncenter size-full wp-image-164\" src=\"http:\/\/blog.causeur.fr\/lavoixdenosmaitres\/files\/2016\/10\/salam\u00e9-sourire-g\u00ean\u00e92.jpg\" alt=\"\" width=\"818\" height=\"449\" srcset=\"https:\/\/blog.causeur.fr\/lavoixdenosmaitres\/wp-content\/uploads\/sites\/27\/2016\/10\/salam\u00e9-sourire-g\u00ean\u00e92.jpg 818w, https:\/\/blog.causeur.fr\/lavoixdenosmaitres\/wp-content\/uploads\/sites\/27\/2016\/10\/salam\u00e9-sourire-g\u00ean\u00e92-300x164.jpg 300w, https:\/\/blog.causeur.fr\/lavoixdenosmaitres\/wp-content\/uploads\/sites\/27\/2016\/10\/salam\u00e9-sourire-g\u00ean\u00e92-500x274.jpg 500w\" sizes=\"auto, (max-width: 818px) 100vw, 818px\" \/><\/a><\/span><\/p>\n<p><span style=\"color: #000000;\"><span style=\"color: #000000;\">Gustave Le Bon disait que les foules ont un comportement f\u00e9minin. On peut consid\u00e9rer qu\u2019\u00e0 travers L\u00e9a Salam\u00e9, c\u2019est la foule des \u00e9lecteurs potentiels que Le Maire veut s\u00e9duire. Mais je ne pense pas qu\u2019il ait soudoy\u00e9 les r\u00e9alisateurs de l\u2019\u00e9mission afin que l\u2019on filme cette interview comme une sc\u00e8ne d\u2019amour.\u00a0<\/span> <\/span><\/p>\n<p><span style=\"color: #000000;\">D\u2019ailleurs, \u00e0 quelle question Bruno Le Maire r\u00e9pondait-il\u00a0? \u00ab\u00a0Vous \u00eates bourgeois, normalien, \u00e9narque, lettr\u00e9 [\u2026] mais pourquoi essayez-vous d\u2019\u00eatre un autre\u00a0?\u00a0\u00bb, en r\u00e9f\u00e9rence au fait qu\u2019il soit venu sans cravate au d\u00e9bat de la primaire et qu\u2019il ait employ\u00e9 le juron \u00ab\u00a0putain\u00a0\u00bb au cours d\u2019un entretien avec un youtubeur.<\/span><\/p>\n<p><span style=\"color: #000000;\">Donc\u00a0: vous qui \u00eates un type coinc\u00e9, pourquoi faites-vous semblant d\u2019\u00eatre un mec cool\u00a0?\u00a0<\/span><\/p>\n<p><span style=\"color: #000000;\">Notez que si Le Maire avait gard\u00e9 la cravate lors du d\u00e9bat\u00a0et n\u2019avait pas dit de gros mot au youtubeur, elle lui aurait demand\u00e9\u00a0: vous qui \u00eates un type coinc\u00e9, pourquoi n\u2019essayez-vous pas d\u2019\u00eatre un mec cool\u00a0?<\/span><\/p>\n<p><span style=\"color: #000000;\">Le syndrome Karine Le Marchand, un pas de plus dans l\u2019am\u00e9ricanisation de la vie politique.<\/span><\/p>\n","protected":false},"excerpt":{"rendered":"<p>L\u00e9a Salam\u00e9 en mode Karine Le Marchand Tout le monde n\u2019a pas regard\u00e9 le premier num\u00e9ro \u00a0d\u2019\u00ab\u00a0Ambition intime\u00a0\u00bb, l\u2019\u00e9mission d\u2019M6 dans laquelle Karine Le Marchand re\u00e7oit des personnalit\u00e9s politiques et les interroge sur des sujets non politiques, tels que leur vie affective, leur famille, leurs go\u00fbts, leur enfance, etc. Mais tout le monde en a [&hellip;]<\/p>\n","protected":false},"author":7,"featured_media":0,"comment_status":"closed","ping_status":"closed","sticky":false,"template":"","format":"standard","meta":{"footnotes":""},"categories":[9],"tags":[83,79,73,81,77,74,82,78,75,76,80],"class_list":{"0":"post-138","1":"post","2":"type-post","3":"status-publish","4":"format-standard","6":"category-articles","7":"tag-ambition-intime","8":"tag-bruno-le-maire","9":"tag-france-2","10":"tag-juppe","11":"tag-karine-lemarchand","12":"tag-lemission-politique","13":"tag-montebourg","14":"tag-patrick-cohen","15":"tag-pujadas","16":"tag-salame","17":"tag-sarkozy"},"_links":{"self":[{"href":"https:\/\/blog.causeur.fr\/lavoixdenosmaitres\/wp-json\/wp\/v2\/posts\/138","targetHints":{"allow":["GET"]}}],"collection":[{"href":"https:\/\/blog.causeur.fr\/lavoixdenosmaitres\/wp-json\/wp\/v2\/posts"}],"about":[{"href":"https:\/\/blog.causeur.fr\/lavoixdenosmaitres\/wp-json\/wp\/v2\/types\/post"}],"author":[{"embeddable":true,"href":"https:\/\/blog.causeur.fr\/lavoixdenosmaitres\/wp-json\/wp\/v2\/users\/7"}],"replies":[{"embeddable":true,"href":"https:\/\/blog.causeur.fr\/lavoixdenosmaitres\/wp-json\/wp\/v2\/comments?post=138"}],"version-history":[{"count":0,"href":"https:\/\/blog.causeur.fr\/lavoixdenosmaitres\/wp-json\/wp\/v2\/posts\/138\/revisions"}],"wp:attachment":[{"href":"https:\/\/blog.causeur.fr\/lavoixdenosmaitres\/wp-json\/wp\/v2\/media?parent=138"}],"wp:term":[{"taxonomy":"category","embeddable":true,"href":"https:\/\/blog.causeur.fr\/lavoixdenosmaitres\/wp-json\/wp\/v2\/categories?post=138"},{"taxonomy":"post_tag","embeddable":true,"href":"https:\/\/blog.causeur.fr\/lavoixdenosmaitres\/wp-json\/wp\/v2\/tags?post=138"}],"curies":[{"name":"wp","href":"https:\/\/api.w.org\/{rel}","templated":true}]}}