{"id":285,"date":"2016-12-31T11:55:17","date_gmt":"2016-12-31T11:55:17","guid":{"rendered":"http:\/\/blog.causeur.fr\/lavoixdenosmaitres\/?p=285"},"modified":"2021-04-23T15:35:15","modified_gmt":"2021-04-23T13:35:15","slug":"alep-reprise-liberee-ou-tombee","status":"publish","type":"post","link":"https:\/\/blog.causeur.fr\/lavoixdenosmaitres\/alep-reprise-liberee-ou-tombee-285","title":{"rendered":"Alep reprise, lib\u00e9r\u00e9e ou tomb\u00e9e?"},"content":{"rendered":"<p><span style=\"color: #000000;\">A partir du moment o\u00f9 il faut nommer les choses, on s&rsquo;aventure sur une pente savonneuse.\u00a0<\/span><\/p>\n<p><span style=\"color: #000000;\"><a href=\"http:\/\/blog.causeur.fr\/lavoixdenosmaitres\/files\/2016\/12\/alepia-savon.jpg\"><img loading=\"lazy\" decoding=\"async\" class=\"aligncenter size-full wp-image-294\" src=\"http:\/\/blog.causeur.fr\/lavoixdenosmaitres\/files\/2016\/12\/alepia-savon.jpg\" alt=\"\" width=\"1024\" height=\"589\" srcset=\"https:\/\/blog.causeur.fr\/lavoixdenosmaitres\/wp-content\/uploads\/sites\/27\/2016\/12\/alepia-savon.jpg 1024w, https:\/\/blog.causeur.fr\/lavoixdenosmaitres\/wp-content\/uploads\/sites\/27\/2016\/12\/alepia-savon-300x172.jpg 300w, https:\/\/blog.causeur.fr\/lavoixdenosmaitres\/wp-content\/uploads\/sites\/27\/2016\/12\/alepia-savon-500x287.jpg 500w\" sizes=\"auto, (max-width: 1024px) 100vw, 1024px\" \/><\/a><\/span><\/p>\n<p><span style=\"color: #000000;\">\u00ab\u00a0A Alep, les rebelles se servent des civils comme boucliers humains\u00a0\u00bb ; <\/span><span style=\"color: #000000;\">\u00ab\u00a0Les forces pro-gouvernementales autorisent les rebelles \u00e0 quitter Alep-est avec des armes l\u00e9g\u00e8res pour rejoindre d\u2019autres bastions de la contestation\u00a0\u00bb ; <\/span><span style=\"color: #000000;\">\u00ab\u00a0Les rebelles menacent d\u2019ex\u00e9cuter les civils qui tenteraient de quitter la ville en passant par les couloirs humanitaires.\u00a0\u00bb<!--more--><\/span><\/p>\n<p><span style=\"color: #000000;\">C\u2019est sur des cha\u00eenes d\u2019information continue que j\u2019ai entendu ces informations, et d\u2019autres de la m\u00eame veine.<\/span><\/p>\n<h1><span style=\"color: #000000;\">La fin d\u2019une autocensure\u00a0?<\/span><\/h1>\n<p><span style=\"color: #000000;\">Jusqu\u2019alors, les commentaires qui s\u2019\u00e9loignaient un peu de trop de la th\u00e8se officielle ne b\u00e9n\u00e9ficiaient pas d\u2019un tr\u00e8s bon accueil.<\/span><\/p>\n<p><span style=\"color: #000000;\">Le <a href=\"https:\/\/www.youtube.com\/watch?v=XXAQNrHx9R0\">documentaire de Samah Soula<\/a> intitul\u00e9 \u00ab\u00a0Syrie, le grand aveuglement\u00a0\u00bb et diffus\u00e9 sur France 2 le 18 f\u00e9vrier 2016 avait \u00e9t\u00e9 salu\u00e9 comme un travail courageux et int\u00e9ressant par la chroniqueuse m\u00e9dias de Franceinfo-la-radio mais le point de vue offert par le documentaire, diff\u00e9rent de la version habituelle des faits, n\u2019avait pas pes\u00e9 du tout sur le traitement des \u00e9v\u00e9nements par cette cha\u00eene ni par les autres. Encens\u00e9 par <em><a href=\"http:\/\/teleobs.nouvelobs.com\/polemique\/20160307.OBS5909\/ne-pas-maudire-mais-comprendre.html\" target=\"_blank\" rel=\"noopener\">l\u2019Obs<\/a><\/em>, le travail de Samah Soula avait \u00e9t\u00e9 \u00e9trill\u00e9 par <em><a href=\"http:\/\/www.lexpress.fr\/actualite\/syrie-quand-france-2-se-fait-le-porte-voix-de-damas_1766051.html\" target=\"_blank\" rel=\"noopener\">l\u2019Express<\/a><\/em>et par<em><a href=\"http:\/\/syrie.blog.lemonde.fr\/2016\/02\/23\/na-pas-un-oeil-sur-la-syrie-qui-veut-analyse-de-d-un-oeil-sur-la-planete-du-18022016\/\" target=\"_blank\" rel=\"noopener\"> le Monde<\/a><\/em>.<\/p>\n<div id=\"ligne\"><\/div>\n<p> Que le documentaire pr\u00e9sent\u00e2t des d\u00e9fauts, c\u2019est probable. Mais les reproches formul\u00e9s \u00e0 son encontre, peut-\u00eatre l\u00e9gitimes (vision partisane des choses, tendance \u00e0 la simplification sur certains aspects, minoration de faits, interviews tronqu\u00e9es au montage, etc.), pointant des pratiques tr\u00e8s courantes dans les m\u00e9dias, ne se font toutefois jamais entendre lorsque le contenu d\u2019un documentaire va dans le \u00ab\u00a0bon\u00a0\u00bb sens, le sens autoris\u00e9. On ne conteste la m\u00e9thode que si le contenu d\u00e9pla\u00eet, c\u2019est bien connu.<\/span><\/p>\n<p><span style=\"color: #000000;\">De m\u00eame, la <a href=\"https:\/\/www.youtube.com\/watch?v=0DZSPy5KkWg\" target=\"_blank\" rel=\"noopener\">r\u00e9ponse de la journaliste Eva Bartlett<\/a> \u00e0 son confr\u00e8re norv\u00e9gien Kristoffer Ronneberg a \u00e9t\u00e9 qualifi\u00e9e de propagande par les m\u00e9dias mainstream, c\u2019est-\u00e0-dire ceux qu\u2019elle d\u00e9nonce. Ce n\u2019est pas surprenant. Il est m\u00eame amusant de voir que, dans <a href=\"http:\/\/www.liberation.fr\/desintox\/2016\/12\/15\/propagande-prorusse-sur-alep-qui-est-cette-journaliste-independante-qui-cartonne-sur-le-web_1535499\" target=\"_blank\" rel=\"noopener\">l\u2019article que lui consacre <\/a><em><a href=\"http:\/\/www.liberation.fr\/desintox\/2016\/12\/15\/propagande-prorusse-sur-alep-qui-est-cette-journaliste-independante-qui-cartonne-sur-le-web_1535499\" target=\"_blank\" rel=\"noopener\">Lib\u00e9ration<\/a><\/em>, Eva Bartlett commence par perdre en cr\u00e9dibilit\u00e9 avant de perdre carr\u00e9ment sa profession\u00a0: de \u00ab\u00a0journaliste soi-disant ind\u00e9pendante\u00a0\u00bb, elle devient \u00ab\u00a0soi-disant journaliste\u00a0\u00bb quelques lignes plus loin. Toutefois, le texte de <em>Lib\u00e9<\/em> est int\u00e9ressant et permet de recevoir cette vid\u00e9o avec un \u0153il plus critique que ne l\u2019ont fait la plupart de ceux qui ont contribu\u00e9 \u00e0 sa diffusion enthousiaste sur les r\u00e9seaux sociaux. Mais comme d\u2019habitude, il faudrait tout de m\u00eame s\u2019interroger sur le succ\u00e8s de cette vid\u00e9o, succ\u00e8s qui t\u00e9moigne \u00e9videmment de l\u2019impression que nous avons tous d\u2019\u00eatre pris pour des idiots. Comme toujours, c\u2019est le discours homog\u00e8ne, simpliste et manich\u00e9en des m\u00e9dias qui suscite la m\u00e9fiance\u00a0:<\/span><\/p>\n<ol>\n<li><span style=\"color: #000000;\">ce discours qui consiste \u00e0 annoncer que le conflit syrien a fait 300\u00a0000 morts, sans pr\u00e9ciser, la plupart du temps, que le tiers d\u2019entre eux \u00e9taient des soldats du r\u00e9gime (je ne dis pas que c\u2019est d\u00e9terminant, je dis que cela change un peu la perception des choses)\u00a0;<\/span><\/li>\n<li><span style=\"color: #000000;\">ce discours qui prend, de mani\u00e8re parfois tr\u00e8s appuy\u00e9e, le parti de ceux qu\u2019il est convenu d\u2019appeler les \u00ab\u00a0rebelles\u00a0\u00bb\u00a0; <\/span><\/li>\n<li><span style=\"color: #000000;\">un discours m\u00e9diatique n\u00e9 dans le contexte de ce qu\u2019on appela avec enthousiasme les \u00ab\u00a0printemps arabes\u00a0\u00bb\u2026 et jamais fondamentalement remis en cause depuis. <\/span><\/li>\n<li><span style=\"color: #000000;\">un discours oblig\u00e9. Un journaliste m\u2019a racont\u00e9 que, s\u2019\u00e9tant rendu en Syrie et rendant compte\u00a0\u00e0 sa r\u00e9daction de la situation sur place, il avait re\u00e7u un message de certains confr\u00e8res lui reprochant de \u00ab\u00a0ne pas suffisamment insister sur le fait que Bachar assassine son peuple\u00a0\u00bb et de \u00ab\u00a0trop souligner les d\u00e9rives des rebelles qui sont quand m\u00eame, \u00e0 la base, des gens qui se soul\u00e8vent contre un dictateur\u00a0\u00bb.<\/span><\/li>\n<\/ol>\n<p><span style=\"color: #000000;\">On assiste apparemment depuis quelques jours \u00e0 un l\u00e9ger infl\u00e9chissement de ce discours. Et l\u2019on se met \u00e0 attendre les \u00e9missions du type\u00a0: \u00ab\u00a0en avons-nous fait trop\u00a0?\u00a0\u00bb (un classique de la pseudo-autocritique constructive qui n&rsquo;aboutit \u00e0 rien), \u00ab\u00a0qui sont vraiment les rebelles syriens\u00a0?\u00a0\u00bb, \u00ab\u00a0qui se cache derri\u00e8re l\u2019Observatoire syrien des droits de l\u2019homme\u00a0?\u00a0\u00bb etc.<\/span><\/p>\n<p><span style=\"color: #000000;\">D\u00e9j\u00e0, on entend des choses que l\u2019on n\u2019entendait pas, comme les citations que j\u2019ai reproduites en t\u00eate de ce post. Le plus souvent, ce ne sont pas les journalistes eux-m\u00eames qui formulent ces commentaires, ce sont les experts, les consultants. Et, il faut bien le constater, les journalistes ne font pas r\u00e9p\u00e9ter, ne font pas mine de s\u2019\u00e9tonner, ne cherchent en rien \u00e0 insister sur cet aspect du propos. Ils laissent passer, mais cette parole semble d\u00e9sormais tol\u00e9r\u00e9e. Ainsi, <a href=\"http:\/\/www.francetvinfo.fr\/monde\/revolte-en-syrie\/la-victoire-sur-alep-un-tournant-dans-la-guerre-en-syrie_1959417.html\" target=\"_blank\" rel=\"noopener\">cet entretien avec Fr\u00e9d\u00e9ric Pichon<\/a> diffus\u00e9 sur Franceinfo\u00a0:<\/span><\/p>\n<blockquote><p><span style=\"color: #000000; font-family: Times New Roman; font-size: small;\">[\u2026] le narratif de <strong><span style=\"text-decoration: underline;\">certains m\u00e9dias occidentaux<\/span><\/strong> a beaucoup gonfl\u00e9 les choses. Il est m\u00eame vraisemblable que cette poche de la r\u00e9bellion n\u2019a jamais group\u00e9 autant d\u2019habitants qu\u2019<span style=\"text-decoration: underline;\"><strong>on a bien voulu nous dire<\/strong><\/span>. <strong><span style=\"text-decoration: underline;\">On a parl\u00e9 de<\/span><\/strong> 250\u00a0000 habitants, il est probable que ce soit plut\u00f4t 100\u00a0000 \u00e0 peine. Pour le moment, la plupart des habitants d\u2019Alep-Est sont tous all\u00e9s \u00e0 Alep-Ouest, c\u2019est-\u00e0-dire les zones gouvernementales. Je crois que cette r\u00e9bellion ne repr\u00e9sentait personne.<\/span><\/p>\n<p><span style=\"color: #000000; font-family: Times New Roman; font-size: small;\">Les civils dans leur grande majorit\u00e9 qui vivaient encore \u00e0 Alep-Est ont servi de boucliers humains, comme en ce moment \u00e0 Mossoul, l\u2019Etat Islamique se sert des habitants de Mossoul comme boucliers humains. <strong><span style=\"text-decoration: underline;\">On nous a pr\u00e9sent\u00e9 pendant quelques mois une situation qui ne correspondait pas \u00e0 la r\u00e9alit\u00e9<\/span><\/strong>. [\u2026]<\/span><\/p><\/blockquote>\n<p><span style=\"color: #000000;\">Cette tol\u00e9rance a n\u00e9anmoins des limites\u00a0: quand sur la m\u00eame radio,\u00a0Jean-Dominique Giuliani, pr\u00e9sident de la fondation Robert Schuman, critique \u00ab\u00a0la diplomatie droit-de-l\u2019hommiste\u00a0\u00bb de l\u2019Europe dans la crise syrienne, ce bout de phrase dispara\u00eet <a href=\"http:\/\/www.francetvinfo.fr\/monde\/revolte-en-syrie\/cessez-le-feu-en-syrie-les-occidentaux-ne-peuvent-pas-se-contenter-de-diplomatie-declaratoire-selon-la-fondation-robert-schuman_1993221.html\" target=\"_blank\" rel=\"noopener\">dans le verbatim de l\u2019\u00e9mission<\/a> et il ne reste qu&rsquo;une remise en cause d&rsquo;une diplomatie \u00ab de communication plus que d&rsquo;action \u00bb.<\/span><\/p>\n<h1><span style=\"color: #000000;\">Alep<\/span><\/h1>\n<p><span style=\"color: #000000;\">A l\u2019issue de la bataille d\u2019Alep se pose avec une acuit\u00e9 particuli\u00e8re le probl\u00e8me du choix des mots. Quand on a l\u2019habitude d\u2019opposer syst\u00e9matiquement le camp du bien et le camp du mal, quelle que soit la complexit\u00e9 de l\u2019affrontement, on consid\u00e8re forc\u00e9ment une victoire comme un sujet de satisfaction ou de regret (selon le camp que l\u2019on d\u00e9fend). C\u2019est ainsi que bien des m\u00e9dias fonctionnent.<\/span><\/p>\n<p><span style=\"color: #000000;\">Dire qu\u2019Alep a \u00e9t\u00e9 \u00ab\u00a0lib\u00e9r\u00e9e\u00a0\u00bb est trop positif, trop pro-Assad. Aussi les m\u00e9dias qui choisissent ce mot ont-ils soin d\u2019y mettre des guillemets, manifestant qu\u2019ils citent\u00a0un point de vue\u00a0qu&rsquo;ils n&rsquo;adoptent pas\u00a0:<\/span><\/p>\n<p><span style=\"color: #000000;\"><a href=\"http:\/\/blog.causeur.fr\/lavoixdenosmaitres\/files\/2016\/12\/courrier.jpg\"><img loading=\"lazy\" decoding=\"async\" class=\"aligncenter size-full wp-image-286\" src=\"http:\/\/blog.causeur.fr\/lavoixdenosmaitres\/files\/2016\/12\/courrier.jpg\" alt=\"\" width=\"542\" height=\"250\" srcset=\"https:\/\/blog.causeur.fr\/lavoixdenosmaitres\/wp-content\/uploads\/sites\/27\/2016\/12\/courrier.jpg 542w, https:\/\/blog.causeur.fr\/lavoixdenosmaitres\/wp-content\/uploads\/sites\/27\/2016\/12\/courrier-300x138.jpg 300w, https:\/\/blog.causeur.fr\/lavoixdenosmaitres\/wp-content\/uploads\/sites\/27\/2016\/12\/courrier-500x230.jpg 500w\" sizes=\"auto, (max-width: 542px) 100vw, 542px\" \/><\/a><\/span><\/p>\n<p><span style=\"color: #000000;\">Le terme id\u00e9al, le plus neutre, c\u2019est \u00ab\u00a0reprise\u00a0\u00bb. Comme ici\u00a0:<\/span><\/p>\n<p><span style=\"color: #000000;\"><a href=\"http:\/\/blog.causeur.fr\/lavoixdenosmaitres\/files\/2016\/12\/alep-repris.jpg\"><img loading=\"lazy\" decoding=\"async\" class=\"aligncenter size-full wp-image-287\" src=\"http:\/\/blog.causeur.fr\/lavoixdenosmaitres\/files\/2016\/12\/alep-repris.jpg\" alt=\"\" width=\"883\" height=\"348\" srcset=\"https:\/\/blog.causeur.fr\/lavoixdenosmaitres\/wp-content\/uploads\/sites\/27\/2016\/12\/alep-repris.jpg 883w, https:\/\/blog.causeur.fr\/lavoixdenosmaitres\/wp-content\/uploads\/sites\/27\/2016\/12\/alep-repris-300x118.jpg 300w, https:\/\/blog.causeur.fr\/lavoixdenosmaitres\/wp-content\/uploads\/sites\/27\/2016\/12\/alep-repris-500x197.jpg 500w\" sizes=\"auto, (max-width: 883px) 100vw, 883px\" \/><\/a>Le journaliste s\u2019est d\u2019ailleurs autocorrig\u00e9 puisque le premier titre de son article (qui figure encore dans le r\u00e9f\u00e9rencement google) \u00e9tait\u00a0:<a href=\"http:\/\/blog.causeur.fr\/lavoixdenosmaitres\/files\/2016\/12\/alep-lib\u00e9r\u00e9.jpg\"><img loading=\"lazy\" decoding=\"async\" class=\"aligncenter size-full wp-image-288\" src=\"http:\/\/blog.causeur.fr\/lavoixdenosmaitres\/files\/2016\/12\/alep-lib\u00e9r\u00e9.jpg\" alt=\"\" width=\"630\" height=\"134\" srcset=\"https:\/\/blog.causeur.fr\/lavoixdenosmaitres\/wp-content\/uploads\/sites\/27\/2016\/12\/alep-lib\u00e9r\u00e9.jpg 630w, https:\/\/blog.causeur.fr\/lavoixdenosmaitres\/wp-content\/uploads\/sites\/27\/2016\/12\/alep-lib\u00e9r\u00e9-300x63.jpg 300w, https:\/\/blog.causeur.fr\/lavoixdenosmaitres\/wp-content\/uploads\/sites\/27\/2016\/12\/alep-lib\u00e9r\u00e9-500x106.jpg 500w\" sizes=\"auto, (max-width: 630px) 100vw, 630px\" \/><\/a><\/span><\/p>\n<p><span style=\"color: #000000;\">Cependant, sans surprise, la plupart des m\u00e9dias ont choisi de dire qu\u2019Alep-est \u00e9tait \u00ab\u00a0tomb\u00e9e\u00a0\u00bb. La m\u00e9tonymie (le nom de la ville pour d\u00e9signer les combattants qui l\u2019avait prises) sugg\u00e8re que la population soutenait les rebelles, ce qui ne semble pourtant pas \u00eatre le cas (c\u2019est le moins que l\u2019on puisse dire). Mais soit. Va pour \u00ab\u00a0tomb\u00e9e\u00a0\u00bb.<\/span><\/p>\n<p><a href=\"http:\/\/blog.causeur.fr\/lavoixdenosmaitres\/files\/2016\/12\/alep-tomb\u00e9e.jpg\"><img loading=\"lazy\" decoding=\"async\" class=\"aligncenter size-full wp-image-289\" src=\"http:\/\/blog.causeur.fr\/lavoixdenosmaitres\/files\/2016\/12\/alep-tomb\u00e9e.jpg\" alt=\"\" width=\"650\" height=\"348\" srcset=\"https:\/\/blog.causeur.fr\/lavoixdenosmaitres\/wp-content\/uploads\/sites\/27\/2016\/12\/alep-tomb\u00e9e.jpg 650w, https:\/\/blog.causeur.fr\/lavoixdenosmaitres\/wp-content\/uploads\/sites\/27\/2016\/12\/alep-tomb\u00e9e-300x160.jpg 300w, https:\/\/blog.causeur.fr\/lavoixdenosmaitres\/wp-content\/uploads\/sites\/27\/2016\/12\/alep-tomb\u00e9e-500x267.jpg 500w\" sizes=\"auto, (max-width: 650px) 100vw, 650px\" \/><\/a><span style=\"color: #000000;\">Le probl\u00e8me, c\u2019est quand, partant de \u00ab\u00a0tomb\u00e9e\u00a0\u00bb (terme militaire), on passe \u00e0 l\u2019expression imag\u00e9e, tr\u00e8s nettement d\u00e9pr\u00e9ciative \u00ab\u00a0tomb\u00e9e aux\u00a0mains de\u00a0\u00bb :<\/span><\/p>\n<p><span style=\"color: #000000;\"><a href=\"http:\/\/blog.causeur.fr\/lavoixdenosmaitres\/files\/2016\/12\/le-monde-tomber-aux-mains.jpg\"><img loading=\"lazy\" decoding=\"async\" class=\"aligncenter size-full wp-image-290\" src=\"http:\/\/blog.causeur.fr\/lavoixdenosmaitres\/files\/2016\/12\/le-monde-tomber-aux-mains.jpg\" alt=\"\" width=\"606\" height=\"299\" srcset=\"https:\/\/blog.causeur.fr\/lavoixdenosmaitres\/wp-content\/uploads\/sites\/27\/2016\/12\/le-monde-tomber-aux-mains.jpg 606w, https:\/\/blog.causeur.fr\/lavoixdenosmaitres\/wp-content\/uploads\/sites\/27\/2016\/12\/le-monde-tomber-aux-mains-300x148.jpg 300w, https:\/\/blog.causeur.fr\/lavoixdenosmaitres\/wp-content\/uploads\/sites\/27\/2016\/12\/le-monde-tomber-aux-mains-500x246.jpg 500w\" sizes=\"auto, (max-width: 606px) 100vw, 606px\" \/><\/a><\/span><\/p>\n<p><span style=\"color: #000000;\">Comme Alep \u00e9tait initialement une ville syrienne comme une autre, c\u2019est-\u00e0-dire rattach\u00e9e au gouvernement d\u2019Assad, certains choisissent de dire que la ville est \u00ab\u00a0retomb\u00e9e\u00a0aux mains d&rsquo;Assad \u00bb\u00a0:<\/span><\/p>\n<p><a href=\"http:\/\/blog.causeur.fr\/lavoixdenosmaitres\/files\/2016\/12\/fr-inter-retomber.jpg\"><img loading=\"lazy\" decoding=\"async\" src=\"http:\/\/blog.causeur.fr\/lavoixdenosmaitres\/files\/2016\/12\/fr-inter-retomber.jpg\" alt=\"\" width=\"733\" height=\"344\" \/><\/a><\/p>\n<p><span style=\"color: #000000;\">Rares sont, pour l\u2019instant, ceux qui s\u2019interrogent sur le choix du mot et ses implications\u00a0:<\/span><\/p>\n<p><a href=\"http:\/\/blog.causeur.fr\/lavoixdenosmaitres\/files\/2016\/12\/la-vie-tomb\u00e9e-ou-lib\u00e9r\u00e9e1.jpg\"><img loading=\"lazy\" decoding=\"async\" src=\"http:\/\/blog.causeur.fr\/lavoixdenosmaitres\/files\/2016\/12\/la-vie-tomb\u00e9e-ou-lib\u00e9r\u00e9e1-300x233.jpg\" alt=\"\" width=\"300\" height=\"233\" \/><\/a><\/p>\n<p>Certains ne changeront jamais: le 30 d\u00e9cembre, Aphatie interrogeant Jean-Fr\u00e9d\u00e9ric Poisson \u00e9tait en mode anti-Assad monolithique et simpliste. Il faudra pr\u00eater attention, dans les semaines qui viennent, au discours des m\u00e9dias sur la situation syrienne,\u00a0afin de voir si la constance de ce journaliste est repr\u00e9sentative d&rsquo;une pratique m\u00e9diatique globale ou si les quelques infl\u00e9chissements que j&rsquo;ai pu relever correspondent \u00e0 une r\u00e9orientation progressive de l&rsquo;analyse m\u00e9diatique du conflit.<\/p>\n<p>NB : Alep \u00e9tant un nom de ville, son genre n&rsquo;est pas fix\u00e9. On peut donc dire qu&rsquo;Alep est tomb\u00e9e ou qu&rsquo;Alep est tomb\u00e9. Dans la mesure o\u00f9 c&rsquo;est une ville, la tendance est \u00e0 l&#8217;emploi du f\u00e9minin (comme le mot ville) mais th\u00e9oriquement, dans la mesure o\u00f9 ce nom de ville se termine par une consonne et non par un \u00ab\u00a0e\u00a0\u00bb muet, il serait conseill\u00e9 de le traiter comme un nom masculin. Pas d&rsquo;obligation.<\/p>\n","protected":false},"excerpt":{"rendered":"<p>A partir du moment o\u00f9 il faut nommer les choses, on s&rsquo;aventure sur une pente savonneuse.\u00a0 \u00ab\u00a0A Alep, les rebelles se servent des civils comme boucliers humains\u00a0\u00bb ; \u00ab\u00a0Les forces pro-gouvernementales autorisent les rebelles \u00e0 quitter Alep-est avec des armes l\u00e9g\u00e8res pour rejoindre d\u2019autres bastions de la contestation\u00a0\u00bb ; \u00ab\u00a0Les rebelles menacent d\u2019ex\u00e9cuter les civils [&hellip;]<\/p>\n","protected":false},"author":7,"featured_media":0,"comment_status":"open","ping_status":"open","sticky":false,"template":"","format":"standard","meta":{"footnotes":""},"categories":[9],"tags":[118,122,119,125,73,104,6,123,124,53,13,58,120,121],"class_list":{"0":"post-285","1":"post","2":"type-post","3":"status-publish","4":"format-standard","6":"category-articles","7":"tag-alep","8":"tag-aphatie","9":"tag-choix-des-mots","10":"tag-courrier-international","11":"tag-france-2","12":"tag-france-inter","13":"tag-lobs","14":"tag-la-depeche","15":"tag-la-vie","16":"tag-lci","17":"tag-le-monde","18":"tag-libe","19":"tag-liberee","20":"tag-tombee"},"_links":{"self":[{"href":"https:\/\/blog.causeur.fr\/lavoixdenosmaitres\/wp-json\/wp\/v2\/posts\/285","targetHints":{"allow":["GET"]}}],"collection":[{"href":"https:\/\/blog.causeur.fr\/lavoixdenosmaitres\/wp-json\/wp\/v2\/posts"}],"about":[{"href":"https:\/\/blog.causeur.fr\/lavoixdenosmaitres\/wp-json\/wp\/v2\/types\/post"}],"author":[{"embeddable":true,"href":"https:\/\/blog.causeur.fr\/lavoixdenosmaitres\/wp-json\/wp\/v2\/users\/7"}],"replies":[{"embeddable":true,"href":"https:\/\/blog.causeur.fr\/lavoixdenosmaitres\/wp-json\/wp\/v2\/comments?post=285"}],"version-history":[{"count":0,"href":"https:\/\/blog.causeur.fr\/lavoixdenosmaitres\/wp-json\/wp\/v2\/posts\/285\/revisions"}],"wp:attachment":[{"href":"https:\/\/blog.causeur.fr\/lavoixdenosmaitres\/wp-json\/wp\/v2\/media?parent=285"}],"wp:term":[{"taxonomy":"category","embeddable":true,"href":"https:\/\/blog.causeur.fr\/lavoixdenosmaitres\/wp-json\/wp\/v2\/categories?post=285"},{"taxonomy":"post_tag","embeddable":true,"href":"https:\/\/blog.causeur.fr\/lavoixdenosmaitres\/wp-json\/wp\/v2\/tags?post=285"}],"curies":[{"name":"wp","href":"https:\/\/api.w.org\/{rel}","templated":true}]}}