{"id":401,"date":"2017-03-20T15:13:33","date_gmt":"2017-03-20T15:13:33","guid":{"rendered":"http:\/\/blog.causeur.fr\/lavoixdenosmaitres\/?p=401"},"modified":"2021-04-23T15:35:14","modified_gmt":"2021-04-23T13:35:14","slug":"c8-en-infiltration-au-fnj","status":"publish","type":"post","link":"https:\/\/blog.causeur.fr\/lavoixdenosmaitres\/c8-en-infiltration-au-fnj-401","title":{"rendered":"C8 en infiltration au FNJ"},"content":{"rendered":"<p>Les tribulations sans int\u00e9r\u00eat de Quentin Pichon au pays des fachos<\/p>\n<p><a href=\"http:\/\/blog.causeur.fr\/lavoixdenosmaitres\/files\/2017\/03\/bonjour-je-viens-pour-la-r\u00e9union.jpg\"><img loading=\"lazy\" decoding=\"async\" class=\"aligncenter size-full wp-image-402\" title=\"bonjour je viens pour la r\u00e9union\" src=\"http:\/\/blog.causeur.fr\/lavoixdenosmaitres\/files\/2017\/03\/bonjour-je-viens-pour-la-r\u00e9union.jpg\" alt=\"\" width=\"634\" height=\"355\" srcset=\"https:\/\/blog.causeur.fr\/lavoixdenosmaitres\/wp-content\/uploads\/sites\/27\/2017\/03\/bonjour-je-viens-pour-la-r\u00e9union.jpg 634w, https:\/\/blog.causeur.fr\/lavoixdenosmaitres\/wp-content\/uploads\/sites\/27\/2017\/03\/bonjour-je-viens-pour-la-r\u00e9union-300x167.jpg 300w, https:\/\/blog.causeur.fr\/lavoixdenosmaitres\/wp-content\/uploads\/sites\/27\/2017\/03\/bonjour-je-viens-pour-la-r\u00e9union-500x279.jpg 500w\" sizes=\"auto, (max-width: 634px) 100vw, 634px\" \/><\/a>Je suis ob\u00e9issante. Face aux repr\u00e9sentants du FN qui critiquaient la d\u00e9marche consistant \u00e0 envoyer un infiltr\u00e9 dans la section ni\u00e7oise du FNJ (Front National de la Jeunesse), les journalistes nous encourageaient \u00e0 nous faire notre propre opinion en regardant le reportage en question. C\u2019est ce que j\u2019ai fait. Quatre fois de suite et en prenant des notes.<!--more--><\/p>\n<p>C\u2019est dingue\u00a0: ces jeunes journalistes bizuts qui se tapent les reportages en infiltration ont tous la m\u00eame voix. Si vous en avez le courage, repassez-vous \u00ab\u00a0J\u2019ai infiltr\u00e9 une section du Front National\u00a0\u00bb, vous verrez. Il y avait aussi \u00ab\u00a0A l\u2019extr\u00eame droite du P\u00e8re\u00a0\u00bb, absolument jubilatoire (les deux sont dans mon bouquin). Et c\u2019est encore la m\u00eame voix, alors que ce n\u2019est pas le m\u00eame bonhomme. Non seulement, il y a une langue des m\u00e9dias mais c\u2019est \u00e0 se demander s\u2019il n\u2019y a pas une voix des m\u00e9dias. Je ne ferai pas de commentaire sur le ton : je vous laisse appr\u00e9cier en regardant le dernier petit bijou de C8, \u00ab\u00a0Le FN \u00e0 la conqu\u00eate des jeunes, enqu\u00eate d&rsquo;un infiltr\u00e9 \u00bb, <a href=\"http:\/\/www.c8.fr\/c8-docs-mags\/pid8813-c8-la-face-cachee-du-front-national.html?vid=1440236\" target=\"_blank\" rel=\"noopener\">ici<\/a>.<\/p>\n<p>Ce reportage est pr\u00e9sent\u00e9 comme une \u00ab\u00a0enqu\u00eate\u00a0\u00bb, donc on devrait apprendre des choses. On n&rsquo;apprendra rien. On pourra juste jouir du frisson de l&rsquo;interdit que suscite toujours le principe de la cam\u00e9ra cach\u00e9e. Mais \u00e7a va bien cinq minutes.<\/p>\n<p>Comme c\u2019est la journ\u00e9e de la langue fran\u00e7aise dans les m\u00e9dias, on va commencer par l\u00e0\u00a0:<\/p>\n<p>\u00ab\u00a0Malgr\u00e9 ses airs de jeune premier, je vais vite comprendre que ce n\u2019est pas n\u2019importe qui.\u00a0\u00bb (05:33)<\/p>\n<p>Quentin Pichon (l&rsquo;infiltr\u00e9) ne sait pas ce qu\u2019est un jeune premier, sinon il verrait que sa phrase n\u2019a aucun sens.<\/p>\n<p>\u00ab\u00a0L\u00e0, vous \u00eates tous debouts.\u00a0\u00bb (dans les sous-titres 19:20)<\/p>\n<p>Oups.<\/p>\n<p>Si vous avez peur de vous ennuyer, vous pouvez vous amuser \u00e0 compter les occurrences du mot \u00ab\u00a0choquant\u00a0\u00bb.<\/p>\n<p><a href=\"http:\/\/blog.causeur.fr\/lavoixdenosmaitres\/files\/2017\/03\/dragibus_soft_300.jpg\"><img loading=\"lazy\" decoding=\"async\" class=\"alignleft size-thumbnail wp-image-403\" title=\"dragibus_soft_300\" src=\"http:\/\/blog.causeur.fr\/lavoixdenosmaitres\/files\/2017\/03\/dragibus_soft_300-150x150.jpg\" alt=\"\" width=\"150\" height=\"150\" srcset=\"https:\/\/blog.causeur.fr\/lavoixdenosmaitres\/wp-content\/uploads\/sites\/27\/2017\/03\/dragibus_soft_300-150x150.jpg 150w, https:\/\/blog.causeur.fr\/lavoixdenosmaitres\/wp-content\/uploads\/sites\/27\/2017\/03\/dragibus_soft_300-300x300.jpg 300w, https:\/\/blog.causeur.fr\/lavoixdenosmaitres\/wp-content\/uploads\/sites\/27\/2017\/03\/dragibus_soft_300.jpg 600w\" sizes=\"auto, (max-width: 150px) 100vw, 150px\" \/><\/a>J\u2019offre cette bo\u00eete de dragibus virtuelle (car\u00eame oblige) au premier qui rep\u00e8re \u00ab\u00a0sulfureux\u00a0\u00bb et \u00ab\u00a0naus\u00e9abond\u00a0\u00bb (un indice, c\u2019est \u00ab\u00a0id\u00e9es sulfureuses\u00a0\u00bb et \u00ab\u00a0conversation naus\u00e9abonde\u00a0\u00bb).<\/p>\n<p>Les reportages en infiltration sont toujours r\u00e9alis\u00e9s par des gamins tr\u00e8s sensibles, tr\u00e8s choquables.<\/p>\n<p>Pour lever le suspense, je vous donne tout de suite ce que Quentin Pichon consid\u00e8re comme\u00a0\u00ab\u00a0le discours le plus choquant dont j\u2019aie \u00e9t\u00e9 t\u00e9moin en deux mois d\u2019enqu\u00eate\u00a0\u00bb. Attention GROS SPOILER. C\u2019est un libraire (\u00e9galement \u00e9lu FN), qui parle : \u00ab\u00a0Moi, je pense que 5 \u2013 6 millions, c\u2019est un chiffre qui est un peu\u2026 Il faut voir apr\u00e8s, avec les bouquins de\u2026 les th\u00e8ses de Leuchter,\u00a0 etc. O\u00f9 il y a eu quand m\u00eame des relev\u00e9s\u2026 C\u2019est juste un physicien, quoi\u2026 Donc, c\u2019est des choses assez euh. C\u2019est m\u00eame pas id\u00e9ologique, c\u2019est vraiment du\u2026 O\u00f9 il montre que il y a pas eu\u2026 On pourrait montrer certaines pi\u00e8ces cens\u00e9es \u00eatre des chambres \u00e0 gaz. Et il prouvait qu\u2019il y avait pas eu de Zyklon B dans ces pi\u00e8ces-l\u00e0. Que le zyklon B etc., c\u2019\u00e9tait pour les pi\u00e8ces de d\u00e9sinfection.\u00a0\u00bb<\/p>\n<p>Je ne voudrais pas faire ma blas\u00e9e, mais quand on a r\u00e9cemment pris connaissance des fameux tweets de Mehdi Meklat, on trouve qu\u2019\u00e0 c\u00f4t\u00e9 de lui, le type d\u00e9nich\u00e9 par Quentin Pichon pour son reportage joue vraiment petit bras, comme on dit.<\/p>\n<p>En plus, ce conseiller r\u00e9gional FN n\u2019a pas l\u2019air tr\u00e8s convaincu de ce qu\u2019il dit lui-m\u00eame. \u00c0 se demander s\u2019il n\u2019essaie pas de s\u2019adapter \u00e0 son interlocuteur pour lui vendre des bouquins. Pour le savoir, il faudrait disposer de l\u2019int\u00e9gralit\u00e9 de la conversation mais c\u2019est le propre des infiltrations\u00a0: le journaliste a toujours l\u2019air d\u00e9sesp\u00e9r\u00e9ment muet. C\u2019est un peu facile, \u00e0 mon sens.<\/p>\n<p>Quentin Pichon lui-m\u00eame innocente Beno\u00eet Loeuillet (c&rsquo;est le nom de l&rsquo;individu mis en cause), dans une <a href=\"http:\/\/www.programme-tv.net\/news\/tv\/111466-exclu-le-journaliste-de-c8-infiltre-au-fn-en-camera-cachee-nous-n-avions-pas-le-choix\/\" target=\"_blank\" rel=\"noopener\">interview \u00e0 T\u00e9l\u00e9Loisirs<\/a>:<\/p>\n<p><a href=\"http:\/\/blog.causeur.fr\/lavoixdenosmaitres\/files\/2017\/03\/quentin-TL.jpg\"><img loading=\"lazy\" decoding=\"async\" class=\"aligncenter size-full wp-image-404\" title=\"quentin TL\" src=\"http:\/\/blog.causeur.fr\/lavoixdenosmaitres\/files\/2017\/03\/quentin-TL.jpg\" alt=\"\" width=\"530\" height=\"168\" srcset=\"https:\/\/blog.causeur.fr\/lavoixdenosmaitres\/wp-content\/uploads\/sites\/27\/2017\/03\/quentin-TL.jpg 530w, https:\/\/blog.causeur.fr\/lavoixdenosmaitres\/wp-content\/uploads\/sites\/27\/2017\/03\/quentin-TL-300x95.jpg 300w, https:\/\/blog.causeur.fr\/lavoixdenosmaitres\/wp-content\/uploads\/sites\/27\/2017\/03\/quentin-TL-500x158.jpg 500w\" sizes=\"auto, (max-width: 530px) 100vw, 530px\" \/><\/a>Il ne dit pas : comme il \u00e9tait r\u00e9visionniste, je lui ai demand\u00e9 de m&rsquo;expliquer son point de vue. A vrai dire, l&rsquo;extrait incrimin\u00e9 ne permet pas de dire avec certitude si Beno\u00eet Loeuillet adh\u00e8re \u00e0 la th\u00e8se qu&rsquo;il expose o\u00f9 si, comme le journaliste le sugg\u00e8re lui-m\u00eame, il explique une th\u00e9orie d\u00e9velopp\u00e9e dans des livres qu&rsquo;il vend (et \u00e7a se saurait si les libraires \u00e9taient en accord avec le contenu de tous les livres qu&rsquo;ils vendent).<\/p>\n<p>On remarquera l&rsquo;hypocrisie qui consiste \u00e0 s&rsquo;abriter derri\u00e8re le besoin de \u00ab\u00a0comprendre\u00a0\u00bb. C&rsquo;est d\u00e9j\u00e0 le cas au tout d\u00e9but de la vid\u00e9o: \u00ab\u00a0Afin de comprendre comment le mouvement fonctionne de l\u2019int\u00e9rieur, etc.\u00a0\u00bb, \u00ab pour mieux comprendre ces jeunes militants, j\u2019ai d\u00e9cid\u00e9 de devenir l\u2019un d\u2019entre eux\u00a0\u00bb. Et il a compris quoi, Quentin ?<\/p>\n<p>Il y a des racistes au FN.<a href=\"http:\/\/blog.causeur.fr\/lavoixdenosmaitres\/files\/2017\/03\/surpris1.jpg\"><img loading=\"lazy\" decoding=\"async\" class=\"aligncenter size-thumbnail wp-image-416\" title=\"surpris\" src=\"http:\/\/blog.causeur.fr\/lavoixdenosmaitres\/files\/2017\/03\/surpris1-150x150.jpg\" alt=\"\" width=\"150\" height=\"150\" srcset=\"https:\/\/blog.causeur.fr\/lavoixdenosmaitres\/wp-content\/uploads\/sites\/27\/2017\/03\/surpris1-150x150.jpg 150w, https:\/\/blog.causeur.fr\/lavoixdenosmaitres\/wp-content\/uploads\/sites\/27\/2017\/03\/surpris1-300x300.jpg 300w, https:\/\/blog.causeur.fr\/lavoixdenosmaitres\/wp-content\/uploads\/sites\/27\/2017\/03\/surpris1-1024x1024.jpg 1024w, https:\/\/blog.causeur.fr\/lavoixdenosmaitres\/wp-content\/uploads\/sites\/27\/2017\/03\/surpris1.jpg 1600w\" sizes=\"auto, (max-width: 150px) 100vw, 150px\" \/><\/a><\/p>\n<p style=\"text-align: left;\">Des n\u00e9gationnistes.<\/p>\n<p><a href=\"http:\/\/blog.causeur.fr\/lavoixdenosmaitres\/files\/2017\/03\/interloque\u0301.jpg\"><img loading=\"lazy\" decoding=\"async\" class=\"aligncenter size-medium wp-image-406\" title=\"interloque\u0301\" src=\"http:\/\/blog.causeur.fr\/lavoixdenosmaitres\/files\/2017\/03\/interloque\u0301-300x201.jpg\" alt=\"\" width=\"300\" height=\"201\" srcset=\"https:\/\/blog.causeur.fr\/lavoixdenosmaitres\/wp-content\/uploads\/sites\/27\/2017\/03\/interloque\u0301-300x201.jpg 300w, https:\/\/blog.causeur.fr\/lavoixdenosmaitres\/wp-content\/uploads\/sites\/27\/2017\/03\/interloque\u0301.jpg 347w\" sizes=\"auto, (max-width: 300px) 100vw, 300px\" \/><\/a>Des lecteurs de Renaud Camus.<\/p>\n<p><a href=\"http:\/\/blog.causeur.fr\/lavoixdenosmaitres\/files\/2017\/03\/tr\u00e8s-surpris.jpg\"><img loading=\"lazy\" decoding=\"async\" class=\"aligncenter size-full wp-image-407\" title=\"tr\u00e8s surpris\" src=\"http:\/\/blog.causeur.fr\/lavoixdenosmaitres\/files\/2017\/03\/tr\u00e8s-surpris.jpg\" alt=\"\" width=\"225\" height=\"225\" srcset=\"https:\/\/blog.causeur.fr\/lavoixdenosmaitres\/wp-content\/uploads\/sites\/27\/2017\/03\/tr\u00e8s-surpris.jpg 225w, https:\/\/blog.causeur.fr\/lavoixdenosmaitres\/wp-content\/uploads\/sites\/27\/2017\/03\/tr\u00e8s-surpris-150x150.jpg 150w\" sizes=\"auto, (max-width: 225px) 100vw, 225px\" \/><\/a>Bigre, on en apprend de belles.<\/p>\n<p>Pour d\u00e9couvrir quelque chose dans le reportage de C8, il faut vraiment vivre dans un autre monde, celui des journalistes par exemple.<\/p>\n<p>Si vous vous ennuyez vraiment, vous pouvez aussi vous amuser \u00e0 <strong>rep\u00e9rer la \u00ab\u00a0musique du m\u00e9chant\u00a0\u00bb<\/strong>\u00a0: 05:55\u00a0; 07:38\u00a0; 11:44\u00a0; 16:38\u00a0; 19:08\u00a0; 48:54, entre autres.<\/p>\n<p>Ou les <strong>petites manipulations<\/strong>. Certaines sc\u00e8nes auraient pu \u00eatre tourn\u00e9es chez les Jeunes R\u00e9publicains ou les Jeunes Socialistes\u00a0: l\u2019aveu concernant la grosse exag\u00e9ration du nombre d\u2019adh\u00e9rents (17:42), la dispute qui se conclut par l\u2019\u00e9viction brutale des trois vieilles militantes (13:50). <strong>La manipulation ici r\u00e9side dans le fait de laisser croire que c\u2019est une sp\u00e9cificit\u00e9 du FNJ<\/strong>, comme d\u2019ailleurs le chef de section t\u00eate \u00e0 claques aux dents longues. C\u2019est bien connu, il n\u2019y en a qu\u2019au FN.<\/p>\n<p>Comme d\u2019hab, <strong>le journaliste ne semble pas avoir potass\u00e9 son sujet<\/strong> puisqu\u2019il a l\u2019air de d\u00e9couvrir qui est le pr\u00e9sident de la section FNJ locale. Notez la <strong>lourde mise en sc\u00e8ne<\/strong> de cette d\u00e9couverte (\u00e0 partir de 05:27). On aurait pu avoir directement\u00a0: \u00ab\u00a0il s\u2019appelle Bryan Masson\u00a0\u00bb. Au lieu de quoi, on a la musique du m\u00e9chant + retardement maximal de la r\u00e9v\u00e9lation du nom. En tout, 31 secondes pour nous dire comment s\u2019appelle ce gars\u00a0! L\u00e0 je dis chapeau.<\/p>\n<p>Dans le genre dramatisation lourdingue, <strong>d\u00e9gustez aussi le moment qui ne sert \u00e0 rien<\/strong> (03:59)\u00a0: \u00ab\u00a0Bonjour, je viens pour la r\u00e9union\u00a0! [la porte s\u2019ouvre] Merci\u00a0!\u00a0\u00bb. <strong>Mise en condition. Suspense.<\/strong><\/p>\n<p>Pareil pour \u00ab\u00a0la r\u00e9union commence\u00a0\u00bb (05:16). On avait compris. <a title=\"Comment L\u2019Obs m\u2019a diabolis\u00e9e\" href=\"http:\/\/blog.causeur.fr\/lavoixdenosmaitres\/comment-lobs-ma-diabolisee-007.html\" target=\"_blank\" rel=\"noopener\">J\u2019avais eu droit \u00e0 \u00e7a aussi dans l\u2019<\/a><em><a title=\"Comment L\u2019Obs m\u2019a diabolis\u00e9e\" href=\"http:\/\/blog.causeur.fr\/lavoixdenosmaitres\/comment-lobs-ma-diabolisee-007.html\" target=\"_blank\" rel=\"noopener\">Obs<\/a>\u00a0<\/em>: \u00ab\u00a0la conf\u00e9rence commence\u00a0\u00bb. C\u2019est comme dans le Seigneur des Anneaux\u00a0: on voit les arm\u00e9es qui arrivent et encerclent le ch\u00e2teau et un roi dont j\u2019ai oubli\u00e9 le nom, en haut de la tour, articule cette remarque pleine de bon sens\u00a0: \u00ab\u00a0la bataille commence\u00a0\u00bb. <strong>Amplification, dramatisation de l\u2019\u00e9vidence.<\/strong><\/p>\n<p>Allez, je vous confie ma phrase pr\u00e9f\u00e9r\u00e9e, de tout le reportage\u00a0: \u00ab\u00a0Devant moi, Bryan d\u00e9voile donc sa sensibilit\u00e9 identitaire\u00a0\u00bb (\u00e0 \u00e9couter pour en appr\u00e9cier le ton\u00a0; 39:44). \u00ab\u00a0Devant moi, Bryan d\u00e9voile\u2026\u00a0\u00bb\u00a0: \u00e7a a l\u2019air chaud chaud. \u00ab\u00a0Sa sensibilit\u00e9 identitaire\u00a0\u00bb\u00a0: formidable mani\u00e8re de dire, tout simplement, que Bryan appartient \u00e0 la mouvance identitaire. Le mot \u00ab\u00a0sensibilit\u00e9\u00a0\u00bb me para\u00eet assez mal choisi quand on pense \u00e0 la mani\u00e8re dont les m\u00e9dias eux-m\u00eames repr\u00e9sentent traditionnellement les identitaires, comme ceci :<\/p>\n<p><a href=\"http:\/\/blog.causeur.fr\/lavoixdenosmaitres\/files\/2017\/03\/normand-costaud.jpg\"><img loading=\"lazy\" decoding=\"async\" class=\"aligncenter size-full wp-image-425\" title=\"normand costaud\" src=\"http:\/\/blog.causeur.fr\/lavoixdenosmaitres\/files\/2017\/03\/normand-costaud.jpg\" alt=\"\" width=\"162\" height=\"200\" \/><\/a> Plus que comme cela :<\/p>\n<p><a href=\"http:\/\/blog.causeur.fr\/lavoixdenosmaitres\/files\/2017\/03\/gaulois-sensible.jpg\"><img loading=\"lazy\" decoding=\"async\" class=\"aligncenter size-medium wp-image-426\" title=\"gaulois sensible\" src=\"http:\/\/blog.causeur.fr\/lavoixdenosmaitres\/files\/2017\/03\/gaulois-sensible-300x200.jpg\" alt=\"\" width=\"300\" height=\"200\" srcset=\"https:\/\/blog.causeur.fr\/lavoixdenosmaitres\/wp-content\/uploads\/sites\/27\/2017\/03\/gaulois-sensible-300x200.jpg 300w, https:\/\/blog.causeur.fr\/lavoixdenosmaitres\/wp-content\/uploads\/sites\/27\/2017\/03\/gaulois-sensible-450x300.jpg 450w, https:\/\/blog.causeur.fr\/lavoixdenosmaitres\/wp-content\/uploads\/sites\/27\/2017\/03\/gaulois-sensible.jpg 600w\" sizes=\"auto, (max-width: 300px) 100vw, 300px\" \/><\/a>Mais le plus g\u00e9nial dans ce reportage, c\u2019est que <strong>le journaliste infiltr\u00e9 de C8 en a malencontreusement trahi un autre\u00a0!<\/strong><\/p>\n<p><a href=\"http:\/\/blog.causeur.fr\/lavoixdenosmaitres\/files\/2017\/03\/la-nouvelle-recrue.jpg\"><img loading=\"lazy\" decoding=\"async\" class=\"aligncenter size-full wp-image-409\" title=\"la nouvelle recrue\" src=\"http:\/\/blog.causeur.fr\/lavoixdenosmaitres\/files\/2017\/03\/la-nouvelle-recrue.jpg\" alt=\"\" width=\"621\" height=\"336\" srcset=\"https:\/\/blog.causeur.fr\/lavoixdenosmaitres\/wp-content\/uploads\/sites\/27\/2017\/03\/la-nouvelle-recrue.jpg 621w, https:\/\/blog.causeur.fr\/lavoixdenosmaitres\/wp-content\/uploads\/sites\/27\/2017\/03\/la-nouvelle-recrue-300x162.jpg 300w, https:\/\/blog.causeur.fr\/lavoixdenosmaitres\/wp-content\/uploads\/sites\/27\/2017\/03\/la-nouvelle-recrue-500x270.jpg 500w\" sizes=\"auto, (max-width: 621px) 100vw, 621px\" \/><\/a>C\u2019est le fameux fasciste caricatural qui a fait le buzz (il appara\u00eet \u00e0 18:43). <strong>Des gens l\u2019accusent d\u2019avoir \u00e9t\u00e9 pay\u00e9 par C8. Quelle id\u00e9e\u00a0! Il para\u00eet \u00e9vident qu&rsquo;il est avec l&rsquo;\u00e9quipe des journalistes allemands.<\/strong> Regardez l\u2019extrait. C\u2019est gros comme une maison. Il arrive quelques heures avant les cam\u00e9ras des Japonais et des Allemands\u00a0! <strong>Quelques heures\u00a0!<\/strong> Mais \u00e9videmment, les t\u00e9l\u00e9spectateurs allemands ne sont pas cens\u00e9s savoir qu\u2019il est arriv\u00e9 quelques heures avant. Comme le dira la voix off\u00a0: \u00ab\u00a0la s\u00e9quence est cens\u00e9e n\u2019\u00eatre diffus\u00e9e qu\u2019\u00e0 l\u2019\u00e9tranger\u00a0\u00bb. La \u00ab\u00a0s\u00e9quence\u00a0\u00bb en question ne contenait pas l\u2019arriv\u00e9e du facho puisque les cam\u00e9ras \u00e9trang\u00e8res n\u2019\u00e9taient pas encore l\u00e0. <strong>Les journalistes allemands ne pouvaient pas se douter qu\u2019un autre journaliste \u00e9tait d\u00e9j\u00e0 dans la place, lequel allait, sans intention maligne, r\u00e9v\u00e9ler la supercherie.<\/strong> Les Japonais acceptent de retirer la s\u00e9quence, pas les Allemands, la dame expliquant m\u00eame que \u00ab c\u2019est \u00e7a qui nous int\u00e9resse\u00a0\u00bb. Ben tiens\u00a0!<\/p>\n<p>Une fois seuls (croient-ils) les militants du FNJ ont cette remarque tellement vraie\u00a0: \u00ab\u00a0En France, on serait morts. Ils t\u2019auraient gard\u00e9 que cet extrait-l\u00e0\u00a0\u00bb. Il y a fort \u00e0 parier qu\u2019en Allemagne, ils n\u2019ont gard\u00e9 que cet extrait-l\u00e0. Et pour cause.<\/p>\n<p>Durant cet \u00e9pisode, <strong>les jeunes du FNJ sont donc probablement pris sous les tirs crois\u00e9s de deux duperies m\u00e9diatiques, une double infiltration, chacun des deux infiltr\u00e9s prenant l\u2019autre pour un vrai militant<\/strong>. Un bon sc\u00e9nario pour Hollywood.<\/p>\n<p>On rit quand on entend\u00a0Quentin Pichon (l\u2019infiltr\u00e9) commenter\u00a0: \u00ab\u00a0Cette m\u00e9fiance vis-\u00e0-vis des m\u00e9dias est historique au FN\u00a0\u00bb. On a l\u2019impression qu\u2019il la consid\u00e8re comme une vieille rengaine sans fondement, alors qu\u2019<strong>il est lui-m\u00eame, par sa simple pr\u00e9sence, en train de d\u00e9montrer que le FN n\u2019est pas assez m\u00e9fiant<\/strong>\u00a0!<\/p>\n<p>Le reste est assez fade. On d\u00e9couvre que l\u2019activit\u00e9 pr\u00e9f\u00e9r\u00e9e des identitaires, la nuit venue, ce n\u2019est pas d\u2019aller casser la gueule aux Arabes mais de siffler des bi\u00e8res entre potes, dans des bars identitaires bien signal\u00e9s par la pr\u00e9sence d\u2019un drapeau (pas tr\u00e8s discrets, donc), et en tenant les m\u00eames propos que mon chauffeur de taxi l\u2019autre jour. Je pose donc la question\u00a0: <strong>en termes de contenu informationnel, quel est le r\u00e9sultat de cette infiltration de deux mois\u00a0?<\/strong><\/p>\n<p>Je laisse \u00e0 mes lecteurs le soin de r\u00e9pondre, apr\u00e8s visionnage. Apr\u00e8s tout, certaines choses ont pu m\u2019\u00e9chapper. Mais je vous pr\u00e9viens, si vous attendez le conseil de guerre des n\u00e9onazis, ou m\u00eame l\u2019expos\u00e9 d\u2019une th\u00e9orie des races en bonne et due forme, vous allez \u00eatre tr\u00e8s d\u00e9\u00e7us.<\/p>\n<p>L&rsquo;usage veut que si l&rsquo;on critique ce type de reportages, on ait soin de pr\u00e9ciser qu&rsquo;on n&rsquo;\u00e9prouve aucune sympathie pour les gens qu&rsquo;on y voit. Je sacrifie \u00e0 cet usage avec une radicalit\u00e9 particuli\u00e8re puisque, pour ma part, qu&rsquo;ils soient de droite ou de gauche, les morveux arrogants et les musclors aux id\u00e9es courtes n&rsquo;ont jamais \u00e9t\u00e9 ma tasse de th\u00e9.<\/p>\n<p>Et pourtant, comment dire\u2026<\/p>\n<p>Quand j\u2019\u00e9tais en kh\u00e2gne (comme Bryan Masson, voil\u00e0 qui est compromettant), pour me changer les id\u00e9es, j\u2019\u00e9tais all\u00e9e voir un film qui venait de sortir\u00a0au cin\u00e9ma : Fast and Furious 1. Dans ce film, un flic, jou\u00e9 par Paul Walker, est charg\u00e9 d\u2019enqu\u00eater en infiltration dans un gang dont le chef est Vin Diesel. Les membres de ce gang ne sont pas des tendres. Et le jeune flic se retrouve confront\u00e9 \u00e0 des situations violentes. Je me souviens d\u2019un type \u00e0 qui on fait boire de l\u2019essence et tout. Mais le jour o\u00f9 Vin Diesel<a href=\"http:\/\/blog.causeur.fr\/lavoixdenosmaitres\/files\/2017\/03\/vin-diesel1.jpg\"><img loading=\"lazy\" decoding=\"async\" class=\"alignright size-full wp-image-413\" title=\"vin-diesel\" src=\"http:\/\/blog.causeur.fr\/lavoixdenosmaitres\/files\/2017\/03\/vin-diesel1.jpg\" alt=\"\" width=\"378\" height=\"212\" srcset=\"https:\/\/blog.causeur.fr\/lavoixdenosmaitres\/wp-content\/uploads\/sites\/27\/2017\/03\/vin-diesel1.jpg 378w, https:\/\/blog.causeur.fr\/lavoixdenosmaitres\/wp-content\/uploads\/sites\/27\/2017\/03\/vin-diesel1-300x168.jpg 300w\" sizes=\"auto, (max-width: 378px) 100vw, 378px\" \/><\/a> d\u00e9couvre que Paul Walker est un infiltr\u00e9, il est tr\u00e8s f\u00e2ch\u00e9 et se sent abominablement trahi. Et vous savez quoi\u00a0? Le spectateur partage totalement ce sentiment de r\u00e9volte. Nous savons que le gentil, c\u2019est le flic, et qu\u2019il a agi pour le bien de tous. Nous savons aussi que les types du gang sont des affreux, des m\u00e9chants, violents et sadiques, et que leur place est en prison. Et pourtant, \u00e0 cause de la m\u00e9thode employ\u00e9e par le flic, nous ressentons pour eux une forme d\u2019empathie et nous trouvons que ce faux fr\u00e8re est un immonde salaud. Vous me direz, dans le film, l\u2019infiltr\u00e9 en a profit\u00e9 pour coucher avec la s\u0153ur du chef de gang si mes souvenirs sont bons. Circonstance aggravante, je vous l\u2019accorde. L\u2019histoire ne dit pas si Quentin Pichon est all\u00e9 jusqu\u2019\u00e0 draguer la s\u0153ur de Bryan Masson.<\/p>\n<p>Pour ma part, je ne me demande pas combien de voix ce reportage va faire perdre au FN mais combien il va lui en faire gagner. Et je parie sur\u2026 beaucoup.<\/p>\n<p>Question subsidiaire, suis-je la seule \u00e0 trouver que, m\u00eame de dos, Quentin Pichon n&rsquo;est pas cr\u00e9dible en jeune aspirant identitaire?<br \/>\n<a href=\"http:\/\/blog.causeur.fr\/lavoixdenosmaitres\/files\/2017\/03\/quentin-pichon1.jpg\"><img loading=\"lazy\" decoding=\"async\" class=\"alignright size-medium wp-image-414\" title=\"quentin pichon\" src=\"http:\/\/blog.causeur.fr\/lavoixdenosmaitres\/files\/2017\/03\/quentin-pichon1-300x169.jpg\" alt=\"\" width=\"300\" height=\"169\" srcset=\"https:\/\/blog.causeur.fr\/lavoixdenosmaitres\/wp-content\/uploads\/sites\/27\/2017\/03\/quentin-pichon1-300x169.jpg 300w, https:\/\/blog.causeur.fr\/lavoixdenosmaitres\/wp-content\/uploads\/sites\/27\/2017\/03\/quentin-pichon1-500x282.jpg 500w, https:\/\/blog.causeur.fr\/lavoixdenosmaitres\/wp-content\/uploads\/sites\/27\/2017\/03\/quentin-pichon1.jpg 631w\" sizes=\"auto, (max-width: 300px) 100vw, 300px\" \/><\/a><a href=\"http:\/\/blog.causeur.fr\/lavoixdenosmaitres\/files\/2017\/03\/quentin-pichon-21.jpg\"><img loading=\"lazy\" decoding=\"async\" class=\"alignleft size-medium wp-image-415\" title=\"quentin pichon 2\" src=\"http:\/\/blog.causeur.fr\/lavoixdenosmaitres\/files\/2017\/03\/quentin-pichon-21-300x280.jpg\" alt=\"\" width=\"300\" height=\"280\" srcset=\"https:\/\/blog.causeur.fr\/lavoixdenosmaitres\/wp-content\/uploads\/sites\/27\/2017\/03\/quentin-pichon-21-300x280.jpg 300w, https:\/\/blog.causeur.fr\/lavoixdenosmaitres\/wp-content\/uploads\/sites\/27\/2017\/03\/quentin-pichon-21-321x300.jpg 321w, https:\/\/blog.causeur.fr\/lavoixdenosmaitres\/wp-content\/uploads\/sites\/27\/2017\/03\/quentin-pichon-21.jpg 331w\" sizes=\"auto, (max-width: 300px) 100vw, 300px\" \/><\/a><\/p>\n","protected":false},"excerpt":{"rendered":"<p>Les tribulations sans int\u00e9r\u00eat de Quentin Pichon au pays des fachos Je suis ob\u00e9issante. Face aux repr\u00e9sentants du FN qui critiquaient la d\u00e9marche consistant \u00e0 envoyer un infiltr\u00e9 dans la section ni\u00e7oise du FNJ (Front National de la Jeunesse), les journalistes nous encourageaient \u00e0 nous faire notre propre opinion en regardant le reportage en question. [&hellip;]<\/p>\n","protected":false},"author":7,"featured_media":0,"comment_status":"open","ping_status":"open","sticky":false,"template":"","format":"standard","meta":{"footnotes":""},"categories":[9],"tags":[165,168,167,166],"class_list":{"0":"post-401","1":"post","2":"type-post","3":"status-publish","4":"format-standard","6":"category-articles","7":"tag-c8","8":"tag-fnj","9":"tag-infiltration","10":"tag-quentin-pichon"},"_links":{"self":[{"href":"https:\/\/blog.causeur.fr\/lavoixdenosmaitres\/wp-json\/wp\/v2\/posts\/401","targetHints":{"allow":["GET"]}}],"collection":[{"href":"https:\/\/blog.causeur.fr\/lavoixdenosmaitres\/wp-json\/wp\/v2\/posts"}],"about":[{"href":"https:\/\/blog.causeur.fr\/lavoixdenosmaitres\/wp-json\/wp\/v2\/types\/post"}],"author":[{"embeddable":true,"href":"https:\/\/blog.causeur.fr\/lavoixdenosmaitres\/wp-json\/wp\/v2\/users\/7"}],"replies":[{"embeddable":true,"href":"https:\/\/blog.causeur.fr\/lavoixdenosmaitres\/wp-json\/wp\/v2\/comments?post=401"}],"version-history":[{"count":0,"href":"https:\/\/blog.causeur.fr\/lavoixdenosmaitres\/wp-json\/wp\/v2\/posts\/401\/revisions"}],"wp:attachment":[{"href":"https:\/\/blog.causeur.fr\/lavoixdenosmaitres\/wp-json\/wp\/v2\/media?parent=401"}],"wp:term":[{"taxonomy":"category","embeddable":true,"href":"https:\/\/blog.causeur.fr\/lavoixdenosmaitres\/wp-json\/wp\/v2\/categories?post=401"},{"taxonomy":"post_tag","embeddable":true,"href":"https:\/\/blog.causeur.fr\/lavoixdenosmaitres\/wp-json\/wp\/v2\/tags?post=401"}],"curies":[{"name":"wp","href":"https:\/\/api.w.org\/{rel}","templated":true}]}}