{"id":427,"date":"2017-03-28T21:49:56","date_gmt":"2017-03-28T21:49:56","guid":{"rendered":"http:\/\/blog.causeur.fr\/lavoixdenosmaitres\/?p=427"},"modified":"2021-04-23T15:35:14","modified_gmt":"2021-04-23T13:35:14","slug":"aphatie-veille-sur-le-copyright-des-slogans-frontistes","status":"publish","type":"post","link":"https:\/\/blog.causeur.fr\/lavoixdenosmaitres\/aphatie-veille-sur-le-copyright-des-slogans-frontistes-427","title":{"rendered":"Aphatie veille sur le copyright des slogans frontistes"},"content":{"rendered":"<p style=\"text-align: left;\"><strong><a href=\"http:\/\/blog.causeur.fr\/lavoixdenosmaitres\/files\/2017\/03\/R1.png\"><img loading=\"lazy\" decoding=\"async\" class=\"aligncenter size-medium wp-image-431\" title=\"R\" src=\"http:\/\/blog.causeur.fr\/lavoixdenosmaitres\/files\/2017\/03\/R1-300x300.png\" alt=\"\" width=\"300\" height=\"300\" srcset=\"https:\/\/blog.causeur.fr\/lavoixdenosmaitres\/wp-content\/uploads\/sites\/27\/2017\/03\/R1-300x300.png 300w, https:\/\/blog.causeur.fr\/lavoixdenosmaitres\/wp-content\/uploads\/sites\/27\/2017\/03\/R1-150x150.png 150w, https:\/\/blog.causeur.fr\/lavoixdenosmaitres\/wp-content\/uploads\/sites\/27\/2017\/03\/R1-1024x1024.png 1024w, https:\/\/blog.causeur.fr\/lavoixdenosmaitres\/wp-content\/uploads\/sites\/27\/2017\/03\/R1.png 2000w\" sizes=\"auto, (max-width: 300px) 100vw, 300px\" \/><\/a>Jean-Luc M\u00e9lenchon n&rsquo;a pas le droit de vouloir rendre la France aux Fran\u00e7ais.<!--more--><\/strong><\/p>\n<p>A la fin du d\u00e9bat de l&rsquo;autre jour, sur TF1, le pr\u00e9sident du mouvement \u00ab\u00a0la France insoumise\u00a0\u00bb qui, soit dit en passant, s&rsquo;est montr\u00e9 globalement plus convaincant, plus p\u00e9dagogue et plus cr\u00e9dible que les autres candidats (ce qui a amen\u00e9 certains commentateurs \u00e0 consid\u00e9rer qu&rsquo;il avait \u00ab\u00a0gagn\u00e9 le d\u00e9bat\u00a0\u00bb, <a title=\"\u00ab\u00a0Qui a gagn\u00e9 le d\u00e9bat?\u00a0\u00bb\" href=\"http:\/\/blog.causeur.fr\/lavoixdenosmaitres\/qui-a-gagne-le-debat-00331.html\" target=\"_blank\" rel=\"noopener\">voir mon post au sujet de cette expression<\/a>), s&rsquo;est exprim\u00e9 ainsi :<br \/>\n<iframe loading=\"lazy\" src=\"https:\/\/www.youtube.com\/embed\/lWL_pgjhFA4\" frameborder=\"0\" width=\"560\" height=\"315\"><\/iframe><\/p>\n<p>&nbsp;<\/p>\n<p>Ce lundi matin sur France Info, Jean-Michel Aphatie et ses acolytes recevaient Raquel Garrido, la porte-parole de M\u00e9lenchon.<\/p>\n<p><iframe loading=\"lazy\" src=\"\/\/www.dailymotion.com\/embed\/video\/x5gdm2d\" frameborder=\"0\" width=\"480\" height=\"270\"><\/iframe><br \/>\n<a href=\"http:\/\/www.dailymotion.com\/video\/x5gdm2d_crise-en-guyane-raquel-garrido-denonce-l-absence-de-dignite-politique-du-gouvernement_news\" target=\"_blank\" rel=\"noopener\">Crise en Guyane : Raquel Garrido d\u00e9nonce l&#8230;<\/a> <em>par <a href=\"http:\/\/www.dailymotion.com\/franceinfo\" target=\"_blank\" rel=\"noopener\">franceinfo<\/a><\/em><\/p>\n<p>D&#8217;embl\u00e9e, elle m&rsquo;a plu quand, \u00e0 la question \u00ab\u00a0croyez-vous au cabinet noir?\u00a0\u00bb, elle a r\u00e9pondu, <strong>\u00ab\u00a0je n&rsquo;en sais rien, je suis comme tout le monde, je suis comme vous\u00a0\u00bb<\/strong>.<\/p>\n<p>Vous n&rsquo;en savez rien, dit-elle.<\/p>\n<p>C&rsquo;est absolument vrai. Pourtant <strong>Aphatie et tous ses confr\u00e8res aimeraient se persuader, et nous persuader, qu&rsquo;il n&rsquo;y a pas de cabinet noir. Sans m\u00eame v\u00e9rifier<\/strong>. Et l\u00e0 r\u00e9side le probl\u00e8me : ils ne veulent pas prendre le risque de v\u00e9rifier parce qu&rsquo;ils ne veulent pas avoir \u00e0 constater, le cas \u00e9ch\u00e9ant, que ce cabinet noir existe. V\u00e9rifier signifierait envisager la possibilit\u00e9 qu&rsquo;il y ait un cabinet noir de l\u2019\u00c9lys\u00e9e. Par suite, cela impliquerait \u00e9galement de s&rsquo;interroger sur l&rsquo;instrumentalisation de la presse dans l&rsquo;utilisation des \u00ab\u00a0affaires\u00a0\u00bb par le pouvoir.<\/p>\n<p>Raquel Garrido me pla\u00eet encore, \u00e0 12:20, lorsqu&rsquo;<strong>elle d\u00e9nonce l&rsquo;opacit\u00e9 m\u00e9thodologique des sondages, sous le regard dubitatif d&rsquo;un Aphatie qui donne l&rsquo;impression de ne s&rsquo;\u00eatre jamais interrog\u00e9 sur la question<\/strong>, pas plus que sur l&rsquo;existence d&rsquo;un cabinet noir.<\/p>\n<p>Mais le meilleur moment de l&rsquo;\u00e9mission est celui-ci (\u00e0 partir de 13:33) :<\/p>\n<blockquote><p>JM Aphatie: \u00ab\u00a0Rendre la France aux Fran\u00e7ais\u00a0\u00bb, \u00e7a nous a un peu \u00e9corch\u00e9 l&rsquo;oreille, pour tout vous dire. On croyait que ce slogan \u00e9tait \u00e0 un autre parti.<\/p>\n<p>R Garrido: Eh bien, il faut pas. Parce que cela renvoie \u00e0 la notion de souverainet\u00e9. Vous avez une extr\u00eame droite, en France et en Europe, qui con\u00e7oit la souverainet\u00e9 comme une notion de fronti\u00e8re inter\u00e9tatique, et qui l&rsquo;accompagne d&rsquo;une vision de soci\u00e9t\u00e9 qui serait des nations ethniques, voil\u00e0. Nous, au contraire, nous sommes fid\u00e8les \u00e0 l&rsquo;id\u00e9e d&rsquo;une nation civique.<\/p>\n<p>JM Aphatie: Excusez-moi, rendre la France aux Fran\u00e7ais, \u00e7a veut dire que les Fran\u00e7ais ne sont plus ma\u00eetres chez eux, donc c&rsquo;est la m\u00eame expression que Marine Le Pen.<\/p><\/blockquote>\n<p>Je pourrais poursuivre la transcription mais je trouve cet extrait <strong>particuli\u00e8rement symptomatique du fonctionnement de l&rsquo;esprit d&rsquo;un grand nombre de journalistes<\/strong>.<\/p>\n<p>1. Ils r\u00e9agissent \u00e0 des mots, \u00e0 des formules: certains mots deviennent naus\u00e9abonds parce qu&rsquo;ils ont transit\u00e9 par la bouche d&rsquo;individus naus\u00e9abonds, c&rsquo;est aussi simple que cela.<\/p>\n<p>2. Ils se fichent royalement des explications et des subtilit\u00e9s. Aphatie n&rsquo;a que faire de la r\u00e9ponse de Raquel Garrido. Il se doute bien que M\u00e9lenchon n&rsquo;entend pas cette expression dans le m\u00eame sens que Marine Le Pen mais <strong>ce qui importe, pour lui, c&rsquo;est \u00ab\u00a0vous avez dit les m\u00eames mots que Le Pen\u00a0\u00bb<\/strong>.<\/p>\n<div id=\"ligne\"><\/div>\n<p>En fait, <strong>\u00ab\u00a0La France aux Fran\u00e7ais\u00a0\u00bb est une lapalissade. On ne va pas souhaiter donner la France aux Anglais.<\/strong> <strong>Cette formule puise donc sa puissance de provocation, non dans son contenu imm\u00e9diat, mais dans ses pr\u00e9suppos\u00e9s, qui peuvent varier d&rsquo;un \u00e9nonciateur \u00e0 l&rsquo;autre<\/strong>, l&rsquo;id\u00e9e de base \u00e9tant : les Fran\u00e7ais sont en train d&rsquo;\u00eatre d\u00e9poss\u00e9d\u00e9s de leur pays, il faut donc leur rendre le pouvoir.<\/p>\n<p>\u00c9videmment, <strong>Jean-Luc M\u00e9lenchon fait expr\u00e8s de reprendre l&rsquo;expression frontiste<\/strong>, <strong>ce n&rsquo;est pas un \u00ab\u00a0d\u00e9rapage\u00a0\u00bb, comme semble l&rsquo;insinuer Aphatie.<\/strong> Il veut montrer qu&rsquo;il n&rsquo;ignore pas ce sentiment de d\u00e9possession. Mais alors que le FN met en \u00e9vidence un conflit culturel, voire ethnique, M\u00e9lenchon porte l&rsquo;affrontement sur le terrain \u00e9conomique et politique. <strong>Le Pen impute ce sentiment de d\u00e9possession \u00e0 l&rsquo;immigration, quand M\u00e9lenchon cible une \u00ab\u00a0oligarchie\u00a0\u00bb de poss\u00e9dants tyranniques<\/strong>. Bien entendu, ce slogan repose sur une distinction implicite entre les vrais et les faux Fran\u00e7ais. Aphatie joue les idiots en demandant si l&rsquo;oligarchie ainsi vis\u00e9e est fran\u00e7aise. C&rsquo;est exactement comme lorsque les commentateurs objectent aux repr\u00e9sentants du FN que les immigr\u00e9s sont, pour beaucoup, de nationalit\u00e9 fran\u00e7aise. <strong>Ce que dit \u00ab\u00a0la France aux Fran\u00e7ais\u00a0\u00bb, c&rsquo;est que tout en \u00e9tant administrativement fran\u00e7ais, on peut \u00eatre au service d&rsquo;une cause contraire aux int\u00e9r\u00eats de la nation<\/strong>.<\/p>\n<p><strong>On appr\u00e9ciera la condescendance avec laquelle Aphatie traite le projet de VI\u00e8me R\u00e9publique port\u00e9 par Jean-Luc M\u00e9lenchon<\/strong>, encore une fois en feignant de ne pas comprendre ce que dit la porte-parole de celui-ci. Elle exprime l&rsquo;id\u00e9e que, selon la grille d&rsquo;analyse de M\u00e9lenchon, si Marine Le Pen prenait le pouvoir, la France ne serait pas rendue au Fran\u00e7ais puisque la d\u00e9mocratie demeurerait restreinte par le pouvoir d&rsquo;un pr\u00e9sident monarque. Cette r\u00e9ponse est pleinement en prise avec la question d&rsquo;Aphatie puisqu&rsquo;elle pr\u00e9sente le slogan frontiste comme mensonger dans la bouche de Marine Le Pen. Encore une fois, Garrido rencontre une r\u00e9action, il faut bien le dire, m\u00e9diocre :<\/p>\n<blockquote><p>Enfin la VI\u00e8me R\u00e9publique, \u00e7a ne peut pas tout r\u00e9sumer.<\/p><\/blockquote>\n<p><strong>Elle n&rsquo;a jamais dit que cela r\u00e9sumait tout, elle estime juste que cela r\u00e9pond \u00e0 la question qui lui a \u00e9t\u00e9 pos\u00e9e<\/strong>. Donc, r\u00e9plique b\u00eate&#8230; qui vire au m\u00e9pris quand Aphatie se moque de ce projet politique en sous-entendant qu&rsquo;il est totalement irr\u00e9alisable, sinon contraire \u00e0 la marche du temps (voir d\u00e9j\u00e0 les sourires et le \u00ab\u00a0ouiouioui\u00a0\u00bb sceptique \u00e0 15:32) :<\/p>\n<blockquote><p>On en reparlera dans vingt ans, j&rsquo;esp\u00e8re que je serai l\u00e0 encore.<\/p><\/blockquote>\n<p>Le propre du futur est qu&rsquo;il n&rsquo;est pas \u00e9crit. <strong>Qui peut dire ce que sera la France dans vingt ans ? Aphatie, apparemment<\/strong>. Il se projette dans une sorte de pr\u00e9sent permanent et semble croire que, la France \u00e9tant arriv\u00e9e au bout de son histoire, la cinqui\u00e8me R\u00e9publique sera son dernier r\u00e9gime, vou\u00e9 \u00e0 tenir pour les si\u00e8cles \u00e0 venir. Si l&rsquo;on comprend que cette vision des choses emp\u00eache d&rsquo;\u00e9couter avec s\u00e9rieux une femme politique qui plaide pour un changement de r\u00e9publique, on comprend encore mieux, d\u00e8s lors, pourquoi les repr\u00e9sentants de la cause royaliste en France sont totalement ignor\u00e9s par les m\u00e9dias&#8230;<\/p>\n<p>Le moment o\u00f9 les journalistes de France Info essaient de faire dire \u00e0 Raquel Garrido que l&rsquo;oligarchie serait \u00ab\u00a0apatride\u00a0\u00bb est pitoyable. Elle commence par r\u00e9pondre que oui, parce qu&rsquo;elle ne voit manifestement pas l&rsquo;int\u00e9r\u00eat de la question, puis elle se ravise, sentant le pi\u00e8ge. <strong>S&rsquo;ils lui avaient sugg\u00e9r\u00e9 \u00ab\u00a0hors-sol\u00a0\u00bb, elle aurait valid\u00e9 ; c&rsquo;est moins connot\u00e9 et c&rsquo;est \u00e0 la mode. Mais ils proposent \u00ab\u00a0apatrides\u00a0\u00bb. Il s&rsquo;agit, \u00e0 l&rsquo;\u00e9vidence, d&rsquo;en appeler \u00e0 la veine anti-juive d&rsquo;un communisme \u00e0 l&rsquo;ancienne traquant les juifs apatrides pleins aux as.<\/strong> Les journalistes vivent vraiment dans le pass\u00e9 ! Quand elle comprend les motivations de cette avalanche de questions ridicules (le but est de la pousser au d\u00e9rapage), Raquel Garrido traite ses interlocuteurs avec une moquerie bienvenue :<\/p>\n<blockquote><p>Voyez-le au sens de 99% \/ 1% [&#8230;]. Rendons la France aux 99% des Fran\u00e7ais, si vous voulez. Vous pr\u00e9f\u00e9rez comme \u00e7a ? \u00c7a vous rassure? Parce que c&rsquo;\u00e9tait quoi votre crainte, dans le fond ? C&rsquo;est qu&rsquo;on soit devenus du jour au lendemain des racistes, c&rsquo;est \u00e7a ?<\/p><\/blockquote>\n<p>Bien s\u00fbr que non, Aphatie ne croit pas que M\u00e9lenchon soit devenu raciste. Comme beaucoup de journalistes, il adopte la posture de l&rsquo;interrogateur tatillon, donne l&rsquo;impression de pousser les gens dans leurs retranchements mais ne fait qu&rsquo;essayer de les amener \u00e0 la faute en leur faisant prononcer des mots interdits, f\u00fbt-ce contre leur propre pens\u00e9e. On peut donc estimer que le tiers de l&rsquo;interview n&rsquo;a aucun int\u00e9r\u00eat, et c&rsquo;est bien ainsi que Raquel Garrido semble vivre cette s\u00e9quence.<\/p>\n<p>Mais en r\u00e9alit\u00e9, cet \u00e9change a un int\u00e9r\u00eat du point de vue de la mission de moralisation du discours public qui est celle de tout \u00ab\u00a0bon\u00a0\u00bb journaliste. Il offre \u00e0 Aphatie <strong>l&rsquo;occasion de rappeler la r\u00e8gle en vertu de laquelle certains mots sont interdits, quel que soit le sens qu&rsquo;on leur donne. Il y a des mots qui puent.<\/strong><\/p>\n","protected":false},"excerpt":{"rendered":"<p>Jean-Luc M\u00e9lenchon n&rsquo;a pas le droit de vouloir rendre la France aux Fran\u00e7ais.<\/p>\n","protected":false},"author":7,"featured_media":0,"comment_status":"open","ping_status":"open","sticky":false,"template":"","format":"standard","meta":{"footnotes":""},"categories":[9],"tags":[176,29,103,151,137,174,175],"class_list":{"0":"post-427","1":"post","2":"type-post","3":"status-publish","4":"format-standard","6":"category-articles","7":"tag-fn","8":"tag-franceinfo","9":"tag-jean-michel-aphatie","10":"tag-le-pen","11":"tag-melenchon","12":"tag-raquel-garrido","13":"tag-slogan"},"_links":{"self":[{"href":"https:\/\/blog.causeur.fr\/lavoixdenosmaitres\/wp-json\/wp\/v2\/posts\/427","targetHints":{"allow":["GET"]}}],"collection":[{"href":"https:\/\/blog.causeur.fr\/lavoixdenosmaitres\/wp-json\/wp\/v2\/posts"}],"about":[{"href":"https:\/\/blog.causeur.fr\/lavoixdenosmaitres\/wp-json\/wp\/v2\/types\/post"}],"author":[{"embeddable":true,"href":"https:\/\/blog.causeur.fr\/lavoixdenosmaitres\/wp-json\/wp\/v2\/users\/7"}],"replies":[{"embeddable":true,"href":"https:\/\/blog.causeur.fr\/lavoixdenosmaitres\/wp-json\/wp\/v2\/comments?post=427"}],"version-history":[{"count":0,"href":"https:\/\/blog.causeur.fr\/lavoixdenosmaitres\/wp-json\/wp\/v2\/posts\/427\/revisions"}],"wp:attachment":[{"href":"https:\/\/blog.causeur.fr\/lavoixdenosmaitres\/wp-json\/wp\/v2\/media?parent=427"}],"wp:term":[{"taxonomy":"category","embeddable":true,"href":"https:\/\/blog.causeur.fr\/lavoixdenosmaitres\/wp-json\/wp\/v2\/categories?post=427"},{"taxonomy":"post_tag","embeddable":true,"href":"https:\/\/blog.causeur.fr\/lavoixdenosmaitres\/wp-json\/wp\/v2\/tags?post=427"}],"curies":[{"name":"wp","href":"https:\/\/api.w.org\/{rel}","templated":true}]}}