{"id":446,"date":"2017-04-10T15:43:03","date_gmt":"2017-04-10T15:43:03","guid":{"rendered":"http:\/\/blog.causeur.fr\/lavoixdenosmaitres\/?p=446"},"modified":"2021-04-23T15:35:14","modified_gmt":"2021-04-23T13:35:14","slug":"en-hausse-en-baisse","status":"publish","type":"post","link":"https:\/\/blog.causeur.fr\/lavoixdenosmaitres\/en-hausse-en-baisse-446","title":{"rendered":"\u00ab\u00a0En hausse\u00a0\u00bb \/ \u00ab\u00a0en baisse\u00a0\u00bb"},"content":{"rendered":"<p>Marre des barom\u00e8tres \u00e0 crit\u00e8res variables.<\/p>\n<p><a href=\"http:\/\/blog.causeur.fr\/lavoixdenosmaitres\/files\/2017\/04\/vieux-barom\u00e8tre1.jpg\"><img loading=\"lazy\" decoding=\"async\" class=\"size-medium wp-image-456 aligncenter\" title=\"vieux barom\u00e8tre\" src=\"http:\/\/blog.causeur.fr\/lavoixdenosmaitres\/files\/2017\/04\/vieux-barom\u00e8tre1-123x300.jpg\" alt=\"\" width=\"123\" height=\"300\" \/><\/a><\/p>\n<p>S&rsquo;il est habituel de pester contre les sondages, il me semble que l&rsquo;on devrait commencer par prohiber tous les classements qui nous disent qui est \u00ab\u00a0en hausse\u00a0\u00bb et qui est \u00ab\u00a0en baisse\u00a0\u00bb, sur la base de crit\u00e8res diff\u00e9rents pour chaque individu \u00e9valu\u00e9.<!--more--><\/p>\n<p>Ces barom\u00e8tres qui <strong>ne rendent compte que de l&rsquo;humeur et des opinions de ceux qui les \u00e9tablissent<\/strong> ne se donnent pas, contrairement aux sondages, l&rsquo;excuse de la scientificit\u00e9. Mais ils s&rsquo;en donnent l&rsquo;aspect, avec de grosses fl\u00e8ches p\u00e9remptoires.<\/p>\n<p>Pour un m\u00eame propos, telle personne sera jug\u00e9e \u00ab\u00a0en hausse\u00a0\u00bb dans certains journaux et \u00ab\u00a0en baisse\u00a0\u00bb, dans d&rsquo;autres, selon que l&rsquo;on consid\u00e8rera sa phrase comme \u00ab\u00a0courageuse\u00a0\u00bb ou \u00ab\u00a0choquante\u00a0\u00bb, le crit\u00e8re d\u00e9terminant \u00e9tant la ligne id\u00e9ologique du m\u00e9dia. Il va de soi que, dans ce cas, le barom\u00e8tre n&rsquo;a strictement aucun int\u00e9r\u00eat, si ce n&rsquo;est celui de flatter l&rsquo;ego du lecteur en lui donnant l&rsquo;impression que sa propre appr\u00e9ciation est valid\u00e9e par un dispositif d&rsquo;allure rigoureuse, et donc par des experts.<\/p>\n<p>Mais que dire quand des m\u00e9dias aussi peu engag\u00e9s, th\u00e9oriquement, qu&rsquo;un quotidien gratuit distribu\u00e9 dans le m\u00e9tro proposent des barom\u00e8tres de ce type, en d\u00e9calage manifeste avec la perception commune des \u00e9v\u00e9nements ? Voici un barom\u00e8tre trouv\u00e9 dans <em>CNews Matin<\/em> le mercredi 5 avril, soit le lendemain du <a title=\"Confiscation m\u00e9diatique : la campagne r\u00e9duite aux d\u00e9bats t\u00e9l\u00e9vis\u00e9s\" href=\"http:\/\/blog.causeur.fr\/lavoixdenosmaitres\/confiscation-mediatique-campagne-reduite-aux-debats-00448.html\" target=\"_blank\" rel=\"noopener\">fameux d\u00e9bat<\/a> :<\/p>\n<p><a href=\"http:\/\/blog.causeur.fr\/lavoixdenosmaitres\/files\/2017\/04\/Scan_20170410.jpg\"><img loading=\"lazy\" decoding=\"async\" class=\"size-full wp-image-453 aligncenter\" title=\"Scan_20170410\" src=\"http:\/\/blog.causeur.fr\/lavoixdenosmaitres\/files\/2017\/04\/Scan_20170410.jpg\" alt=\"\" width=\"275\" height=\"801\" \/><\/a><\/p>\n<p>Il ne s&rsquo;agit nullement d&rsquo;\u00e9valuer des intentions de vote. Les grosses fl\u00e8ches indiquent des mouvements, somme toute, assez circonscrits. C&rsquo;est la premi\u00e8re observation que l&rsquo;on peut faire.<\/p>\n<div id=\"ligne\"><\/div>\n<p>Ensuite, on constate que l&rsquo;\u00e9valuation de Fran\u00e7ois Fillon repose sur les donn\u00e9es d&rsquo;une enqu\u00eate d&rsquo;opinion men\u00e9e par l&rsquo;Ifop. C&rsquo;est le regard des citoyens sur le candidat qui a \u00e9t\u00e9 interrog\u00e9, sous un angle particulier, celui de la \u00ab\u00a0stature de pr\u00e9sident\u00a0\u00bb. Il est surprenant de voir que l&rsquo;on note avec tant d&#8217;emphase que Fillon \u00ab\u00a0s&rsquo;envole\u00a0\u00bb chez les sympathisants de droite alors que l&rsquo;on pourrait, \u00e0 l&rsquo;inverse, constater que pr\u00e8s de 20% d&rsquo;entre eux consid\u00e8rent que leur candidat n&rsquo;a pas une stature de pr\u00e9sident. En outre, Fillon a \u00e9t\u00e9 \u00ab\u00a0test\u00e9\u00a0\u00bb par rapport aux quatre autres grands candidats, c&rsquo;est-\u00e0-dire qu&rsquo;il n&rsquo;y a <strong>m\u00eame pas de point de comparaison possible entre Fillon et Dupont-Aignan dans le cadre de ce sondage<\/strong>.<\/p>\n<p>Si Nicolas Dupont-Aignan est \u00ab\u00a0en baisse\u00a0\u00bb, c&rsquo;est donc sous un autre rapport. En l&rsquo;occurrence, BVA a \u00e9valu\u00e9 l&rsquo;\u00e9volution de sa pr\u00e9sence en ligne en d\u00e9comptant les apparitions de son nom sur internet. Je suis peut-\u00eatre ignare mais je me permets de <strong>demander quel est l&rsquo;int\u00e9r\u00eat de ce genre d&rsquo;\u00e9tude<\/strong>. C&rsquo;est pr\u00e9cis\u00e9ment la comparaison avec Fran\u00e7ois Fillon, sous cet aspect, qui ferait appara\u00eetre la dimension probl\u00e9matique de l&rsquo;angle choisi. A n&rsquo;en pas douter, l&rsquo;ancien Premier Ministre b\u00e9n\u00e9ficie d&rsquo;une \u00ab\u00a0pr\u00e9sence en ligne\u00a0\u00bb bien plus importante que Nicolas Dupont-Aignan mais il est absolument certain que, pour une grande part, les mentions de son patronyme qui apparaissent sur la toile ne sont pas \u00e9logieuses, pour dire le moins ! <strong>Fillon serait-il jug\u00e9 en hausse si le nombre d&rsquo;insultes \u00e0 son \u00e9gard croissait soudain dans des proportions importantes ? Oui, si l&rsquo;on suit la logique qui conduit \u00e0 juger que Nicolas Dupont-Aignan est, ici, en baisse<\/strong>. Int\u00e9ressant paradoxe.<\/p>\n<p>Ainsi, durant le Grand D\u00e9bat de la semaine derni\u00e8re, Fran\u00e7ois Fillon \u00e9tait le plus abondamment mentionn\u00e9 sur Twitter. Pourtant, comme le note <a href=\"http:\/\/www.leparisien.fr\/elections\/presidentielle\/grand-debat-quel-candidat-a-gagne-la-bataille-de-twitter-05-04-2017-6826263.php\" target=\"_blank\" rel=\"noopener\"><em>le Parisien<\/em><\/a> :<\/p>\n<blockquote><p>\u00ab\u00a0Cette premi\u00e8re place n&rsquo;est pas forc\u00e9ment une bonne nouvelle pour l&rsquo;ex-Premier Ministre : \u00e9videmment, de nombreux tweets avaient une tonalit\u00e9 n\u00e9gative\u00a0\u00bb<\/p><\/blockquote>\n<p>Surtout, le barom\u00e8tre de <em>CNews Matin<\/em> est publi\u00e9 le lendemain du fameux d\u00e9bat. Et ce qui a attir\u00e9 mon attention sur ce barom\u00e8tre, c&rsquo;est justement le caract\u00e8re surprenant du jugement qu&rsquo;il exprime, d\u00fb notamment au d\u00e9calage avec le sentiment commun. En effet, s&rsquo;il est bien possible que le nombre d&rsquo;occurrences de \u00ab\u00a0Dupont-Aignan\u00a0\u00bb ait \u00ab\u00a0chut\u00e9 entre dimanche et lundi\u00a0\u00bb (!), c&rsquo;est bien Dupont-Aignan qui s&rsquo;est d\u00e9marqu\u00e9 dans le d\u00e9bat de mardi, veille de la parution du journal, en remettant en cause, par la qualit\u00e9 de ses interventions, son assignation au statut de petit candidat. <em><a href=\"http:\/\/www.ouest-france.fr\/elections\/presidentielle\/debat-de-la-presidentielle-candidat-par-candidat-l-analyse-des-journalistes-de-ouest-france-4905287\" target=\"_blank\" rel=\"noopener\">Ouest-France<\/a><\/em> a d&rsquo;ailleurs ent\u00e9rin\u00e9 cette performance (mais sans le dire explicitement) puisque le quotidien, quand il consacre un article aux \u00ab\u00a0prestations des principaux candidats\u00a0\u00bb, inclut Dupont-Aignan dans ce groupe :<\/p>\n<p><a href=\"http:\/\/blog.causeur.fr\/lavoixdenosmaitres\/files\/2017\/04\/principaux-candidats.jpg\"><img loading=\"lazy\" decoding=\"async\" title=\"principaux candidats\" src=\"http:\/\/blog.causeur.fr\/lavoixdenosmaitres\/files\/2017\/04\/principaux-candidats.jpg\" alt=\"\" width=\"530\" height=\"395\" \/><\/a><\/p>\n<p>On se serait donc, tout naturellement, attendu \u00e0 trouver Dupont-Aignan \u00ab\u00a0en hausse\u00a0\u00bb au lendemain du d\u00e9bat, tandis que Fillon aurait pu \u00eatre d\u00e9cr\u00e9t\u00e9 \u00ab\u00a0en baisse\u00a0\u00bb pour avoir \u00e9t\u00e9 massivement mentionn\u00e9 en termes n\u00e9gatifs sur les r\u00e9seaux sociaux durant l&rsquo;\u00e9mission.<\/p>\n<p>Je ne sais pas si ce mini-barom\u00e8tre peut avoir la moindre influence sur le r\u00e9sultat du scrutin, mais si l&rsquo;on veut analyser l&rsquo;intention qui le guide, <strong>force est de constater qu&rsquo;il semble avoir pour mission de compenser un potentiel mouvement de fuite des \u00e9lecteurs de droite vers la candidature de Dupont-Aignan au d\u00e9triment de Fran\u00e7ois Fillon<\/strong> ; ph\u00e9nom\u00e8ne dont l&rsquo;ampleur, pas plus que la r\u00e9alit\u00e9, n&rsquo;est confirm\u00e9e mais que de nombreux m\u00e9dias ont \u00e9voqu\u00e9, ces derniers temps, comme une hypoth\u00e8se vraisemblable. Rappelons seulement que toute allusion \u00e0 l&rsquo;affaire P\u00e9n\u00e9lope Fillon avait, dans un premier temps, \u00e9t\u00e9 censur\u00e9e sur <em>I-t\u00e9l\u00e9<\/em> (anc\u00eatre de <em>CNews<\/em>), m\u00e9dia dirig\u00e9 par Vincent Bollor\u00e9&#8230; comme l&rsquo;est aussi <em>CNews Matin. <\/em>Un mini-barom\u00e8tre donc, qui n&rsquo;est peut-\u00eatre qu&rsquo;un minuscule rouage dans une vaste entreprise de soutien au candidat Fillon.<\/p>\n","protected":false},"excerpt":{"rendered":"<p>Marre des barom\u00e8tres \u00e0 crit\u00e8res variables. S&rsquo;il est habituel de pester contre les sondages, il me semble que l&rsquo;on devrait commencer par prohiber tous les classements qui nous disent qui est \u00ab\u00a0en hausse\u00a0\u00bb et qui est \u00ab\u00a0en baisse\u00a0\u00bb, sur la base de crit\u00e8res diff\u00e9rents pour chaque individu \u00e9valu\u00e9.<\/p>\n","protected":false},"author":7,"featured_media":0,"comment_status":"open","ping_status":"open","sticky":false,"template":"","format":"standard","meta":{"footnotes":""},"categories":[9],"tags":[186,185,184,108,63,187,177],"class_list":{"0":"post-446","1":"post","2":"type-post","3":"status-publish","4":"format-standard","6":"category-articles","7":"tag-barometre","8":"tag-bollore","9":"tag-cnews-matin","10":"tag-fillon","11":"tag-le-parisien","12":"tag-ouest-france","13":"tag-sondages"},"_links":{"self":[{"href":"https:\/\/blog.causeur.fr\/lavoixdenosmaitres\/wp-json\/wp\/v2\/posts\/446","targetHints":{"allow":["GET"]}}],"collection":[{"href":"https:\/\/blog.causeur.fr\/lavoixdenosmaitres\/wp-json\/wp\/v2\/posts"}],"about":[{"href":"https:\/\/blog.causeur.fr\/lavoixdenosmaitres\/wp-json\/wp\/v2\/types\/post"}],"author":[{"embeddable":true,"href":"https:\/\/blog.causeur.fr\/lavoixdenosmaitres\/wp-json\/wp\/v2\/users\/7"}],"replies":[{"embeddable":true,"href":"https:\/\/blog.causeur.fr\/lavoixdenosmaitres\/wp-json\/wp\/v2\/comments?post=446"}],"version-history":[{"count":0,"href":"https:\/\/blog.causeur.fr\/lavoixdenosmaitres\/wp-json\/wp\/v2\/posts\/446\/revisions"}],"wp:attachment":[{"href":"https:\/\/blog.causeur.fr\/lavoixdenosmaitres\/wp-json\/wp\/v2\/media?parent=446"}],"wp:term":[{"taxonomy":"category","embeddable":true,"href":"https:\/\/blog.causeur.fr\/lavoixdenosmaitres\/wp-json\/wp\/v2\/categories?post=446"},{"taxonomy":"post_tag","embeddable":true,"href":"https:\/\/blog.causeur.fr\/lavoixdenosmaitres\/wp-json\/wp\/v2\/tags?post=446"}],"curies":[{"name":"wp","href":"https:\/\/api.w.org\/{rel}","templated":true}]}}