{"id":481,"date":"2017-05-14T20:14:53","date_gmt":"2017-05-14T20:14:53","guid":{"rendered":"http:\/\/blog.causeur.fr\/lavoixdenosmaitres\/?p=481"},"modified":"2021-04-23T15:35:02","modified_gmt":"2021-04-23T13:35:02","slug":"non-il-ny-a-pas-eu-echange-des-codes-nucleaires","status":"publish","type":"post","link":"https:\/\/blog.causeur.fr\/lavoixdenosmaitres\/non-il-ny-a-pas-eu-echange-des-codes-nucleaires-481","title":{"rendered":"Non, il n&rsquo;y a pas eu \u00ab\u00a0\u00e9change des codes nucl\u00e9aires\u00a0\u00bb"},"content":{"rendered":"<p><a><img loading=\"lazy\" decoding=\"async\" class=\"aligncenter size-full wp-image-482\" title=\"nucl\u00e9aire\" src=\"http:\/\/blog.causeur.fr\/lavoixdenosmaitres\/files\/2017\/05\/nucl\u00e9aire.jpg\" alt=\"\" width=\"1229\" height=\"768\" srcset=\"https:\/\/blog.causeur.fr\/lavoixdenosmaitres\/wp-content\/uploads\/sites\/27\/2017\/05\/nucl\u00e9aire.jpg 1229w, https:\/\/blog.causeur.fr\/lavoixdenosmaitres\/wp-content\/uploads\/sites\/27\/2017\/05\/nucl\u00e9aire-300x187.jpg 300w, https:\/\/blog.causeur.fr\/lavoixdenosmaitres\/wp-content\/uploads\/sites\/27\/2017\/05\/nucl\u00e9aire-1024x639.jpg 1024w, https:\/\/blog.causeur.fr\/lavoixdenosmaitres\/wp-content\/uploads\/sites\/27\/2017\/05\/nucl\u00e9aire-480x300.jpg 480w\" sizes=\"auto, (max-width: 1229px) 100vw, 1229px\" \/><\/a><\/p>\n<p>Macron aurait remis des codes nucl\u00e9aires au pr\u00e9sident sortant. <em>Fake news<\/em> reprise en boucle par de nombreux m\u00e9dias.<!--more--><\/p>\n<p>&nbsp;<\/p>\n<p>Je dis \u00ab\u00a0fake news\u00a0\u00bb parce que c&rsquo;est ainsi, aujourd&rsquo;hui, que l&rsquo;on d\u00e9signe les informations mensong\u00e8res. C&rsquo;est vraiment <em>in<\/em> de le dire comme \u00e7a, on a l&rsquo;impression que c&rsquo;est un truc nouveau alors que \u00e7a a toujours exist\u00e9. Bon, en l&rsquo;occurrence, ce n&rsquo;est pas un mensonge, c&rsquo;est une bourde mais l&rsquo;effet est le m\u00eame : l&rsquo;information est fausse.<\/p>\n<p>On retrouve ici un proc\u00e9d\u00e9 que j&rsquo;ai d\u00e9j\u00e0 souvent point\u00e9 : la fausse information qui r\u00e9sulte de la mauvais utilisation d&rsquo;un mot. C&rsquo;est le verbe \u00ab\u00a0\u00e9changer\u00a0\u00bb qui vient de faire les frais de cette n\u00e9gligence malencontreuse. Par d\u00e9finition, il implique la r\u00e9ciprocit\u00e9 (cf. lors d&rsquo;un mariage, il y a \u00ab\u00a0\u00e9change des consentements\u00a0\u00bb). <\/p>\n<div id=\"ligne\"><\/div>\n<p> Or, quand Fran\u00e7ois Hollande a transmis les codes nucl\u00e9aires \u00e0 Emmanuel Macron, celui-ci n&rsquo;avait rien \u00e0 offrir en \u00e9change, et surtout pas un code nucl\u00e9aire. Il n&rsquo;y a donc pas eu \u00ab\u00a0\u00e9change des codes nucl\u00e9aires\u00a0\u00bb.<\/p>\n<p>Pourtant voici un titre du <em>Huffington Post<\/em> :<\/p>\n<p><a href=\"http:\/\/blog.causeur.fr\/lavoixdenosmaitres\/files\/2017\/05\/huff-post-\u00e9change.jpg\"><img loading=\"lazy\" decoding=\"async\" class=\"aligncenter size-full wp-image-484\" title=\"huff post \u00e9change\" src=\"http:\/\/blog.causeur.fr\/lavoixdenosmaitres\/files\/2017\/05\/huff-post-\u00e9change.jpg\" alt=\"\" width=\"970\" height=\"204\" srcset=\"https:\/\/blog.causeur.fr\/lavoixdenosmaitres\/wp-content\/uploads\/sites\/27\/2017\/05\/huff-post-\u00e9change.jpg 970w, https:\/\/blog.causeur.fr\/lavoixdenosmaitres\/wp-content\/uploads\/sites\/27\/2017\/05\/huff-post-\u00e9change-300x63.jpg 300w, https:\/\/blog.causeur.fr\/lavoixdenosmaitres\/wp-content\/uploads\/sites\/27\/2017\/05\/huff-post-\u00e9change-500x105.jpg 500w\" sizes=\"auto, (max-width: 970px) 100vw, 970px\" \/><\/a>Je suis d&rsquo;accord, c&rsquo;est un mythe&#8230;<\/p>\n<p>France Info :<\/p>\n<p><a href=\"http:\/\/blog.causeur.fr\/lavoixdenosmaitres\/files\/2017\/05\/france-info-\u00e9change.jpg\"><img loading=\"lazy\" decoding=\"async\" class=\"aligncenter size-full wp-image-485\" title=\"france info \u00e9change\" src=\"http:\/\/blog.causeur.fr\/lavoixdenosmaitres\/files\/2017\/05\/france-info-\u00e9change.jpg\" alt=\"\" width=\"894\" height=\"191\" srcset=\"https:\/\/blog.causeur.fr\/lavoixdenosmaitres\/wp-content\/uploads\/sites\/27\/2017\/05\/france-info-\u00e9change.jpg 894w, https:\/\/blog.causeur.fr\/lavoixdenosmaitres\/wp-content\/uploads\/sites\/27\/2017\/05\/france-info-\u00e9change-300x64.jpg 300w, https:\/\/blog.causeur.fr\/lavoixdenosmaitres\/wp-content\/uploads\/sites\/27\/2017\/05\/france-info-\u00e9change-500x106.jpg 500w\" sizes=\"auto, (max-width: 894px) 100vw, 894px\" \/><\/a>Un \u00ab\u00a0\u00e9change sacr\u00e9\u00a0\u00bb. Sacr\u00e9 \u00e9change, en effet&#8230;<\/p>\n<p>BFMTV :<\/p>\n<p><a href=\"http:\/\/blog.causeur.fr\/lavoixdenosmaitres\/files\/2017\/05\/bfmtv-\u00e9change.jpg\"><img loading=\"lazy\" decoding=\"async\" class=\"aligncenter size-full wp-image-486\" title=\"bfmtv \u00e9change\" src=\"http:\/\/blog.causeur.fr\/lavoixdenosmaitres\/files\/2017\/05\/bfmtv-\u00e9change.jpg\" alt=\"\" width=\"634\" height=\"100\" srcset=\"https:\/\/blog.causeur.fr\/lavoixdenosmaitres\/wp-content\/uploads\/sites\/27\/2017\/05\/bfmtv-\u00e9change.jpg 634w, https:\/\/blog.causeur.fr\/lavoixdenosmaitres\/wp-content\/uploads\/sites\/27\/2017\/05\/bfmtv-\u00e9change-300x47.jpg 300w, https:\/\/blog.causeur.fr\/lavoixdenosmaitres\/wp-content\/uploads\/sites\/27\/2017\/05\/bfmtv-\u00e9change-500x78.jpg 500w\" sizes=\"auto, (max-width: 634px) 100vw, 634px\" \/><\/a>Encore BFMTV :<\/p>\n<p><a href=\"http:\/\/blog.causeur.fr\/lavoixdenosmaitres\/files\/2017\/05\/\u00e9change2-bfmtv.jpg\"><img loading=\"lazy\" decoding=\"async\" class=\"aligncenter size-full wp-image-487\" title=\"\u00e9change2 bfmtv\" src=\"http:\/\/blog.causeur.fr\/lavoixdenosmaitres\/files\/2017\/05\/\u00e9change2-bfmtv.jpg\" alt=\"\" width=\"669\" height=\"67\" srcset=\"https:\/\/blog.causeur.fr\/lavoixdenosmaitres\/wp-content\/uploads\/sites\/27\/2017\/05\/\u00e9change2-bfmtv.jpg 669w, https:\/\/blog.causeur.fr\/lavoixdenosmaitres\/wp-content\/uploads\/sites\/27\/2017\/05\/\u00e9change2-bfmtv-300x30.jpg 300w, https:\/\/blog.causeur.fr\/lavoixdenosmaitres\/wp-content\/uploads\/sites\/27\/2017\/05\/\u00e9change2-bfmtv-500x50.jpg 500w\" sizes=\"auto, (max-width: 669px) 100vw, 669px\" \/><\/a>Et m\u00eame <em>la Libre Belgique<\/em><\/p>\n<p><a href=\"http:\/\/blog.causeur.fr\/lavoixdenosmaitres\/files\/2017\/05\/libre-be-\u00e9change.jpg\"><img loading=\"lazy\" decoding=\"async\" class=\"aligncenter size-full wp-image-483\" title=\"libre be \u00e9change\" src=\"http:\/\/blog.causeur.fr\/lavoixdenosmaitres\/files\/2017\/05\/libre-be-\u00e9change.jpg\" alt=\"\" width=\"958\" height=\"114\" srcset=\"https:\/\/blog.causeur.fr\/lavoixdenosmaitres\/wp-content\/uploads\/sites\/27\/2017\/05\/libre-be-\u00e9change.jpg 958w, https:\/\/blog.causeur.fr\/lavoixdenosmaitres\/wp-content\/uploads\/sites\/27\/2017\/05\/libre-be-\u00e9change-300x35.jpg 300w, https:\/\/blog.causeur.fr\/lavoixdenosmaitres\/wp-content\/uploads\/sites\/27\/2017\/05\/libre-be-\u00e9change-500x59.jpg 500w\" sizes=\"auto, (max-width: 958px) 100vw, 958px\" \/><\/a>Forc\u00e9ment, quand on donne dans ce genre d&rsquo;approximations, on est \u00e0 des ann\u00e9es-lumi\u00e8re de s&rsquo;interroger sur certaines expressions qui en vaudraient la peine. Par exemple, \u00e0 ma connaissance, aucun journaliste, aucun observateur ne s&rsquo;est \u00e9tonn\u00e9 de la phrase de Fran\u00e7ois Hollande dans laquelle il pr\u00e9voyait une passation de pouvoir \u00ab\u00a0simple, claire et amicale\u00a0\u00bb. Simple et amicale, je vois l&rsquo;id\u00e9e sans probl\u00e8me. Mais \u00ab\u00a0claire\u00a0\u00bb ? Je voudrais qu&rsquo;on nous montre une passation de pouvoir \u00ab\u00a0pas claire\u00a0\u00bb !<\/p>\n<p><a href=\"http:\/\/blog.causeur.fr\/lavoixdenosmaitres\/files\/2017\/05\/simple-claire.jpg\"><img loading=\"lazy\" decoding=\"async\" class=\"aligncenter size-full wp-image-488\" title=\"simple claire\" src=\"http:\/\/blog.causeur.fr\/lavoixdenosmaitres\/files\/2017\/05\/simple-claire.jpg\" alt=\"\" width=\"918\" height=\"492\" srcset=\"https:\/\/blog.causeur.fr\/lavoixdenosmaitres\/wp-content\/uploads\/sites\/27\/2017\/05\/simple-claire.jpg 918w, https:\/\/blog.causeur.fr\/lavoixdenosmaitres\/wp-content\/uploads\/sites\/27\/2017\/05\/simple-claire-300x160.jpg 300w, https:\/\/blog.causeur.fr\/lavoixdenosmaitres\/wp-content\/uploads\/sites\/27\/2017\/05\/simple-claire-500x267.jpg 500w\" sizes=\"auto, (max-width: 918px) 100vw, 918px\" \/><\/a><\/p>\n","protected":false},"excerpt":{"rendered":"<p>Macron aurait remis des codes nucl\u00e9aires au pr\u00e9sident sortant. Fake news reprise en boucle par de nombreux m\u00e9dias.<\/p>\n","protected":false},"author":7,"featured_media":0,"comment_status":"open","ping_status":"open","sticky":false,"template":"","format":"standard","meta":{"footnotes":""},"categories":[9],"tags":[92,197,198,29,116,199,196],"class_list":{"0":"post-481","1":"post","2":"type-post","3":"status-publish","4":"format-standard","6":"category-articles","7":"tag-bfm-tv","8":"tag-codes-nucleaires","9":"tag-echanger","10":"tag-franceinfo","11":"tag-huffington-post","12":"tag-libre-belgique","13":"tag-passation-de-pouvoir"},"_links":{"self":[{"href":"https:\/\/blog.causeur.fr\/lavoixdenosmaitres\/wp-json\/wp\/v2\/posts\/481","targetHints":{"allow":["GET"]}}],"collection":[{"href":"https:\/\/blog.causeur.fr\/lavoixdenosmaitres\/wp-json\/wp\/v2\/posts"}],"about":[{"href":"https:\/\/blog.causeur.fr\/lavoixdenosmaitres\/wp-json\/wp\/v2\/types\/post"}],"author":[{"embeddable":true,"href":"https:\/\/blog.causeur.fr\/lavoixdenosmaitres\/wp-json\/wp\/v2\/users\/7"}],"replies":[{"embeddable":true,"href":"https:\/\/blog.causeur.fr\/lavoixdenosmaitres\/wp-json\/wp\/v2\/comments?post=481"}],"version-history":[{"count":0,"href":"https:\/\/blog.causeur.fr\/lavoixdenosmaitres\/wp-json\/wp\/v2\/posts\/481\/revisions"}],"wp:attachment":[{"href":"https:\/\/blog.causeur.fr\/lavoixdenosmaitres\/wp-json\/wp\/v2\/media?parent=481"}],"wp:term":[{"taxonomy":"category","embeddable":true,"href":"https:\/\/blog.causeur.fr\/lavoixdenosmaitres\/wp-json\/wp\/v2\/categories?post=481"},{"taxonomy":"post_tag","embeddable":true,"href":"https:\/\/blog.causeur.fr\/lavoixdenosmaitres\/wp-json\/wp\/v2\/tags?post=481"}],"curies":[{"name":"wp","href":"https:\/\/api.w.org\/{rel}","templated":true}]}}