{"id":518,"date":"2017-06-19T09:18:29","date_gmt":"2017-06-19T09:18:29","guid":{"rendered":"http:\/\/blog.causeur.fr\/lavoixdenosmaitres\/?p=518"},"modified":"2021-04-23T15:35:01","modified_gmt":"2021-04-23T13:35:01","slug":"familles-politiques-je-vous-hais","status":"publish","type":"post","link":"https:\/\/blog.causeur.fr\/lavoixdenosmaitres\/familles-politiques-je-vous-hais-518","title":{"rendered":"Familles (politiques), je vous hais"},"content":{"rendered":"<p><a href=\"http:\/\/blog.causeur.fr\/lavoixdenosmaitres\/files\/2017\/06\/simpson1.jpg\"><img loading=\"lazy\" decoding=\"async\" class=\"alignnone size-large wp-image-541\" title=\"simpson\" src=\"http:\/\/blog.causeur.fr\/lavoixdenosmaitres\/files\/2017\/06\/simpson1-1024x640.jpg\" alt=\"\" width=\"584\" height=\"365\" srcset=\"https:\/\/blog.causeur.fr\/lavoixdenosmaitres\/wp-content\/uploads\/sites\/27\/2017\/06\/simpson1-1024x640.jpg 1024w, https:\/\/blog.causeur.fr\/lavoixdenosmaitres\/wp-content\/uploads\/sites\/27\/2017\/06\/simpson1-300x187.jpg 300w, https:\/\/blog.causeur.fr\/lavoixdenosmaitres\/wp-content\/uploads\/sites\/27\/2017\/06\/simpson1-480x300.jpg 480w, https:\/\/blog.causeur.fr\/lavoixdenosmaitres\/wp-content\/uploads\/sites\/27\/2017\/06\/simpson1.jpg 1920w\" sizes=\"auto, (max-width: 584px) 100vw, 584px\" \/><\/a><\/p>\n<p><strong>\u00ab\u00a0La vague macronienne fait exploser les familles politiques\u00a0\u00bb, ai-je entendu.<\/strong> L&rsquo;expression \u00ab\u00a0famille politique\u00a0\u00bb s&rsquo;est install\u00e9e de longue date dans le vocabulaire des hommes politiques et des commentateurs. Elle est totalement impropre et comme telle, forc\u00e9ment int\u00e9ressante. Et comme toujours avec les faux amis, il faut se poser la question : si \u00ab\u00a0parti\u00a0\u00bb se dit \u00ab\u00a0famille\u00a0\u00bb, comment dit-on \u00ab\u00a0famille\u00a0\u00bb ?<!--more--><\/p>\n<p><strong>On convoque la notion de \u00ab\u00a0famille politique\u00a0\u00bb quand on veut lancer un appel \u00e0 l&rsquo;unit\u00e9 ou sugg\u00e9rer que cette unit\u00e9 existe par-del\u00e0 les d\u00e9saccords. C&rsquo;est le vocabulaire du sang et du c\u0153ur.<\/strong> Ainsi, rompre avec sa \u00ab\u00a0famille\u00a0\u00bb serait une v\u00e9ritable trahison : le mot condamne par avance les d\u00e9fections et les aventures personnelles. Famille sonne alors comme \u00ab\u00a0mafia\u00a0\u00bb, avec une id\u00e9e d&rsquo;all\u00e9geance oblig\u00e9e. Et tant que chacun entend demeurer au sein de la famille alors que tout le monde se bouffe le nez, on dit : nous sommes une famille, il est normal d&rsquo;avoir des divergences au sein d&rsquo;une famille.<\/p>\n<p>Oui mais.<\/p>\n<p>Nous ne sommes plus au temps des Romains, o\u00f9 l&rsquo;on m\u00ealait all\u00e8grement filiation et politique : au temps o\u00f9 Claudius, de famille noble, demandait \u00e0 un roturier de l&rsquo;adopter afin d&rsquo;obtenir le droit de se faire \u00e9lire tribun de la pl\u00e8be (et se rebaptisait Clodius pour faire plus peuple) ; au temps o\u00f9 Octave qui se proclamait \u00ab\u00a0fils du divin\u00a0\u00bb, \u00e9tait en r\u00e9alit\u00e9 le fils de la ni\u00e8ce de Jules C\u00e9sar, son grand-oncle donc, qui l&rsquo;avait adopt\u00e9. Dans l&rsquo;\u00e9lite r\u00e9publicaine de la Rome antique, il n&rsquo;y avait de famille que politique. <strong>La famille politique devenait la famille.<\/strong><\/p>\n<p>Laissant de c\u00f4t\u00e9 le cas sp\u00e9cifique de la transmission dynastique du pouvoir royal, on peut constater, dans notre propre syst\u00e8me r\u00e9publicain, une situation qui est exactement l&rsquo;inverse de la pratique romaine : le probl\u00e8me des Le Pen et, par extension du FN, r\u00e9side pr\u00e9cis\u00e9ment dans cette imbrication du biologique et du politique, qui transforme toute divergence id\u00e9ologique en enjeu affectif. <strong>La famille devient la famille politique.<\/strong><\/p>\n<p>Il y a deux ans, <em>le Point<\/em> consacrait un article aux \u00ab\u00a0familles politiques\u00a0\u00bb. Pour une fois, ce n&rsquo;\u00e9tait pas une m\u00e9taphore. Il s&rsquo;agissait v\u00e9ritablement de familles, dans lesquelles on pratiquait la politique \u00e0 un haut niveau, de g\u00e9n\u00e9ration en g\u00e9n\u00e9ration :<\/p>\n<p><a href=\"http:\/\/blog.causeur.fr\/lavoixdenosmaitres\/files\/2017\/06\/point.jpg\"><img loading=\"lazy\" decoding=\"async\" class=\"alignnone size-full wp-image-520\" title=\"point\" src=\"http:\/\/blog.causeur.fr\/lavoixdenosmaitres\/files\/2017\/06\/point.jpg\" alt=\"\" width=\"612\" height=\"206\" srcset=\"https:\/\/blog.causeur.fr\/lavoixdenosmaitres\/wp-content\/uploads\/sites\/27\/2017\/06\/point.jpg 612w, https:\/\/blog.causeur.fr\/lavoixdenosmaitres\/wp-content\/uploads\/sites\/27\/2017\/06\/point-300x100.jpg 300w, https:\/\/blog.causeur.fr\/lavoixdenosmaitres\/wp-content\/uploads\/sites\/27\/2017\/06\/point-500x168.jpg 500w\" sizes=\"auto, (max-width: 612px) 100vw, 612px\" \/><\/a><\/p>\n<p><a href=\"http:\/\/www.lepoint.fr\/politique\/ces-familles-politiques-dont-les-rejetons-suivent-les-pas-de-leurs-peres-09-04-2015-1919953_20.php\" target=\"_blank\" rel=\"noopener\">Lire l&rsquo;article.<\/a><\/p>\n<p>On ne choisit pas sa famille. Cette proximit\u00e9 impos\u00e9e peut d&rsquo;ailleurs susciter des tensions mortif\u00e8res.<a href=\"http:\/\/blog.causeur.fr\/lavoixdenosmaitres\/files\/2017\/06\/gr\u00e9gory1.jpg\"><img loading=\"lazy\" decoding=\"async\" class=\"alignnone size-thumbnail wp-image-542\" title=\"gr\u00e9gory\" src=\"http:\/\/blog.causeur.fr\/lavoixdenosmaitres\/files\/2017\/06\/gr\u00e9gory1-150x150.jpg\" alt=\"\" width=\"150\" height=\"150\" \/><\/a><\/p>\n<p><strong>On ne choisit pas sa famille ; mais son orientation politique, si.<\/strong> Quand bien m\u00eame il y aurait de fortes divergences de vue au sein d&rsquo;une famille, cela ne peut entra\u00eener la rupture des liens du sang. Alors que, justement, une famille politique ne repose sur aucun lien biologique mais <strong>exclusivement sur des convergences de vue<\/strong>. La famille est une r\u00e9alit\u00e9 naturelle alors que la pr\u00e9tendue famille politique est une construction artificielle.<\/p>\n<p>Donc, le discours selon lequel \u00ab\u00a0il peut y avoir des divergences au sein d&rsquo;une famille [politique]\u00a0\u00bb ne vaut rien. N\u00e9anmoins, il a permis de faire admettre durant des ann\u00e9es la <strong>cohabitation au sein du m\u00eame courant politique, \u00e0 droite comme \u00e0 gauche, d&rsquo;opinions parfaitement incompatibles.<\/strong> La \u00ab\u00a0famille politique\u00a0\u00bb cachait mal des strat\u00e9gies d&rsquo;appareil et des luttes d&rsquo;influences internes. L&rsquo;un des bienfaits du ph\u00e9nom\u00e8ne Macron aura donc \u00e9t\u00e9 de <strong>faire appara\u00eetre l&rsquo;inanit\u00e9 de l&rsquo;expression \u00ab\u00a0famille politique\u00a0\u00bb<\/strong>.<\/p>\n<p>On dira que cette expression est l&rsquo;apanage du personnel politique. Il est vrai qu&rsquo;on la rencontre, en g\u00e9n\u00e9ral, dans des citations entre guillemets. Mais on trouve aussi <a href=\"http:\/\/www.ladepeche.fr\/article\/2017\/06\/16\/2595065-la-famille-socialiste-autour-de-g-biemouret.html\" target=\"_blank\" rel=\"noopener\">ceci <\/a>:<\/p>\n<p><a href=\"http:\/\/blog.causeur.fr\/lavoixdenosmaitres\/files\/2017\/06\/d\u00e9p\u00eache2.jpg\"><img loading=\"lazy\" decoding=\"async\" class=\"alignnone size-full wp-image-521\" title=\"d\u00e9p\u00eache2\" src=\"http:\/\/blog.causeur.fr\/lavoixdenosmaitres\/files\/2017\/06\/d\u00e9p\u00eache2.jpg\" alt=\"\" width=\"633\" height=\"146\" srcset=\"https:\/\/blog.causeur.fr\/lavoixdenosmaitres\/wp-content\/uploads\/sites\/27\/2017\/06\/d\u00e9p\u00eache2.jpg 633w, https:\/\/blog.causeur.fr\/lavoixdenosmaitres\/wp-content\/uploads\/sites\/27\/2017\/06\/d\u00e9p\u00eache2-300x69.jpg 300w, https:\/\/blog.causeur.fr\/lavoixdenosmaitres\/wp-content\/uploads\/sites\/27\/2017\/06\/d\u00e9p\u00eache2-500x115.jpg 500w\" sizes=\"auto, (max-width: 633px) 100vw, 633px\" \/><\/a><\/p>\n<p>Ou <a href=\"http:\/\/www.ledauphine.com\/politique\/2017\/05\/10\/laurent-wauquiez-je-ne-crois-pas-au-marigot-central\" target=\"_blank\" rel=\"noopener\">cela <\/a>:<\/p>\n<p><a href=\"http:\/\/blog.causeur.fr\/lavoixdenosmaitres\/files\/2017\/06\/famille-politique.jpg\"><img loading=\"lazy\" decoding=\"async\" class=\"alignnone size-full wp-image-522\" title=\"famille politique\" src=\"http:\/\/blog.causeur.fr\/lavoixdenosmaitres\/files\/2017\/06\/famille-politique.jpg\" alt=\"\" width=\"534\" height=\"55\" srcset=\"https:\/\/blog.causeur.fr\/lavoixdenosmaitres\/wp-content\/uploads\/sites\/27\/2017\/06\/famille-politique.jpg 534w, https:\/\/blog.causeur.fr\/lavoixdenosmaitres\/wp-content\/uploads\/sites\/27\/2017\/06\/famille-politique-300x30.jpg 300w, https:\/\/blog.causeur.fr\/lavoixdenosmaitres\/wp-content\/uploads\/sites\/27\/2017\/06\/famille-politique-500x51.jpg 500w\" sizes=\"auto, (max-width: 534px) 100vw, 534px\" \/><\/a><\/p>\n<p>Ou encore <a href=\"http:\/\/www.nicematin.com\/politique\/christian-estrosi-dezingue-une-partie-de-sa-famille-politique-et-repete-son-soutien-a-macron-131965\" target=\"_blank\" rel=\"noopener\">cela <\/a>:<\/p>\n<p><a href=\"http:\/\/blog.causeur.fr\/lavoixdenosmaitres\/files\/2017\/06\/estrosi.jpg\"><img loading=\"lazy\" decoding=\"async\" class=\"alignnone size-large wp-image-523\" title=\"estrosi\" src=\"http:\/\/blog.causeur.fr\/lavoixdenosmaitres\/files\/2017\/06\/estrosi-1024x167.jpg\" alt=\"\" width=\"584\" height=\"95\" srcset=\"https:\/\/blog.causeur.fr\/lavoixdenosmaitres\/wp-content\/uploads\/sites\/27\/2017\/06\/estrosi-1024x167.jpg 1024w, https:\/\/blog.causeur.fr\/lavoixdenosmaitres\/wp-content\/uploads\/sites\/27\/2017\/06\/estrosi-300x48.jpg 300w, https:\/\/blog.causeur.fr\/lavoixdenosmaitres\/wp-content\/uploads\/sites\/27\/2017\/06\/estrosi-500x81.jpg 500w, https:\/\/blog.causeur.fr\/lavoixdenosmaitres\/wp-content\/uploads\/sites\/27\/2017\/06\/estrosi.jpg 1177w\" sizes=\"auto, (max-width: 584px) 100vw, 584px\" \/><\/a><\/p>\n<p>Et tout ceci :<\/p>\n<p>LCI<\/p>\n<p><a href=\"http:\/\/blog.causeur.fr\/lavoixdenosmaitres\/files\/2017\/06\/fam-pol1.jpg\"><img loading=\"lazy\" decoding=\"async\" class=\"alignnone size-full wp-image-524\" title=\"fam pol1\" src=\"http:\/\/blog.causeur.fr\/lavoixdenosmaitres\/files\/2017\/06\/fam-pol1.jpg\" alt=\"\" width=\"537\" height=\"42\" srcset=\"https:\/\/blog.causeur.fr\/lavoixdenosmaitres\/wp-content\/uploads\/sites\/27\/2017\/06\/fam-pol1.jpg 537w, https:\/\/blog.causeur.fr\/lavoixdenosmaitres\/wp-content\/uploads\/sites\/27\/2017\/06\/fam-pol1-300x23.jpg 300w, https:\/\/blog.causeur.fr\/lavoixdenosmaitres\/wp-content\/uploads\/sites\/27\/2017\/06\/fam-pol1-500x39.jpg 500w\" sizes=\"auto, (max-width: 537px) 100vw, 537px\" \/><\/a><\/p>\n<p>RFI<\/p>\n<p><a href=\"http:\/\/blog.causeur.fr\/lavoixdenosmaitres\/files\/2017\/06\/fam-pol2.jpg\"><img loading=\"lazy\" decoding=\"async\" title=\"fam pol2\" src=\"http:\/\/blog.causeur.fr\/lavoixdenosmaitres\/files\/2017\/06\/fam-pol2.jpg\" alt=\"\" width=\"503\" height=\"42\" \/><\/a><\/p>\n<p>France Info<\/p>\n<p><a href=\"http:\/\/blog.causeur.fr\/lavoixdenosmaitres\/files\/2017\/06\/fam-pol3.jpg\"><img loading=\"lazy\" decoding=\"async\" class=\"alignnone size-full wp-image-526\" title=\"fam pol3\" src=\"http:\/\/blog.causeur.fr\/lavoixdenosmaitres\/files\/2017\/06\/fam-pol3.jpg\" alt=\"\" width=\"518\" height=\"45\" srcset=\"https:\/\/blog.causeur.fr\/lavoixdenosmaitres\/wp-content\/uploads\/sites\/27\/2017\/06\/fam-pol3.jpg 518w, https:\/\/blog.causeur.fr\/lavoixdenosmaitres\/wp-content\/uploads\/sites\/27\/2017\/06\/fam-pol3-300x26.jpg 300w, https:\/\/blog.causeur.fr\/lavoixdenosmaitres\/wp-content\/uploads\/sites\/27\/2017\/06\/fam-pol3-500x43.jpg 500w\" sizes=\"auto, (max-width: 518px) 100vw, 518px\" \/><\/a><\/p>\n<p>France Inter<\/p>\n<p><a href=\"http:\/\/blog.causeur.fr\/lavoixdenosmaitres\/files\/2017\/06\/fam-pol4.jpg\"><img loading=\"lazy\" decoding=\"async\" title=\"fam pol4\" src=\"http:\/\/blog.causeur.fr\/lavoixdenosmaitres\/files\/2017\/06\/fam-pol4.jpg\" alt=\"\" width=\"500\" height=\"43\" \/><\/a><\/p>\n<p><strong>Mais alors, si le mot \u00ab\u00a0famille\u00a0\u00bb est d\u00e9j\u00e0 pris, comment dit-on famille, en langue m\u00e9diatique ?<\/strong><\/p>\n<p><strong>Souvent, on dit \u00ab\u00a0clan\u00a0\u00bb<\/strong> <a href=\"http:\/\/blog.causeur.fr\/lavoixdenosmaitres\/files\/2017\/06\/maman1.jpg\"><img loading=\"lazy\" decoding=\"async\" title=\"maman\" src=\"http:\/\/blog.causeur.fr\/lavoixdenosmaitres\/files\/2017\/06\/maman1.jpg\" alt=\"\" width=\"202\" height=\"87\" \/><\/a> :<\/p>\n<p><a href=\"http:\/\/blog.causeur.fr\/lavoixdenosmaitres\/files\/2017\/06\/clan-sarko.jpg\"><img loading=\"lazy\" decoding=\"async\" class=\"alignnone size-full wp-image-533\" title=\"clan sarko\" src=\"http:\/\/blog.causeur.fr\/lavoixdenosmaitres\/files\/2017\/06\/clan-sarko.jpg\" alt=\"\" width=\"958\" height=\"167\" srcset=\"https:\/\/blog.causeur.fr\/lavoixdenosmaitres\/wp-content\/uploads\/sites\/27\/2017\/06\/clan-sarko.jpg 958w, https:\/\/blog.causeur.fr\/lavoixdenosmaitres\/wp-content\/uploads\/sites\/27\/2017\/06\/clan-sarko-300x52.jpg 300w, https:\/\/blog.causeur.fr\/lavoixdenosmaitres\/wp-content\/uploads\/sites\/27\/2017\/06\/clan-sarko-500x87.jpg 500w\" sizes=\"auto, (max-width: 958px) 100vw, 958px\" \/><\/a><\/p>\n<p><a href=\"http:\/\/blog.causeur.fr\/lavoixdenosmaitres\/files\/2017\/06\/clan-macron-soud\u00e9.jpg\"><img loading=\"lazy\" decoding=\"async\" class=\"alignnone size-full wp-image-536\" title=\"clan macron soud\u00e9\" src=\"http:\/\/blog.causeur.fr\/lavoixdenosmaitres\/files\/2017\/06\/clan-macron-soud\u00e9.jpg\" alt=\"\" width=\"644\" height=\"179\" srcset=\"https:\/\/blog.causeur.fr\/lavoixdenosmaitres\/wp-content\/uploads\/sites\/27\/2017\/06\/clan-macron-soud\u00e9.jpg 644w, https:\/\/blog.causeur.fr\/lavoixdenosmaitres\/wp-content\/uploads\/sites\/27\/2017\/06\/clan-macron-soud\u00e9-300x83.jpg 300w, https:\/\/blog.causeur.fr\/lavoixdenosmaitres\/wp-content\/uploads\/sites\/27\/2017\/06\/clan-macron-soud\u00e9-500x138.jpg 500w\" sizes=\"auto, (max-width: 644px) 100vw, 644px\" \/><\/a><\/p>\n<p>Avec cette limite que \u00ab\u00a0clan\u00a0\u00bb peut aussi inclure des collaborateurs proches :<\/p>\n<p><a href=\"http:\/\/blog.causeur.fr\/lavoixdenosmaitres\/files\/2017\/06\/clan-sarko-bygma.jpg\"><img loading=\"lazy\" decoding=\"async\" class=\"alignnone size-full wp-image-538\" title=\"clan sarko bygma\" src=\"http:\/\/blog.causeur.fr\/lavoixdenosmaitres\/files\/2017\/06\/clan-sarko-bygma.jpg\" alt=\"\" width=\"870\" height=\"255\" srcset=\"https:\/\/blog.causeur.fr\/lavoixdenosmaitres\/wp-content\/uploads\/sites\/27\/2017\/06\/clan-sarko-bygma.jpg 870w, https:\/\/blog.causeur.fr\/lavoixdenosmaitres\/wp-content\/uploads\/sites\/27\/2017\/06\/clan-sarko-bygma-300x87.jpg 300w, https:\/\/blog.causeur.fr\/lavoixdenosmaitres\/wp-content\/uploads\/sites\/27\/2017\/06\/clan-sarko-bygma-500x146.jpg 500w\" sizes=\"auto, (max-width: 870px) 100vw, 870px\" \/><\/a><\/p>\n<p><a href=\"http:\/\/blog.causeur.fr\/lavoixdenosmaitres\/files\/2017\/06\/clan-macron-Sibeth.jpg\"><img loading=\"lazy\" decoding=\"async\" class=\"alignnone size-full wp-image-529\" title=\"clan macron Sibeth\" src=\"http:\/\/blog.causeur.fr\/lavoixdenosmaitres\/files\/2017\/06\/clan-macron-Sibeth.jpg\" alt=\"\" width=\"780\" height=\"74\" srcset=\"https:\/\/blog.causeur.fr\/lavoixdenosmaitres\/wp-content\/uploads\/sites\/27\/2017\/06\/clan-macron-Sibeth.jpg 780w, https:\/\/blog.causeur.fr\/lavoixdenosmaitres\/wp-content\/uploads\/sites\/27\/2017\/06\/clan-macron-Sibeth-300x28.jpg 300w, https:\/\/blog.causeur.fr\/lavoixdenosmaitres\/wp-content\/uploads\/sites\/27\/2017\/06\/clan-macron-Sibeth-500x47.jpg 500w\" sizes=\"auto, (max-width: 780px) 100vw, 780px\" \/><\/a><\/p>\n<p><strong>Alors quand on veut d\u00e9signer uniquement la famille, on dit \u00ab\u00a0la tribu\u00a0\u00bb<\/strong> :<\/p>\n<p><a href=\"http:\/\/blog.causeur.fr\/lavoixdenosmaitres\/files\/2017\/06\/tribu-sarko.jpg\"><img loading=\"lazy\" decoding=\"async\" class=\"alignnone size-full wp-image-532\" title=\"tribu sarko\" src=\"http:\/\/blog.causeur.fr\/lavoixdenosmaitres\/files\/2017\/06\/tribu-sarko.jpg\" alt=\"\" width=\"945\" height=\"167\" srcset=\"https:\/\/blog.causeur.fr\/lavoixdenosmaitres\/wp-content\/uploads\/sites\/27\/2017\/06\/tribu-sarko.jpg 945w, https:\/\/blog.causeur.fr\/lavoixdenosmaitres\/wp-content\/uploads\/sites\/27\/2017\/06\/tribu-sarko-300x53.jpg 300w, https:\/\/blog.causeur.fr\/lavoixdenosmaitres\/wp-content\/uploads\/sites\/27\/2017\/06\/tribu-sarko-500x88.jpg 500w\" sizes=\"auto, (max-width: 945px) 100vw, 945px\" \/><\/a><\/p>\n<p><a href=\"http:\/\/blog.causeur.fr\/lavoixdenosmaitres\/files\/2017\/06\/tribu-de-coeur.jpg\"><img loading=\"lazy\" decoding=\"async\" class=\"alignnone size-large wp-image-530\" title=\"tribu de coeur\" src=\"http:\/\/blog.causeur.fr\/lavoixdenosmaitres\/files\/2017\/06\/tribu-de-coeur-1024x563.jpg\" alt=\"\" width=\"584\" height=\"321\" srcset=\"https:\/\/blog.causeur.fr\/lavoixdenosmaitres\/wp-content\/uploads\/sites\/27\/2017\/06\/tribu-de-coeur-1024x563.jpg 1024w, https:\/\/blog.causeur.fr\/lavoixdenosmaitres\/wp-content\/uploads\/sites\/27\/2017\/06\/tribu-de-coeur-300x165.jpg 300w, https:\/\/blog.causeur.fr\/lavoixdenosmaitres\/wp-content\/uploads\/sites\/27\/2017\/06\/tribu-de-coeur-500x275.jpg 500w, https:\/\/blog.causeur.fr\/lavoixdenosmaitres\/wp-content\/uploads\/sites\/27\/2017\/06\/tribu-de-coeur.jpg 1120w\" sizes=\"auto, (max-width: 584px) 100vw, 584px\" \/><\/a><\/p>\n<p>La famille est une r\u00e9alit\u00e9 biologique et sociale ; en revanche, <strong>\u00ab\u00a0le clan\u00a0\u00bb et \u00ab\u00a0la tribu\u00a0\u00bb sont des objets m\u00e9diatiques et rien de plus. Il n&rsquo;existe pas, dans notre soci\u00e9t\u00e9, de clans ou de tribus autrement qu&rsquo;au titre de m\u00e9taphores<\/strong>. \u00ab\u00a0Clan\u00a0\u00bb renvoie \u00e0 l&rsquo;id\u00e9e d&rsquo;un groupe soud\u00e9 face \u00e0 l&rsquo;adversit\u00e9, on le trouvera donc plut\u00f4t dans l&rsquo;analyse politique ou chez les sp\u00e9cialistes de la communication. En revanche, tribu est un terme typique de la presse f\u00e9minine (\u00ab\u00a0ma petite tribu\u00a0\u00bb, \u00ab\u00a0toute ma tribu\u00a0\u00bb, etc.) qui est porteur d&rsquo;une valeur affective forte. <strong>Parler de \u00ab\u00a0la tribu Macron\u00a0\u00bb, ce n&rsquo;est pas seulement dire \u00ab\u00a0ils sont soud\u00e9s\u00a0\u00bb, c&rsquo;est aussi dire \u00ab\u00a0ils sont mignons\u00a0\u00bb.<\/strong><\/p>\n<p>\u00c9videmment, \u00ab\u00a0clan\u00a0\u00bb et \u00ab\u00a0tribu\u00a0\u00bb prolif\u00e8rent d&rsquo;autant plus que \u00ab\u00a0famille\u00a0\u00bb semble peu ad\u00e9quat&#8230; Comme si nos journalistes toujours \u00e0 la pointe du progr\u00e8s soci\u00e9tal \u00e9taient g\u00ean\u00e9s par la configuration de la \u00ab\u00a0famille\u00a0\u00bb du pr\u00e9sident. Rh\u00f4\u00f4\u00f4 !<\/p>\n<p>Exception notable, ce cas o\u00f9 \u00ab\u00a0tribu\u00a0\u00bb d\u00e9signe&#8230; l&rsquo;\u00e9quipe gouvernementale !<\/p>\n<p><a href=\"http:\/\/blog.causeur.fr\/lavoixdenosmaitres\/files\/2017\/06\/tribu-gouv.jpg\"><img loading=\"lazy\" decoding=\"async\" class=\"alignnone size-full wp-image-535\" title=\"tribu gouv\" src=\"http:\/\/blog.causeur.fr\/lavoixdenosmaitres\/files\/2017\/06\/tribu-gouv.jpg\" alt=\"\" width=\"964\" height=\"273\" srcset=\"https:\/\/blog.causeur.fr\/lavoixdenosmaitres\/wp-content\/uploads\/sites\/27\/2017\/06\/tribu-gouv.jpg 964w, https:\/\/blog.causeur.fr\/lavoixdenosmaitres\/wp-content\/uploads\/sites\/27\/2017\/06\/tribu-gouv-300x84.jpg 300w, https:\/\/blog.causeur.fr\/lavoixdenosmaitres\/wp-content\/uploads\/sites\/27\/2017\/06\/tribu-gouv-500x141.jpg 500w\" sizes=\"auto, (max-width: 964px) 100vw, 964px\" \/><\/a><\/p>\n","protected":false},"excerpt":{"rendered":"<p>\u00ab\u00a0La vague macronienne fait exploser les familles politiques\u00a0\u00bb, ai-je entendu. L&rsquo;expression \u00ab\u00a0famille politique\u00a0\u00bb s&rsquo;est install\u00e9e de longue date dans le vocabulaire des hommes politiques et des commentateurs. Elle est totalement impropre et comme telle, forc\u00e9ment int\u00e9ressante. Et comme toujours avec les faux amis, il faut se poser la question : si \u00ab\u00a0parti\u00a0\u00bb se dit \u00ab\u00a0famille\u00a0\u00bb, [&hellip;]<\/p>\n","protected":false},"author":7,"featured_media":0,"comment_status":"open","ping_status":"open","sticky":false,"template":"","format":"standard","meta":{"footnotes":""},"categories":[9],"tags":[19,92,224,223,222,104,29,159,6,123,219,53,151,20,69,226,221,218,80,220,225],"class_list":{"0":"post-518","1":"post","2":"type-post","3":"status-publish","4":"format-standard","6":"category-articles","7":"tag-20-minutes","8":"tag-bfm-tv","9":"tag-clan","10":"tag-famille-politique","11":"tag-figaro-madame","12":"tag-france-inter","13":"tag-franceinfo","14":"tag-gala","15":"tag-lobs","16":"tag-la-depeche","17":"tag-la-parisienne","18":"tag-lci","19":"tag-le-pen","20":"tag-le-point","21":"tag-macron","22":"tag-metaphore","23":"tag-nice-matin","24":"tag-rfi","25":"tag-sarkozy","26":"tag-telestar","27":"tag-tribu"},"_links":{"self":[{"href":"https:\/\/blog.causeur.fr\/lavoixdenosmaitres\/wp-json\/wp\/v2\/posts\/518","targetHints":{"allow":["GET"]}}],"collection":[{"href":"https:\/\/blog.causeur.fr\/lavoixdenosmaitres\/wp-json\/wp\/v2\/posts"}],"about":[{"href":"https:\/\/blog.causeur.fr\/lavoixdenosmaitres\/wp-json\/wp\/v2\/types\/post"}],"author":[{"embeddable":true,"href":"https:\/\/blog.causeur.fr\/lavoixdenosmaitres\/wp-json\/wp\/v2\/users\/7"}],"replies":[{"embeddable":true,"href":"https:\/\/blog.causeur.fr\/lavoixdenosmaitres\/wp-json\/wp\/v2\/comments?post=518"}],"version-history":[{"count":0,"href":"https:\/\/blog.causeur.fr\/lavoixdenosmaitres\/wp-json\/wp\/v2\/posts\/518\/revisions"}],"wp:attachment":[{"href":"https:\/\/blog.causeur.fr\/lavoixdenosmaitres\/wp-json\/wp\/v2\/media?parent=518"}],"wp:term":[{"taxonomy":"category","embeddable":true,"href":"https:\/\/blog.causeur.fr\/lavoixdenosmaitres\/wp-json\/wp\/v2\/categories?post=518"},{"taxonomy":"post_tag","embeddable":true,"href":"https:\/\/blog.causeur.fr\/lavoixdenosmaitres\/wp-json\/wp\/v2\/tags?post=518"}],"curies":[{"name":"wp","href":"https:\/\/api.w.org\/{rel}","templated":true}]}}