{"id":685,"date":"2018-01-11T16:15:34","date_gmt":"2018-01-11T16:15:34","guid":{"rendered":"https:\/\/blog.causeur.fr\/lavoixdenosmaitres\/?p=685"},"modified":"2021-04-23T15:35:00","modified_gmt":"2021-04-23T13:35:00","slug":"fake-news-complotisme-de-quoi-parle-t-on","status":"publish","type":"post","link":"https:\/\/blog.causeur.fr\/lavoixdenosmaitres\/fake-news-complotisme-de-quoi-parle-t-on-685","title":{"rendered":"Fake news, complotisme : de quoi parle-t-on ?"},"content":{"rendered":"<p><img loading=\"lazy\" decoding=\"async\" class=\"aligncenter wp-image-686 \" src=\"https:\/\/blog.causeur.fr\/lavoixdenosmaitres\/files\/2018\/01\/fake-news.jpg\" alt=\"fake news\" width=\"488\" height=\"282\" \/><\/p>\n<p>Un flou terminologique dangereux.<!--more--><\/p>\n<p>C&rsquo;est Emmanuel Macron qui, par son discours lors de ses v\u0153ux \u00e0 la presse, a mis la notion de <em>fake news<\/em> \u00e0 la une de cette rentr\u00e9e 2018 :<br \/>\n<iframe loading=\"lazy\" src=\"https:\/\/www.youtube.com\/embed\/36pD9YHPt3s\" width=\"560\" height=\"315\" frameborder=\"0\" allowfullscreen=\"allowfullscreen\"><\/iframe><\/p>\n<p>On notera qu&rsquo;il parle de \u00ab\u00a0fausses nouvelles\u00a0\u00bb, une expression cens\u00e9e traduire <em>fake news <\/em>mais qui en conserve le caract\u00e8re vague, impr\u00e9cis et attrape-tout.<\/p>\n<h1><em>Fake<\/em> n&rsquo;est pas <em>false<\/em><\/h1>\n<p>L&rsquo;adjectif <em>fake<\/em> est synonyme de <em>forged,<\/em> plus que de <em>false<\/em> ou de <em>wrong.<\/em> Une <em>fake news<\/em> n&rsquo;est pas une information qui serait fausse parce que celui qui la diffuse se serait mal inform\u00e9. Avec <em>fake,<\/em> c&rsquo;est la nature-m\u00eame du propos qui est remise en cause: la qualification de <em>fake<\/em> invalide sa d\u00e9signation comme <em>news.<\/em><\/p>\n<p>Pour prendre un petit exemple personnel, je dirais que quand <a href=\"https:\/\/blog.causeur.fr\/lavoixdenosmaitres\/comment-lobs-ma-diabolisee-007.html\" target=\"_blank\" rel=\"noopener\">la journalistes de <em>l&rsquo;Obs<\/em><\/a> me pr\u00eate des liens de parent\u00e9 ou des dipl\u00f4mes fantaisistes, on a affaire \u00e0 des informations fausses, diffus\u00e9es par incomp\u00e9tence ou paresse. Quand elle me d\u00e9signe comme la \u00ab\u00a0prot\u00e9g\u00e9e d&rsquo;Henry de Lesquen\u00a0\u00bb au pr\u00e9texte que j&rsquo;ai accept\u00e9 l&rsquo;invitation de celui-ci \u00e0 donner un conf\u00e9rence \u00e0 la f\u00eate de Radio Courtoisie et que, par cons\u00e9quent, je me retrouve assise \u00e0 c\u00f4t\u00e9 de lui, on est dans la pure <em>fake news<\/em>. <strong>La diffusion consciente et assum\u00e9e du faux dans le but de nuire \u00e0 une personne<\/strong> jug\u00e9e infr\u00e9quentable car c\u00f4toyant des infr\u00e9quentables.<\/p>\n<p>De m\u00eame qu&rsquo;un faux nez n&rsquo;est pas un nez, une <em>fake news<\/em> n&rsquo;est pas une <em>news. <\/em>Elle en a l&rsquo;allure, par sa formulation et parce que le m\u00e9dia qui la diffuse jouit, au moins aupr\u00e8s d&rsquo;un certain nombre de personnes, d&rsquo;une forme d&rsquo;autorit\u00e9 qui lui conf\u00e8re de la cr\u00e9dibilit\u00e9. Fondamentalement, <strong>la <em>fake news<\/em> est une rumeur diffamatoire lanc\u00e9e en toute connaissance de cause, dans le but de nuire<\/strong>.<\/p>\n<p>Si on accepte de les d\u00e9finir ainsi, et je crois que c&rsquo;est ce qui ressort du propos d&rsquo;Emmanuel Macron, alors on ne pourra nier que la lutte contre les fake news est l\u00e9gitime et n\u00e9cessaire. Mais <strong>notre arsenal juridique ne pr\u00e9voit-il pas d\u00e9j\u00e0 des dispositions permettant de faire condamner la diffamation ?<\/strong><\/p>\n<div id=\"ligne\"><\/div>\n<h1>La sanctification d&rsquo;une th\u00e8se officielle<\/h1>\n<p>En outre, la jubilation g\u00e9n\u00e9rale des journalistes \u00e0 l&rsquo;id\u00e9e que l&rsquo;on ferait d\u00e9sormais la guerre aux <em>fake news<\/em> ne trahit-elle pas le fait que, sous cette expression, nombre d&rsquo;entre eux mettent autre chose que la seule rumeur diffamatoire ?<\/p>\n<p>Indubitablement. Pour ma part, si j&rsquo;\u00e9tais journaliste, je d\u00e9testerais vivre avec l&rsquo;id\u00e9e que mon m\u00e9tier est d&rsquo;\u00e9tablir et de sauvegarder des v\u00e9rit\u00e9s officielles. La plupart des journalistes consid\u00e8rent pourtant que c&rsquo;est l\u00e0 leur vraie mission.<\/p>\n<p>Propos remettant en cause l&rsquo;origine du r\u00e9chauffement climatique ? Ou bien son ampleur, sa r\u00e9alit\u00e9 m\u00eame, sa dur\u00e9e, ou encore ses cons\u00e9quences ? <em>Fake news<\/em>. Cl\u00e9mentine Autain a tr\u00e8s bien soulev\u00e9 le probl\u00e8me :<br \/>\n<iframe loading=\"lazy\" src=\"https:\/\/www.youtube.com\/embed\/G663URFfZuQ?start=71\" width=\"560\" height=\"315\" frameborder=\"0\" allowfullscreen=\"allowfullscreen\"><\/iframe><\/p>\n<p>\u00c9tonnement devant le caract\u00e8re extr\u00eamement opportun d&rsquo;une r\u00e9v\u00e9lation, qui invite \u00e0 envisager une absence de hasard ? <em>Fake news<\/em> encore (souvenons-nous du P\u00e9n\u00e9lopegate).<\/p>\n<p>Ou \u00ab\u00a0complotisme\u00a0\u00bb, puisque ces deux concepts entretiennent, dans le vocabulaire m\u00e9diatique, une \u00e9troite relation au service de la m\u00eame fonction : faire peur afin de renforcer l&rsquo;autorit\u00e9 des m\u00e9dias de r\u00e9f\u00e9rence. Rabattre vers eux des gens terroris\u00e9s \u00e0 l&rsquo;id\u00e9e que tout discours n&rsquo;en \u00e9manant pas est probablement un mensonge ou une manipulation.<\/p>\n<p>La parution des r<a href=\"http:\/\/www.conspiracywatch.info\/une-grande-enquete-sur-le-complotisme-dans-lopinion-publique-francaise-revele-une-realite-alarmante.html\">\u00e9sultats de l&rsquo;enqu\u00eate IFOP command\u00e9e conjointement par la Fondation Jaur\u00e8s et par <em>Conspiracy Watch <\/em><\/a>tombe \u00e0 point nomm\u00e9 pour accr\u00e9diter l&rsquo;id\u00e9e qu&rsquo;il y aurait urgence \u00e0 lutter contre la propagation d&rsquo;informations aberrantes, puisqu&rsquo;elles convainquent un nombre croissant de personnes.<\/p>\n<h1>Quand nos m\u00e9dias donnent dans le <em>fake<\/em><\/h1>\n<p>Jamais les journalistes ne s&rsquo;interrogent sur leur propre responsabilit\u00e9 dans le succ\u00e8s des th\u00e8ses conspirationnistes. Ils s&rsquo;en d\u00e9solent, ils cherchent des coupables partout. Timisoara, le nuage de Tchernobyl, les armes chimiques en Irak, l&rsquo;absence de terroristes parmi les migrants, de tout cela il n&rsquo;est jamais question.<\/p>\n<p>Ce sont pourtant des informations totalement fausses abusivement pr\u00e9sent\u00e9es comme incontestables qui ont \u00e9t\u00e9 diffus\u00e9es par les plus autoris\u00e9s des m\u00e9dias. Nous nous sommes sentis manipul\u00e9s, tromp\u00e9s, jou\u00e9s. Et cela laisse des traces&#8230;<\/p>\n<h1>La menace complotiste<\/h1>\n<p>\u00c9videmment, je ne d\u00e9fends pas le complotisme. J&rsquo;y suis d&rsquo;autant plus allergique que je l&rsquo;ai fr\u00e9quent\u00e9 de pr\u00e8s. Les juifs qui s&rsquo;allient aux francs-ma\u00e7ons pour manipuler les musulmans contre les chr\u00e9tiens, je connais. Les fr\u00e8res Kouachi t\u00e9l\u00e9guid\u00e9s par le Mossad, je vois tr\u00e8s bien.<\/p>\n<p><img loading=\"lazy\" decoding=\"async\" class=\"aligncenter size-full wp-image-688\" src=\"https:\/\/blog.causeur.fr\/lavoixdenosmaitres\/files\/2018\/01\/Kouachi-Mossad.jpg\" alt=\"Kouachi Mossad\" width=\"473\" height=\"398\" srcset=\"https:\/\/blog.causeur.fr\/lavoixdenosmaitres\/wp-content\/uploads\/sites\/27\/2018\/01\/Kouachi-Mossad.jpg 473w, https:\/\/blog.causeur.fr\/lavoixdenosmaitres\/wp-content\/uploads\/sites\/27\/2018\/01\/Kouachi-Mossad-300x252.jpg 300w, https:\/\/blog.causeur.fr\/lavoixdenosmaitres\/wp-content\/uploads\/sites\/27\/2018\/01\/Kouachi-Mossad-357x300.jpg 357w\" sizes=\"auto, (max-width: 473px) 100vw, 473px\" \/><\/p>\n<p>Et j&rsquo;ai eu entre les mains des livres expliquant la \u00ab\u00a0v\u00e9rit\u00e9\u00a0\u00bb sur le 11 septembre&#8230; et sur l&rsquo;implication des extraterrestres dans le fonctionnement de notre monde. <strong>Le complotisme est une maladie qui s&rsquo;auto-alimente parce qu&rsquo;elle aspire sans cesse \u00e0 une coh\u00e9rence qu&rsquo;elle s&rsquo;ing\u00e9nie \u00e0 briser : si les juifs sont tout-puissants et orchestrent tout ce qui se passe ici bas, mais que notre monde a en r\u00e9alit\u00e9 \u00e9t\u00e9 con\u00e7u et ordonn\u00e9 par des extraterrestres, quel rapport les juifs entretiennent-ils avec les extraterrestres ?<\/strong> A ceux qui me demandent comment sauver quelqu&rsquo;un du complotisme, je r\u00e9ponds qu&rsquo;il ne faut pas chercher \u00e0 argumenter rationnellement contre lui, qu&rsquo;il ne faut pas d\u00e9fendre de th\u00e8se oppos\u00e9e. Il faut lui mettre sous les yeux la soif de simplicit\u00e9 et de confort qui l&rsquo;anime, cette paresse de l&rsquo;esprit qui se cache derri\u00e8re des r\u00e9f\u00e9rences toujours \u00e9tonnamment convergentes parce que le complotiste ne lit que ce qu&rsquo;il veut lire, n&rsquo;\u00e9coute que ce qu&rsquo;il veut \u00e9couter. <strong>Le complotisme est incompatible avec l&rsquo;intelligence. <\/strong>C&rsquo;est la formation intellectuelle vaste et diversifi\u00e9e que j&rsquo;ai re\u00e7ue en classe pr\u00e9paratoire qui m&rsquo;a permis, non seulement de prendre mes distances vis-\u00e0-vis des th\u00e9ories complotistes mais aussi de prendre conscience de leur nocivit\u00e9.<strong> On d\u00e9plore que les jeunes adh\u00e8rent en masse aux th\u00e9ories du complot. Mais comment pourrait-il en \u00eatre autrement, quand le syst\u00e8me scolaire actuel en fait des abrutis finis ? <\/strong>Les s\u00e9ances d&rsquo;\u00e9ducation aux m\u00e9dias, cens\u00e9es prot\u00e9ger nos enfants du complotisme, tournent le plus souvent \u00e0 la d\u00e9marche d&rsquo;endoctrinement visant \u00e0 leur ass\u00e9ner l&rsquo;importance d&rsquo;accepter aveugl\u00e9ment la th\u00e8se officielle, c&rsquo;est-\u00e0-dire journalistique. Cons\u00e9quence pr\u00e9visible : ils la rejettent !<strong><br \/>\n<\/strong><\/p>\n<h1>Non au transfert de confiance<\/h1>\n<p><strong>Je me d\u00e9sole que la m\u00e9fiance totalement l\u00e9gitime envers les grands m\u00e9dias donne lieu \u00e0 un transfert de confiance vers des sources d&rsquo;informations grotesques o\u00f9 affleure toujours un \u00ab\u00a0effet gourou\u00a0\u00bb<\/strong>. Machin est LE sp\u00e9cialiste de tel \u00e9v\u00e9nement. \u00ab\u00a0Tu ne peux pas savoir, parce que tu n&rsquo;a pas lu Machin, tu n&rsquo;as pas regard\u00e9 telle ou telle vid\u00e9o qui montre bien que&#8230;\u00a0\u00bb Le culte de l&rsquo;autorit\u00e9 et l&rsquo;absence totale d&rsquo;esprit critique, attitudes que je combats dans notre rapport aux grands m\u00e9dias, se retrouvent dans la sph\u00e8re de ceux qui les fuient, pr\u00e9tendument par esprit critique !<\/p>\n<p>Il est urgent de mettre les choses au clair : contrairement \u00e0 ce qu&rsquo;on aimerait nous faire penser, exprimer des doutes par rapport \u00e0 une th\u00e8se majoritaire apparaissant comme seule autoris\u00e9e n&rsquo;est pas du complotisme. Employer ce mot devient alors de la manipulation. Il faut r\u00e9server le terme de complotisme \u00e0 ce qu&rsquo;il d\u00e9signe r\u00e9ellement : la conviction affirm\u00e9e que la th\u00e8se officielle est fausse et la substitution \u00e0 cette th\u00e8se d&rsquo;une <strong>explication inv\u00e9rifiable mais incontestable<\/strong>. Car bien entendu, nier la th\u00e8se complotiste, c&rsquo;est en alimenter la validit\u00e9, donc la confirmer.<\/p>\n<h1>A bas le culte de l&rsquo;opinion<\/h1>\n<p>Le vrai probl\u00e8me est que <strong>notre \u00e9poque est celle du r\u00e8gne de l&rsquo;opinion<\/strong>. Tout le monde a un avis sur tout, tout le monde se sent <em>tenu<\/em> d&rsquo;avoir un avis sur tout. Soit on d\u00e9fend mordicus la th\u00e8se d\u00e9velopp\u00e9e dans les m\u00e9dias en consid\u00e9rant qu&rsquo;ils sont par nature les plus cr\u00e9dibles. Soit on la refuse et on s&rsquo;accroche mordicus \u00e0 la th\u00e8se inverse. Il faut savoir, je pense, <strong>acqu\u00e9rir sur les sujets qui ne nous tiennent pas \u00e0 c\u0153ur ou qui d\u00e9passent notre champ de comp\u00e9tences, un d\u00e9tachement et une disponibilit\u00e9 qui permettent d&rsquo;accueillir, avec tout \u00e0 la fois un r\u00e9el int\u00e9r\u00eat et une saine m\u00e9fiance, tout propos d&rsquo;o\u00f9 qu&rsquo;il vienne.<\/strong><\/p>\n<p>Et savoir reconna\u00eetre que certaines th\u00e9ories sont plus dr\u00f4les que dangereuses :<\/p>\n<p><img loading=\"lazy\" decoding=\"async\" class=\"aligncenter size-full wp-image-689\" src=\"https:\/\/blog.causeur.fr\/lavoixdenosmaitres\/files\/2018\/01\/hilter-extraterrestre.jpg\" alt=\"hilter extraterrestre\" width=\"741\" height=\"566\" srcset=\"https:\/\/blog.causeur.fr\/lavoixdenosmaitres\/wp-content\/uploads\/sites\/27\/2018\/01\/hilter-extraterrestre.jpg 741w, https:\/\/blog.causeur.fr\/lavoixdenosmaitres\/wp-content\/uploads\/sites\/27\/2018\/01\/hilter-extraterrestre-300x229.jpg 300w, https:\/\/blog.causeur.fr\/lavoixdenosmaitres\/wp-content\/uploads\/sites\/27\/2018\/01\/hilter-extraterrestre-393x300.jpg 393w\" sizes=\"auto, (max-width: 741px) 100vw, 741px\" \/><\/p>\n<p>&nbsp;<\/p>\n","protected":false},"excerpt":{"rendered":"<p>Un flou terminologique dangereux.<\/p>\n","protected":false},"author":7,"featured_media":0,"comment_status":"open","ping_status":"open","sticky":false,"template":"","format":"standard","meta":{"footnotes":""},"categories":[9],"tags":[92,294,295,6,69,217],"class_list":{"0":"post-685","1":"post","2":"type-post","3":"status-publish","4":"format-standard","6":"category-articles","7":"tag-bfm-tv","8":"tag-complotisme","9":"tag-fake-news","10":"tag-lobs","11":"tag-macron","12":"tag-manipulation"},"_links":{"self":[{"href":"https:\/\/blog.causeur.fr\/lavoixdenosmaitres\/wp-json\/wp\/v2\/posts\/685","targetHints":{"allow":["GET"]}}],"collection":[{"href":"https:\/\/blog.causeur.fr\/lavoixdenosmaitres\/wp-json\/wp\/v2\/posts"}],"about":[{"href":"https:\/\/blog.causeur.fr\/lavoixdenosmaitres\/wp-json\/wp\/v2\/types\/post"}],"author":[{"embeddable":true,"href":"https:\/\/blog.causeur.fr\/lavoixdenosmaitres\/wp-json\/wp\/v2\/users\/7"}],"replies":[{"embeddable":true,"href":"https:\/\/blog.causeur.fr\/lavoixdenosmaitres\/wp-json\/wp\/v2\/comments?post=685"}],"version-history":[{"count":0,"href":"https:\/\/blog.causeur.fr\/lavoixdenosmaitres\/wp-json\/wp\/v2\/posts\/685\/revisions"}],"wp:attachment":[{"href":"https:\/\/blog.causeur.fr\/lavoixdenosmaitres\/wp-json\/wp\/v2\/media?parent=685"}],"wp:term":[{"taxonomy":"category","embeddable":true,"href":"https:\/\/blog.causeur.fr\/lavoixdenosmaitres\/wp-json\/wp\/v2\/categories?post=685"},{"taxonomy":"post_tag","embeddable":true,"href":"https:\/\/blog.causeur.fr\/lavoixdenosmaitres\/wp-json\/wp\/v2\/tags?post=685"}],"curies":[{"name":"wp","href":"https:\/\/api.w.org\/{rel}","templated":true}]}}