{"id":755,"date":"2018-04-16T13:05:47","date_gmt":"2018-04-16T13:05:47","guid":{"rendered":"https:\/\/blog.causeur.fr\/lavoixdenosmaitres\/?p=755"},"modified":"2021-04-23T15:35:00","modified_gmt":"2021-04-23T13:35:00","slug":"et-qui-sont-les-bloqueurs-jamais","status":"publish","type":"post","link":"https:\/\/blog.causeur.fr\/lavoixdenosmaitres\/et-qui-sont-les-bloqueurs-jamais-755","title":{"rendered":"Et \u00ab\u00a0Qui sont les bloqueurs?\u00a0\u00bb&#8230; jamais ?"},"content":{"rendered":"<p><img loading=\"lazy\" decoding=\"async\" class=\"aligncenter size-large wp-image-756\" src=\"https:\/\/blog.causeur.fr\/lavoixdenosmaitres\/files\/2018\/04\/blocage-universit\u00e9s-1024x579.jpg\" alt=\"blocage universit\u00e9s\" width=\"584\" height=\"330\" srcset=\"https:\/\/blog.causeur.fr\/lavoixdenosmaitres\/wp-content\/uploads\/sites\/27\/2018\/04\/blocage-universit\u00e9s-1024x579.jpg 1024w, https:\/\/blog.causeur.fr\/lavoixdenosmaitres\/wp-content\/uploads\/sites\/27\/2018\/04\/blocage-universit\u00e9s-300x170.jpg 300w, https:\/\/blog.causeur.fr\/lavoixdenosmaitres\/wp-content\/uploads\/sites\/27\/2018\/04\/blocage-universit\u00e9s-768x434.jpg 768w, https:\/\/blog.causeur.fr\/lavoixdenosmaitres\/wp-content\/uploads\/sites\/27\/2018\/04\/blocage-universit\u00e9s-500x283.jpg 500w, https:\/\/blog.causeur.fr\/lavoixdenosmaitres\/wp-content\/uploads\/sites\/27\/2018\/04\/blocage-universit\u00e9s.jpg 1260w\" sizes=\"auto, (max-width: 584px) 100vw, 584px\" \/><\/p>\n<p>\u00ab\u00a0Des \u00e9tudiants\u00a0\u00bb. Tous ?<!--more--><\/p>\n<p>On trouve sans peine des articles et des reportages intitul\u00e9s\u00a0:<\/p>\n<p><img loading=\"lazy\" decoding=\"async\" class=\"aligncenter size-full wp-image-757\" src=\"https:\/\/blog.causeur.fr\/lavoixdenosmaitres\/files\/2018\/04\/blocage-universit\u00e9s2.jpg\" alt=\"blocage universit\u00e9s2\" width=\"672\" height=\"290\" srcset=\"https:\/\/blog.causeur.fr\/lavoixdenosmaitres\/wp-content\/uploads\/sites\/27\/2018\/04\/blocage-universit\u00e9s2.jpg 672w, https:\/\/blog.causeur.fr\/lavoixdenosmaitres\/wp-content\/uploads\/sites\/27\/2018\/04\/blocage-universit\u00e9s2-300x129.jpg 300w, https:\/\/blog.causeur.fr\/lavoixdenosmaitres\/wp-content\/uploads\/sites\/27\/2018\/04\/blocage-universit\u00e9s2-500x216.jpg 500w\" sizes=\"auto, (max-width: 672px) 100vw, 672px\" \/><\/p>\n<p>Mais on cherchera en vain : \u00ab\u00a0qui sont les bloqueurs qui s&rsquo;en prennent aux \u00e9tudiants non gr\u00e9vistes ?\u00a0\u00bb<\/p>\n<p>Pourtant, le Premier Ministre, comme celui de l\u2019enseignement sup\u00e9rieur, ou encore le Pr\u00e9sident de la R\u00e9publique ont insist\u00e9 sur le caract\u00e8re minoritaire des \u00e9tudiants au sein des comit\u00e9s de blocage des universit\u00e9s. Mais il est vrai qu\u2019ils ont tout int\u00e9r\u00eat \u00e0 nier la l\u00e9gitimit\u00e9 de ceux qui s\u2019opposent \u00e0 la r\u00e9forme port\u00e9e par le gouvernement\u00a0:<\/p>\n<blockquote><p><span class=\"redactor-invisible-space\">Je constate quand m\u00eame que dans beaucoup d&rsquo;universit\u00e9s occup\u00e9es, ce ne sont pas des \u00e9tudiants mais ce sont des agitateurs professionnels, les professionnels du d\u00e9sordre dont parlait Michel Audiard<\/span>. [&#8230;] [<span class=\"redactor-invisible-space\">Et les vrais \u00e9tudiants] doivent comprendre\u00a0 que s&rsquo;ils veulent avoir leurs examens en fin d&rsquo;ann\u00e9e, c&rsquo;est mieux de les r\u00e9viser, parce qu&rsquo;il n&rsquo;y aura pas d&rsquo;examens en chocolat dans la R\u00e9publique. (Emmanuel Macron sur TF1)<\/span><\/p><\/blockquote>\n<p>Sur les examens en chocolat, on pourra aussi \u00e9couter Rapha\u00ebl Enthoven et son billet matinal particuli\u00e8rement bien senti :<\/p>\n<p><iframe loading=\"lazy\" src=\"\/\/www.dailymotion.com\/embed\/video\/x6hj7xs\" width=\"480\" height=\"270\" frameborder=\"0\" allowfullscreen=\"allowfullscreen\"><\/iframe><\/p>\n<p>Le probl\u00e8me est, en r\u00e9alit\u00e9, beaucoup plus large et devrait amener les m\u00e9dias \u00e0 s\u2019interroger sur la mani\u00e8re dont ils traitent les mouvements de contestation en milieu \u00e9tudiant. On ne devrait pas les aborder comme n\u2019importe quel soul\u00e8vement social. A proprement parler, un \u00e9tudiant ne peut pas \u00eatre \u00ab\u00a0en gr\u00e8ve\u00a0\u00bb puisqu\u2019il n\u2019est pas salari\u00e9. <strong>La Charte de Grenoble (1946) qui consacre l&rsquo;av\u00e8nement du syndicalisme \u00e9tudiant peut bien pr\u00e9senter les \u00e9tudiants comme des \u00ab\u00a0travailleurs\u00a0\u00bb, reste que les moyens d&rsquo;action de ces mouvements eux-m\u00eames et leur capacit\u00e9 de nuisance invalident cette assimilation abusive.<\/strong><\/p>\n<p>L&rsquo;\u00e9tudiant \u00ab\u00a0gr\u00e9viste\u00a0\u00bb peut, pour participer \u00e0 des manifestations, se priver de cours. Mais c\u2019est un risque qu\u2019il prend, un dommage qu\u2019il s\u2019inflige et dont il doit \u00eatre pr\u00eat \u00e0 assumer les cons\u00e9quences. Il ne p\u00e9nalise que lui-m\u00eame puisque, \u00e9tant \u00e9tudiant, il n\u2019apporte rien \u00e0 l\u2019institution mais a tout \u00e0 recevoir d\u2019elle.<\/p>\n<p>A l&rsquo;inverse, un ouvrier gr\u00e9viste, au surplus s&rsquo;il bloque son usine, paralyse les moyens de production et refuse de contribuer par sa force de travail \u00e0 la prosp\u00e9rit\u00e9 de l\u2019entreprise. Son action a donc un sens, en lien direct avec l\u2019objet de sa col\u00e8re.<\/p>\n<p>Mais <strong>un \u00e9tudiant qui bloque une universit\u00e9 nuit seulement aux autres \u00e9tudiants. Son action n\u2019a donc aucun sens, manque sa cible et ne peut aboutir qu\u2019\u00e0 jeter le discr\u00e9dit sur les revendications du mouvement.<\/strong><\/p>\n<p>Sans compter que n\u2019importe quel petit lettreux un peu politis\u00e9 ne saurait, avec ses petits bras, lancer et tenir un blocage. Les infos que j\u2019ai pu recueillir ici et l\u00e0 confirment que \u00ab\u00a0les \u00e9tudiants\u00a0\u00bb (dixit les m\u00e9dias) qui bloquent telle ou telle fac ne sont que tr\u00e8s minoritairement des \u00e9tudiants de la fac en question, certains n\u2019\u00e9tant m\u00eame pas \u00e9tudiants du tout.<\/p>\n<div id=\"ligne\"><\/div>\n<p>Et l\u00e0, <strong>on attendrait une enqu\u00eate journalistique un peu rigoureuse pour nous donner des informations plus pr\u00e9cises sur : qui vient d&rsquo;o\u00f9 ? dans quel but et dans quelles proportions ? A bon entendeur&#8230;<\/strong><\/p>\n<p>La focalisation diabolisante sur les anti-bloqueurs, facilement r\u00e9duits \u00e0 quelques groupuscules n\u00e9o-fascistes venus en d\u00e9coudre avec leurs homologues d\u2019extr\u00eame gauche (dont tout le monde, en revanche, s\u2019obstine \u00e0 nier l\u2019existence) prouve une nouvelle fois que, m\u00eame pour les journalistes, <strong>un bon \u00e9tudiant anti-blocage est un \u00e9tudiant qui se tait.<\/strong><\/p>\n<p>Les bloqueurs ont le droit de <strong>transformer les AG en s\u00e9ances d\u2019intimidation collective<\/strong> n\u2019ayant absolument rien de d\u00e9mocratique, ils ont le droit de <strong>d\u00e9grader les locaux<\/strong> et de <strong>brutaliser leurs camarades de promo<\/strong> qui persistent \u00e0 demander la tenue des cours et des examens.<\/p>\n<p>Ils ont une marge de man\u0153uvre tr\u00e8s large avant qu\u2019on les accuse de violence. Ceux d\u2019en face ont des possibilit\u00e9s d\u2019action bien plus r\u00e9duite. <strong>S\u2019ils essaient de forcer un barrage de gr\u00e9vistes : ce sont eux qui font preuve de \u00ab\u00a0violence\u00a0\u00bb<\/strong>.<\/p>\n<p>A la grande \u00e9poque du CPE, j\u2019\u00e9tais en classe pr\u00e9paratoire, ce qui signifie que la plupart des bloqueurs autour de moi \u00e9taient des lyc\u00e9ens (+ quelques \u00e9tudiants de pr\u00e9pa). Avant de leur abandonner l&rsquo;\u00e9tablissement, le proviseur avait n\u00e9goci\u00e9 avec eux pour que les \u00e9tudiants de pr\u00e9pa puissent continuer \u00e0 b\u00e9n\u00e9ficier des cours, si bien que nous devions, chaque jour, pr\u00e9senter notre carte de kh\u00e2gneux \u00e0 des gamins qui nous autorisaient alors \u00e0 entrer dans notre propre \u00e9tablissement ! Un matin, j\u2019ai estim\u00e9 que je n\u2019avais pas \u00e0 me plier \u00e0 cette mascarade et j\u2019ai fait mine de passer sans les voir. Une petiote m\u2019a rattrap\u00e9e et m\u2019a r\u00e9clam\u00e9 mon attestation d\u2019inscription en pr\u00e9pa. \u00ab\u00a0Ah oui, c\u2019est vrai, ai-je r\u00e9pondu, il faut que je te montre mon <em>Ausweis<\/em> pour entrer dans mon propre lyc\u00e9e\u00a0\u00bb. Je l\u2019ai vue se d\u00e9composer. Pas une seconde elle n\u2019avait imagin\u00e9 qu\u2019on puisse la consid\u00e9rer comme une fasciste. Elle dut s\u2019en ouvrir \u00e0 ses camarades de lutte car le lendemain, une affiche en format A3 \u00e9tait placard\u00e9e \u00e0 l\u2019entr\u00e9e de l\u2019\u00e9tablissement\u00a0; paradoxalement, elle ne s\u2019adressait pas aux personnes qui voulaient y entrer mais aux \u00e9l\u00e8ves qui tenaient les piquets de gr\u00e8ve\u00a0: \u00ab\u00a0ils nous traitent de fascistes\u00a0!\u00a0\u00bb en \u00e9tait le titre charg\u00e9 d\u2019un \u00e9tonnement rageur. L\u2019\u00e9pisode de l\u2019<em>Ausweis<\/em> y \u00e9tait relat\u00e9\u00a0: \u00ab\u00a0alors qu\u2019elle r\u00e9clamait sa carte d\u2019\u00e9tudiante \u00e0 une \u00e9l\u00e8ve de classe pr\u00e9paratoire, l\u2019une de nos camarades s\u2019est vu r\u00e9pondre etc.\u00a0\u00bb et le document expliquait que les gr\u00e9vistes \u00e9taient d\u00e9j\u00e0 bien gentils d\u2019accepter de nous laisser entrer et qu\u2019il fallait remettre les choses \u00e0 leur place\u00a0: si fascistes il y avait, c\u2019\u00e9tait moi, c\u2019\u00e9taient tous ces gens qui ne soutenaient pas le mouvement de protestation contre le CPE et qui \u00e9taient donc \u00ab\u00a0les complices du gouvernement, du grand capital et de la police\u00a0\u00bb. Les m\u00eames rebelles \u00e0 la petite semaine furent pourtant bien oblig\u00e9s de l\u2019appeler, la police, quand quelques jours plus tard, les \u00e9l\u00e8ves de la ZEP d\u00e9cid\u00e8rent de venir casser du bourgeois gr\u00e9viste \u00e0 coups de barres de fer. Maman\u00a0! Le m\u00eame genre d\u2019incidents eut lieu dans d\u2019autres \u00e9tablissements mais les \u00e9l\u00e8ves de ZEP n\u2019\u00e9tant pas des n\u00e9onazis, le silence m\u00e9diatique autour de ces faits fut \u00e0 peu pr\u00e8s total: rien \u00e0 voir avec le <a href=\"https:\/\/www.lexpress.fr\/actualite\/societe\/montpellier-enquete-ouverte-apres-le-tabassage-d-etudiants-grevistes-dans-la-fac_1994868.html\" target=\"_blank\" rel=\"noopener\">r\u00e9cent scandale de Montpellier<\/a>&#8230;<\/p>\n<p><strong>En conclusion, je dirai juste\u00a0: laissez bosser ma petite-s\u0153ur, elle a ses partiels dans un mois et l\u00e0, elle en a vraiment marre de votre cirque<\/strong>.<\/p>\n","protected":false},"excerpt":{"rendered":"<p>\u00ab\u00a0Des \u00e9tudiants\u00a0\u00bb. Tous ?<\/p>\n","protected":false},"author":7,"featured_media":0,"comment_status":"open","ping_status":"open","sticky":false,"template":"","format":"standard","meta":{"footnotes":""},"categories":[9],"tags":[331,332,330,333,69,329],"class_list":{"0":"post-755","1":"post","2":"type-post","3":"status-publish","4":"format-standard","6":"category-articles","7":"tag-blocage-des-universites","8":"tag-enthoven","9":"tag-etudiants","10":"tag-greve","11":"tag-macron","12":"tag-marianne"},"_links":{"self":[{"href":"https:\/\/blog.causeur.fr\/lavoixdenosmaitres\/wp-json\/wp\/v2\/posts\/755","targetHints":{"allow":["GET"]}}],"collection":[{"href":"https:\/\/blog.causeur.fr\/lavoixdenosmaitres\/wp-json\/wp\/v2\/posts"}],"about":[{"href":"https:\/\/blog.causeur.fr\/lavoixdenosmaitres\/wp-json\/wp\/v2\/types\/post"}],"author":[{"embeddable":true,"href":"https:\/\/blog.causeur.fr\/lavoixdenosmaitres\/wp-json\/wp\/v2\/users\/7"}],"replies":[{"embeddable":true,"href":"https:\/\/blog.causeur.fr\/lavoixdenosmaitres\/wp-json\/wp\/v2\/comments?post=755"}],"version-history":[{"count":0,"href":"https:\/\/blog.causeur.fr\/lavoixdenosmaitres\/wp-json\/wp\/v2\/posts\/755\/revisions"}],"wp:attachment":[{"href":"https:\/\/blog.causeur.fr\/lavoixdenosmaitres\/wp-json\/wp\/v2\/media?parent=755"}],"wp:term":[{"taxonomy":"category","embeddable":true,"href":"https:\/\/blog.causeur.fr\/lavoixdenosmaitres\/wp-json\/wp\/v2\/categories?post=755"},{"taxonomy":"post_tag","embeddable":true,"href":"https:\/\/blog.causeur.fr\/lavoixdenosmaitres\/wp-json\/wp\/v2\/tags?post=755"}],"curies":[{"name":"wp","href":"https:\/\/api.w.org\/{rel}","templated":true}]}}