{"id":758,"date":"2018-04-24T21:05:08","date_gmt":"2018-04-24T21:05:08","guid":{"rendered":"https:\/\/blog.causeur.fr\/lavoixdenosmaitres\/?p=758"},"modified":"2021-04-23T15:35:00","modified_gmt":"2021-04-23T13:35:00","slug":"syrie-lexpert-cest-le-journaliste","status":"publish","type":"post","link":"https:\/\/blog.causeur.fr\/lavoixdenosmaitres\/syrie-lexpert-cest-le-journaliste-758","title":{"rendered":"Syrie: l&rsquo;expert, c&rsquo;est le journaliste"},"content":{"rendered":"<p><img loading=\"lazy\" decoding=\"async\" class=\"size-large wp-image-762\" src=\"https:\/\/blog.causeur.fr\/lavoixdenosmaitres\/files\/2018\/04\/bombardement-syrie-par-la-france-1024x512.jpg\" alt=\"Thick smoke from an airstrike by the US-led coalition rises in Kobani, Syria, as seen from a hilltop on the outskirts of Suruc, at the Turkey-Syria border, Wednesday, Oct. 22, 2014. Kobani, also known as Ayn Arab, and its surrounding areas, has been under assault by extremists of the Islamic State group since mid-September and is being defended by Kurdish fighters. (AP Photo\/Lefteris Pitarakis)\" width=\"584\" height=\"292\" srcset=\"https:\/\/blog.causeur.fr\/lavoixdenosmaitres\/wp-content\/uploads\/sites\/27\/2018\/04\/bombardement-syrie-par-la-france-1024x512.jpg 1024w, https:\/\/blog.causeur.fr\/lavoixdenosmaitres\/wp-content\/uploads\/sites\/27\/2018\/04\/bombardement-syrie-par-la-france-300x150.jpg 300w, https:\/\/blog.causeur.fr\/lavoixdenosmaitres\/wp-content\/uploads\/sites\/27\/2018\/04\/bombardement-syrie-par-la-france-768x384.jpg 768w, https:\/\/blog.causeur.fr\/lavoixdenosmaitres\/wp-content\/uploads\/sites\/27\/2018\/04\/bombardement-syrie-par-la-france-500x250.jpg 500w, https:\/\/blog.causeur.fr\/lavoixdenosmaitres\/wp-content\/uploads\/sites\/27\/2018\/04\/bombardement-syrie-par-la-france.jpg 2000w\" sizes=\"auto, (max-width: 584px) 100vw, 584px\" \/><\/p>\n<p>Une semaine apr\u00e8s la probable attaque chimique de Douma, la France bombardait donc la Syrie. Depuis le temps que nos m\u00e9dias attendaient cela : joie dans les r\u00e9dactions.<!--more--><\/p>\n<p>Nous avons l&rsquo;habitude: quand ce sont les m\u00e9chants qui font la guerre, il y a des morts, c&rsquo;est sale, c&rsquo;est moche. Les photos sont insoutenables. Quand ce sont les gentils, ou plus encore, quand c&rsquo;est nous, c&rsquo;est propre. Du moins ne nous montre-t-on pas les victimes. Cette fois-ci, <strong>il semblerait que notre intervention ait r\u00e9ellement \u00e9t\u00e9 id\u00e9alement propre puisqu&rsquo;elle n&rsquo;a fait aucune victime<\/strong>.<\/p>\n<p>Le duc de Broglie disait d\u00e9j\u00e0, en 1883: \u00ab\u00a0aujourd&rsquo;hui, d\u00e9finir la guerre est devenu presque impossible: on bombarde des villes sans \u00eatre en guerre avec leurs possesseurs\u00a0\u00bb. Encore heureux que nous n&rsquo;ayons tu\u00e9 personne : il e\u00fbt \u00e9t\u00e9 peu glorieux que cet acte de guerre sans d\u00e9claration de guerre pr\u00e9alable (n&rsquo;est-ce pas la d\u00e9finition m\u00eame du terrorisme ?) fasse des victimes, potentiellement parmi les civils. Mais cette innocuit\u00e9 de notre intervention est aussi apparue au fil des jours comme la preuve de son caract\u00e8re \u00e9minemment et strictement symbolique, autant dire de son inefficacit\u00e9 absolue. <em>Grosso modo<\/em>, depuis que BHL a d\u00e9cr\u00e9t\u00e9, un beau jour de printemps arabe que Bachar devait partir, nos journalistes veulent du sang, du sang syrien. <strong>L&rsquo;\u00e9pisode libyen (comme on dit) n&rsquo;aura pas servi de le\u00e7on<\/strong>.<\/p>\n<div id=\"ligne\"><\/div>\n<p><strong>L&rsquo;\u00e9pisode irakien non plus<\/strong>. Nous sommes somm\u00e9s de croire sans r\u00e9ticence ni restriction \u00e0 la th\u00e8se concernant les attaques chimiques. Dire \u00ab\u00a0j&rsquo;attends qu&rsquo;on nous en dise plus pour me faire une opinion\u00a0\u00bb rel\u00e8ve d\u00e9j\u00e0 du \u00ab\u00a0complotisme\u00a0\u00bb. <strong>Nous n&rsquo;avons pas le droit d&rsquo;\u00eatre devenus m\u00e9fiants, pas le droit d&rsquo;avoir de la m\u00e9moire.<\/strong><\/p>\n<p>Je dis rarement que les m\u00e9dias sont les valets du pouvoir parce que, \u00e0 la v\u00e9rit\u00e9, ils s&rsquo;estiment tout simplement au-dessus des pouvoirs. Mais l\u00e0, il faut bien reconna\u00eetre que, pour d\u00e9fendre leurs principes sup\u00e9rieurs (notamment celui selon lequel il faut abattre <em>co\u00fbte que co\u00fbte <\/em>toutes les dictatures), ils se font les avocats de l&rsquo;ind\u00e9fendable ou du difficilement d\u00e9fendable, au service de nos dirigeants.<\/p>\n<p>C&rsquo;\u00e9tait \u00e9vident, ces derniers jours, dans le d\u00e9calage qui se donnait \u00e0 entendre entre la th\u00e8se m\u00e9diatique et la parole des experts. <strong>\u00ab\u00a0Pourquoi avoir autant attendu?\u00a0\u00bb demandaient les journalistes, qui trouvaient qu&rsquo;une semaine constituait d\u00e9j\u00e0 un d\u00e9lai excessif. \u00ab\u00a0Pourquoi une telle pr\u00e9cipitation?\u00a0\u00bb r\u00e9pondaient les sp\u00e9cialistes de g\u00e9opolitique ou d&rsquo;affaires militaires, bien plus prudents.<\/strong><\/p>\n<p><strong>\u00ab\u00a0Le gouvernement publie les preuves !\u00a0\u00bb nous rab\u00e2chait-on sur un ton triomphal<\/strong>, comme si on allait enfin pouvoir rabattre leur caquet aux \u00ab\u00a0complotistes\u00a0\u00bb, qui ne sont pourtant jamais que des sceptiques un peu \u00e9chaud\u00e9s par quelques supercheries m\u00e9diatiques et comme tels, pas n\u00e9cessairement des idiots.<\/p>\n<p>Mais <strong>que les preuves fussent publi\u00e9es apr\u00e8s les frappes, cela ne g\u00eanait que les sp\u00e9cialistes, pas les journalistes<\/strong>. Ces derniers d&rsquo;ailleurs, se contentaient fort bien de cette publication et <strong>estimaient, apparemment, que la lecture du document ne s&rsquo;imposait pas<\/strong>. Il existait, et c&rsquo;\u00e9tait d\u00e9j\u00e0 bien. J&rsquo;ai m\u00eame entendu : \u00ab\u00a0c&rsquo;est un document qui contient des textes et des images\u00a0\u00bb. Merci !<\/p>\n<p>Pour ceux que cela int\u00e9resse et qui ne l&rsquo;auraient pas encore consult\u00e9, le rapport est disponible ici : https:\/\/www.defense.gouv.fr\/content\/download\/528742\/9123389\/file\/180414%20-%20Syrie%20-%20Synthe%CC%80se%20-%20Les%20faits.pdf<\/p>\n<p>Les \u00e9l\u00e9ments m\u00e9dicaux semblent, en effet, accr\u00e9diter la th\u00e8se de l&rsquo;attaque au chlore mais le document en lui-m\u00eame ne comporte pas de \u00ab\u00a0preuve\u00a0\u00bb au sujet, pourtant crucial, de l&rsquo;origine des attaques. On e\u00fbt attendu, et nombreuses, les \u00e9missions de \u00ab\u00a0d\u00e9cryptage\u00a0\u00bb de ces \u00ab\u00a0preuves\u00a0\u00bb&#8230;<\/p>\n<p>&nbsp;<\/p>\n<p>&nbsp;<\/p>\n","protected":false},"excerpt":{"rendered":"<p>Une semaine apr\u00e8s la probable attaque chimique de Douma, la France bombardait donc la Syrie. Depuis le temps que nos m\u00e9dias attendaient cela : joie dans les r\u00e9dactions.<\/p>\n","protected":false},"author":7,"featured_media":0,"comment_status":"open","ping_status":"open","sticky":false,"template":"","format":"standard","meta":{"footnotes":""},"categories":[9],"tags":[307,334,335,69,306],"class_list":{"0":"post-758","1":"post","2":"type-post","3":"status-publish","4":"format-standard","6":"category-articles","7":"tag-bachar-el-assad","8":"tag-bombardements","9":"tag-experts","10":"tag-macron","11":"tag-syrie"},"_links":{"self":[{"href":"https:\/\/blog.causeur.fr\/lavoixdenosmaitres\/wp-json\/wp\/v2\/posts\/758","targetHints":{"allow":["GET"]}}],"collection":[{"href":"https:\/\/blog.causeur.fr\/lavoixdenosmaitres\/wp-json\/wp\/v2\/posts"}],"about":[{"href":"https:\/\/blog.causeur.fr\/lavoixdenosmaitres\/wp-json\/wp\/v2\/types\/post"}],"author":[{"embeddable":true,"href":"https:\/\/blog.causeur.fr\/lavoixdenosmaitres\/wp-json\/wp\/v2\/users\/7"}],"replies":[{"embeddable":true,"href":"https:\/\/blog.causeur.fr\/lavoixdenosmaitres\/wp-json\/wp\/v2\/comments?post=758"}],"version-history":[{"count":0,"href":"https:\/\/blog.causeur.fr\/lavoixdenosmaitres\/wp-json\/wp\/v2\/posts\/758\/revisions"}],"wp:attachment":[{"href":"https:\/\/blog.causeur.fr\/lavoixdenosmaitres\/wp-json\/wp\/v2\/media?parent=758"}],"wp:term":[{"taxonomy":"category","embeddable":true,"href":"https:\/\/blog.causeur.fr\/lavoixdenosmaitres\/wp-json\/wp\/v2\/categories?post=758"},{"taxonomy":"post_tag","embeddable":true,"href":"https:\/\/blog.causeur.fr\/lavoixdenosmaitres\/wp-json\/wp\/v2\/tags?post=758"}],"curies":[{"name":"wp","href":"https:\/\/api.w.org\/{rel}","templated":true}]}}