{"id":776,"date":"2018-05-17T14:22:44","date_gmt":"2018-05-17T14:22:44","guid":{"rendered":"https:\/\/blog.causeur.fr\/lavoixdenosmaitres\/?p=776"},"modified":"2021-04-23T15:35:00","modified_gmt":"2021-04-23T13:35:00","slug":"gaza-des-images-et-des-mots","status":"publish","type":"post","link":"https:\/\/blog.causeur.fr\/lavoixdenosmaitres\/gaza-des-images-et-des-mots-776","title":{"rendered":"Gaza : des images&#8230; et des mots"},"content":{"rendered":"<p><img loading=\"lazy\" decoding=\"async\" class=\"size-full wp-image-777 aligncenter\" src=\"https:\/\/blog.causeur.fr\/lavoixdenosmaitres\/files\/2018\/05\/gaza2.jpg\" alt=\"gaza2\" width=\"1000\" height=\"625\" srcset=\"https:\/\/blog.causeur.fr\/lavoixdenosmaitres\/wp-content\/uploads\/sites\/27\/2018\/05\/gaza2.jpg 1000w, https:\/\/blog.causeur.fr\/lavoixdenosmaitres\/wp-content\/uploads\/sites\/27\/2018\/05\/gaza2-300x188.jpg 300w, https:\/\/blog.causeur.fr\/lavoixdenosmaitres\/wp-content\/uploads\/sites\/27\/2018\/05\/gaza2-768x480.jpg 768w, https:\/\/blog.causeur.fr\/lavoixdenosmaitres\/wp-content\/uploads\/sites\/27\/2018\/05\/gaza2-480x300.jpg 480w\" sizes=\"auto, (max-width: 1000px) 100vw, 1000px\" \/><\/p>\n<p>Je sais bien que les Juifs sont fourbes et menteurs, mais quand m\u00eame&#8230;<!--more--><\/p>\n<p>Le conflit isra\u00e9lo-palestinien m\u2019appara\u00eet typiquement comme un sujet sur lequel il faut savoir se retenir de prendre parti quand on n\u2019y conna\u00eet rien, qu\u2019on n\u2019est pas directement concern\u00e9 et qu\u2019on n\u2019a donc rien d\u2019autre \u00e0 plaquer sur les faits que des id\u00e9es simplistes g\u00e9n\u00e9reusement procur\u00e9es par des journalistes souvent gu\u00e8re mieux inform\u00e9s que le commun des mortels.<\/p>\n<h1>Le droit de ne pas prendre parti sur le fond du conflit<\/h1>\n<p>Comme je n\u2019avais pas la t\u00e9l\u00e9vision et ne m\u2019int\u00e9ressais pas du tout \u00e0 l\u2019actu, mes camarades de lyc\u00e9e s\u2019\u00e9taient un jour avis\u00e9s qu\u2019il fallait me tenir au courant de cette affaire et m\u2019emp\u00eacher de penser mal. On m\u2019avait donc dit\u00a0: <strong>autrefois, les Juifs, c\u2019\u00e9taient des victimes mais maintenant en Isra\u00ebl, ils font subir aux autres ce qu\u2019ils ont subi sous Hitler. Les choses \u00e9taient claires, faciles \u00e0 comprendre<\/strong>, l\u2019analyse coulait de source et il fait peu de doute que cette unanimit\u00e9 b\u00eatassonne venait directement du <strong>conditionnement m\u00e9diatique<\/strong>. Au demeurant, <strong>\u00e0 tous ceux qui pr\u00e9tendent que les Juifs sont tout-puissants dans les m\u00e9dias, j\u2019oppose cette objection\u00a0: alors, pourquoi les m\u00e9dias sont-ils globalement pro-palestinens\u00a0?<\/strong><\/p>\n<p>Moi je ne suis pro-rien du tout. Mon c\u00f4t\u00e9 catho m&rsquo;incite tout de m\u00eame \u00e0 trouver \u00e9trange que certains groupes politiques isra\u00e9liens se tordent les m\u00e9ninges afin de concocter des <a href=\"http:\/\/www.lemonde.fr\/proche-orient\/article\/2018\/02\/26\/les-eglises-a-jerusalem-decident-de-fermer-le-saint-sepulcre-pour-protester-contre-israel_5262467_3218.html\" target=\"_blank\" rel=\"noopener\">projets de lois fiscales visant \u00e0 exproprier les \u00e9glises chr\u00e9tiennes de leurs biens fonciers dans J\u00e9rusalem<\/a>, esp\u00e9rant ainsi faire d\u00e9guerpir une communaut\u00e9 qui repr\u00e9sente moins de 2% de la population du pays et ne constitue une menace pour personne.<\/p>\n<p>Mais pour ce qui est du conflit en lui-m\u00eame, on pourrait s\u2019amuser \u00e0 remonter dans le temps pour pointer <strong>les responsabilit\u00e9s des uns et des autres, \u00e0 commencer par celles de la \u00ab\u00a0communaut\u00e9 internationale\u00a0\u00bb, cette grosse machine anonyme qui a l\u2019art de cr\u00e9er des probl\u00e8mes dont elle se lave ensuite les mains<\/strong>&#8230;<\/p>\n<h1>Silence g\u00ean\u00e9<\/h1>\n<p>Mais ce qui a retenu mon attention ces derniers jours, durant les \u00e9meutes de Gaza, c\u2019est le silence des journalistes quand ils recevaient des responsables isra\u00e9liens. Les questions pos\u00e9es \u00e9taient toujours les m\u00eames, sur la disproportion entre la nature de l\u2019agression et la riposte militaire. Les termes qui revenaient pour d\u00e9crire l\u2019attitude des Palestiniens sont les suivants, j\u2019ai not\u00e9\u00a0: \u00ab\u00a0manifestation pacifique\u00a0\u00bb, \u00ab\u00a0des femmes et des enfants\u00a0\u00bb, \u00ab\u00a0marcher le long de la fronti\u00e8re en ce jour de comm\u00e9moration de la Nakba\u00a0\u00bb. En fait, les \u00e9meutes du 14 mai, c\u2019\u00e9tait un \u00e9quivalent de la Manif Pour Tous. Devions-nous croire.<\/p>\n<div id=\"ligne\"><\/div>\n<p>Les autorit\u00e9s isra\u00e9liennes r\u00e9pondaient en parlant de \u00ab\u00a0terroristes\u00a0\u00bb, d\u2019\u00ab\u00a0assauts contre la cl\u00f4ture de s\u00e9curit\u00e9\u00a0\u00bb, de \u00ab\u00a0grenades\u00a0\u00bb, de \u00ab\u00a0cocktail molotov\u00a0\u00bb et de \u00ab\u00a0cerfs-volants enflamm\u00e9s\u00a0\u00bb.<\/p>\n<p>Et nos journalistes ne disaient rien, ne r\u00e9pondaient rien, ne r\u00e9pliquaient pas m\u00eame quelque chose comme \u00ab\u00a0ce n&rsquo;est pas ce qu&rsquo;on voit sur les images\u00a0\u00bb ou \u00ab\u00a0avez-vous la preuve de ce que vous avancez ?\u00a0\u00bb. <strong>Ils laissaient dire. Et c&rsquo;est cela qui s\u00e8me le doute<\/strong>. <strong>Comme si leur interlocuteur disait une chose qu&rsquo;ils savaient vraie mais qu&rsquo;ils \u00e9taient d\u00e9cid\u00e9s \u00e0 ne pas dire eux-m\u00eames.<\/strong><\/p>\n<h1>De la \u00ab\u00a0fum\u00e9e\u00a0\u00bb, des \u00ab\u00a0enfants\u00a0\u00bb et un \u00ab\u00a0d\u00e9rapage\u00a0\u00bb<\/h1>\n<p>Alors, on regarde avec plus d&rsquo;attention les photographies. Et l&rsquo;on se rend compte, par exemple (et sans m\u00eame \u00e9voquer les <a href=\"https:\/\/fr.timesofisrael.com\/gaza-des-cerfs-volants-enflammes-a-lorigine-dincendies-en-israel\/\" target=\"_blank\" rel=\"noopener\">cerfs-volants enflamm\u00e9s<\/a>) que la fum\u00e9e sur beaucoup d&rsquo;images ne provient pas des grenades lacrymog\u00e8nes lanc\u00e9es par l&rsquo;arm\u00e9e (fum\u00e9e blanche), mais bien de <strong>d\u00e9parts d\u2019incendies allum\u00e9s du c\u00f4t\u00e9 palestinien en divers points de la fronti\u00e8re<\/strong>. Outre la volont\u00e9 manifeste de d\u00e9truire celle-ci, la fum\u00e9e d\u00e9gag\u00e9e, noire, \u00e9paisse et grasse (manifestement des pneus qui br\u00fblent) rend impossible l\u2019identification des \u00e9ventuels assaillants par les tireurs et explique sans doute en grande partie la pr\u00e9sence d\u2019enfants parmi les victimes.<\/p>\n<p>Encore faut-il voir <strong>ce qu\u2019on entend par \u00ab\u00a0enfants<\/strong>\u00a0\u00bb : si la <a href=\"http:\/\/www.lepoint.fr\/monde\/a-gaza-une-famille-pleure-son-bebe-mort-asphyxie-par-du-gaz-lacrymogene-15-05-2018-2218593_24.php\" target=\"_blank\" rel=\"noopener\">mort d\u2019un b\u00e9b\u00e9 par asphyxie est av\u00e9r\u00e9e<\/a> (mais est-elle plus imputable aux lacrymog\u00e8nes de l\u2019arm\u00e9e qu\u2019aux fum\u00e9es toxiques d\u00e9gag\u00e9es par les pneumatiques en flammes\u00a0?), quels \u00e9taient l\u2019\u00e2ge et le niveau d\u2019implication des autres \u00ab\u00a0enfants\u00a0\u00bb\u00a0? <strong>Un ado fanatis\u00e9 et form\u00e9 aux techniques de gu\u00e9rilla dans les camps d\u2019\u00e9t\u00e9 du Hamas est certes \u00ab\u00a0un enfant\u00a0\u00bb<\/strong>. <strong>Mais c\u2019est un enfant soldat<\/strong>. Autant dire qu\u2019il repr\u00e9sente un r\u00e9el danger pour l\u2019ennemi (en m\u00eame temps qu\u2019une perte n\u00e9gligeable pour le groupe arm\u00e9 qui l\u2019emploie comme chair \u00e0 canon, \u00e9videmment)\u00a0:<\/p>\n<p><img loading=\"lazy\" decoding=\"async\" class=\"aligncenter size-large wp-image-778\" src=\"https:\/\/blog.causeur.fr\/lavoixdenosmaitres\/files\/2018\/05\/camp-du-Hamas-1024x512.jpg\" alt=\"camp du Hamas\" width=\"584\" height=\"292\" srcset=\"https:\/\/blog.causeur.fr\/lavoixdenosmaitres\/wp-content\/uploads\/sites\/27\/2018\/05\/camp-du-Hamas-1024x512.jpg 1024w, https:\/\/blog.causeur.fr\/lavoixdenosmaitres\/wp-content\/uploads\/sites\/27\/2018\/05\/camp-du-Hamas-300x150.jpg 300w, https:\/\/blog.causeur.fr\/lavoixdenosmaitres\/wp-content\/uploads\/sites\/27\/2018\/05\/camp-du-Hamas-768x384.jpg 768w, https:\/\/blog.causeur.fr\/lavoixdenosmaitres\/wp-content\/uploads\/sites\/27\/2018\/05\/camp-du-Hamas-500x250.jpg 500w, https:\/\/blog.causeur.fr\/lavoixdenosmaitres\/wp-content\/uploads\/sites\/27\/2018\/05\/camp-du-Hamas.jpg 1280w\" sizes=\"auto, (max-width: 584px) 100vw, 584px\" \/><\/p>\n<p>De m\u00eame, <strong>le bon vieux mot de \u00ab\u00a0d\u00e9rapage\u00a0\u00bb a ressurgi dans l\u2019actualit\u00e9<\/strong> pour <a href=\"http:\/\/www.lemonde.fr\/international\/article\/2018\/05\/15\/derapage-verbal-de-l-ambassadrice-d-israel-en-belgique-a-propos-des-terroristes-de-la-bande-de-gaza_5299459_3210.htmlhttp:\/\/www.lemonde.fr\/international\/article\/2018\/05\/15\/derapage-verbal-de-l-ambassadrice-d-israel-en-belgique-a-propos-des-terroristes-de-la-bande-de-gaza_5299459_3210.html\" target=\"_blank\" rel=\"noopener\">qualifier les propos de l\u2019ambassadrice d\u2019Isra\u00ebl en Belgique, Simona Frankel<\/a> qui, le 15 mai, a qualifi\u00e9 de \u00ab\u00a0terroristes\u00a0\u00bb les \u00ab\u00a055\u00a0\u00bb personnes mortes sous les balles de l\u2019arm\u00e9e isra\u00e9lienne. <strong>Le 16 mai, <a href=\"https:\/\/www.timesofisrael.com\/hamas-official-50-of-the-people-killed-in-gaza-riots-were-members\/\" target=\"_blank\" rel=\"noopener\">le Hamas d\u00e9clarait lui-m\u00eame que \u00ab\u00a050\u00a0\u00bb de ses membres \u00e9taient au nombre des 62 victimes (selon ses propres chiffres)<\/a>. Le d\u00e9rapage n\u2019\u00e9tait donc pas si d\u00e9rapage que cela.<\/strong><\/p>\n<h1>Quand une radio sauve l&rsquo;honneur de la profession<\/h1>\n<p>Elle n&rsquo;est s\u00fbrement pas le seul m\u00e9dia \u00e0 prendre ses distances vis-\u00e0-vis de ce qui s&rsquo;impose comme la th\u00e8se officielle mais ils sont si rares qu&rsquo;il faut les chercher, ceux qui font ce choix. Aussi doit-on reconna\u00eetre \u00e0 <a href=\"http:\/\/www.europe1.fr\/international\/journee-sanglante-a-gaza-quelle-est-limplication-reelle-du-hamas-3652694\" target=\"_blank\" rel=\"noopener\"><em>Europe 1<\/em><\/a>, par la voix de son envoy\u00e9e sp\u00e9ciale\u00a0sur place, le m\u00e9rite d\u2019avoir donn\u00e9 une image (si l\u2019on peut dire) moins caricaturale que d\u2019autres de la situation. Gwendoline Debono qui intervenait dans la matinale du 15 mai a promen\u00e9 son micro en retrait de la zone tampon et enregistr\u00e9 <strong>les exhortations de membres du Hamas galvanisant la foule, dans une d\u00e9marche tr\u00e8s claire de r\u00e9cup\u00e9ration du mouvement<\/strong> visant \u00e0 envenimer la situation et \u00e0 susciter des victimes dans le camp palestinien, une strat\u00e9gie comme une autre, de plus en plus exploit\u00e9e \u00e0 l\u2019heure des r\u00e9seaux sociaux, des photos \u00ab\u00a0virales\u00a0\u00bb et des vid\u00e9os qui font \u00ab\u00a0le buzz\u00a0\u00bb. <strong>On assiste d\u2019ailleurs en direct au calibrage du discours \u00e0 destination des m\u00e9dias<\/strong> dans le reportage d\u2019<em>Europe 1<\/em>, lorsque le responsable de quartier, membre du Hamas, recommande au jeune homme interview\u00e9 par la radio fran\u00e7aise : \u00ab\u00a0fais attention \u00e0 ce que tu dis quand tu parles : c&rsquo;est une <em>manifestation pacifique<\/em> \u00bb &#8211; \u00ab\u00a0Oui je sais, <em>pacifique<\/em>\u00a0\u00bb (00:44)<\/p>\n<p>Il ne s\u2019agit pas, face \u00e0 la th\u00e8se dominante qui pr\u00e9sente Isra\u00ebl en pers\u00e9cuteur et les Palestiniens en victimes, de soutenir par principe la version contraire. Seulement de rappeler qu\u2019une guerre est une guerre, et qu\u2019<strong>une foule fanatis\u00e9e a peu \u00e0 envier \u00e0 la puissance d\u2019une arm\u00e9e, surtout quand elle a pour elle la force des images<\/strong>. Et celle d\u2019un enfant mort peut avoir un impact diplomatique aussi puissant qu\u2019un missile.<\/p>\n","protected":false},"excerpt":{"rendered":"<p>Je sais bien que les Juifs sont fourbes et menteurs, mais quand m\u00eame&#8230;<\/p>\n","protected":false},"author":7,"featured_media":0,"comment_status":"open","ping_status":"open","sticky":false,"template":"","format":"standard","meta":{"footnotes":""},"categories":[9],"tags":[340,62,338,337,13,339,257],"class_list":{"0":"post-776","1":"post","2":"type-post","3":"status-publish","4":"format-standard","6":"category-articles","7":"tag-derapage","8":"tag-europe-1","9":"tag-hamas","10":"tag-israel","11":"tag-le-monde","12":"tag-naqba","13":"tag-silence"},"_links":{"self":[{"href":"https:\/\/blog.causeur.fr\/lavoixdenosmaitres\/wp-json\/wp\/v2\/posts\/776","targetHints":{"allow":["GET"]}}],"collection":[{"href":"https:\/\/blog.causeur.fr\/lavoixdenosmaitres\/wp-json\/wp\/v2\/posts"}],"about":[{"href":"https:\/\/blog.causeur.fr\/lavoixdenosmaitres\/wp-json\/wp\/v2\/types\/post"}],"author":[{"embeddable":true,"href":"https:\/\/blog.causeur.fr\/lavoixdenosmaitres\/wp-json\/wp\/v2\/users\/7"}],"replies":[{"embeddable":true,"href":"https:\/\/blog.causeur.fr\/lavoixdenosmaitres\/wp-json\/wp\/v2\/comments?post=776"}],"version-history":[{"count":0,"href":"https:\/\/blog.causeur.fr\/lavoixdenosmaitres\/wp-json\/wp\/v2\/posts\/776\/revisions"}],"wp:attachment":[{"href":"https:\/\/blog.causeur.fr\/lavoixdenosmaitres\/wp-json\/wp\/v2\/media?parent=776"}],"wp:term":[{"taxonomy":"category","embeddable":true,"href":"https:\/\/blog.causeur.fr\/lavoixdenosmaitres\/wp-json\/wp\/v2\/categories?post=776"},{"taxonomy":"post_tag","embeddable":true,"href":"https:\/\/blog.causeur.fr\/lavoixdenosmaitres\/wp-json\/wp\/v2\/tags?post=776"}],"curies":[{"name":"wp","href":"https:\/\/api.w.org\/{rel}","templated":true}]}}