{"id":805,"date":"2018-06-26T13:07:06","date_gmt":"2018-06-26T13:07:06","guid":{"rendered":"https:\/\/blog.causeur.fr\/lavoixdenosmaitres\/?p=805"},"modified":"2021-04-23T15:35:00","modified_gmt":"2021-04-23T13:35:00","slug":"la-turquie-na-pas-saute-dans-linconnu","status":"publish","type":"post","link":"https:\/\/blog.causeur.fr\/lavoixdenosmaitres\/la-turquie-na-pas-saute-dans-linconnu-805","title":{"rendered":"La Turquie n&rsquo;a pas \u00ab\u00a0saut\u00e9 dans l&rsquo;inconnu\u00a0\u00bb"},"content":{"rendered":"<p><img loading=\"lazy\" decoding=\"async\" class=\"size-large wp-image-806\" src=\"https:\/\/blog.causeur.fr\/lavoixdenosmaitres\/files\/2018\/06\/erdogan-1024x693.jpg\" alt=\"Turkish Prime Minister Tayyip Erdogan attends an inauguration ceremony of a natural gas pipeline from Turkey to Greece, at Ipsala border crossing between Greece and Turkey, November 18, 2007. The pipeline will carry natural gas from Azerbaijan to the European Union. REUTERS\/Grigoris Siamidis (GREECE) - RTX322O\" width=\"584\" height=\"395\" srcset=\"https:\/\/blog.causeur.fr\/lavoixdenosmaitres\/wp-content\/uploads\/sites\/27\/2018\/06\/erdogan-1024x693.jpg 1024w, https:\/\/blog.causeur.fr\/lavoixdenosmaitres\/wp-content\/uploads\/sites\/27\/2018\/06\/erdogan-300x203.jpg 300w, https:\/\/blog.causeur.fr\/lavoixdenosmaitres\/wp-content\/uploads\/sites\/27\/2018\/06\/erdogan-768x519.jpg 768w, https:\/\/blog.causeur.fr\/lavoixdenosmaitres\/wp-content\/uploads\/sites\/27\/2018\/06\/erdogan-444x300.jpg 444w\" sizes=\"auto, (max-width: 584px) 100vw, 584px\" \/><\/p>\n<p>Nos m\u00e9dias devraient \u00eatre contents. <!--more--><\/p>\n<p>Il n&rsquo;y a pas eu de \u00ab\u00a0<strong>surprise<\/strong> Muharrem Ince\u00a0\u00bb. La Turquie n&rsquo;a pas \u00ab\u00a0<strong>saut\u00e9 dans l&rsquo;inconnu\u00a0\u00bb<\/strong>. On se souvient que ces deux expressions s&rsquo;appliquent en langage m\u00e9diatique \u00e0 des situations o\u00f9 les peuples optent pour un changement jug\u00e9 <strong>mauvais et, par cons\u00e9quent<\/strong> (cette logique est \u00e9trange mais c&rsquo;est celle des journalistes), <strong>impossible<\/strong>. Un changement qui ne s&rsquo;inscrit pas dans la grande et inexorable marche vers le Bien et perturbe donc le sens de l&rsquo;histoire.<\/p>\n<p>En Turquie, c&rsquo;est l&rsquo;inverse. <strong>La couverture m\u00e9diatique de l&rsquo;\u00e9lection pr\u00e9sidentielle nous avait laiss\u00e9 penser que la \u00ab\u00a0surprise\u00a0\u00bb serait qu&rsquo;il n&rsquo;y e\u00fbt pas de changement.<\/strong><\/p>\n<p>On en \u00e9tait \u00e0 se poser des questions comme :<\/p>\n<p><img loading=\"lazy\" decoding=\"async\" class=\"aligncenter size-full wp-image-807\" src=\"https:\/\/blog.causeur.fr\/lavoixdenosmaitres\/files\/2018\/06\/erdogan2.jpg\" alt=\"erdogan2\" width=\"663\" height=\"108\" srcset=\"https:\/\/blog.causeur.fr\/lavoixdenosmaitres\/wp-content\/uploads\/sites\/27\/2018\/06\/erdogan2.jpg 663w, https:\/\/blog.causeur.fr\/lavoixdenosmaitres\/wp-content\/uploads\/sites\/27\/2018\/06\/erdogan2-300x49.jpg 300w, https:\/\/blog.causeur.fr\/lavoixdenosmaitres\/wp-content\/uploads\/sites\/27\/2018\/06\/erdogan2-500x81.jpg 500w\" sizes=\"auto, (max-width: 663px) 100vw, 663px\" \/><\/p>\n<p><img loading=\"lazy\" decoding=\"async\" class=\"aligncenter size-full wp-image-808\" src=\"https:\/\/blog.causeur.fr\/lavoixdenosmaitres\/files\/2018\/06\/erdogan3.jpg\" alt=\"erdogan3\" width=\"882\" height=\"119\" srcset=\"https:\/\/blog.causeur.fr\/lavoixdenosmaitres\/wp-content\/uploads\/sites\/27\/2018\/06\/erdogan3.jpg 882w, https:\/\/blog.causeur.fr\/lavoixdenosmaitres\/wp-content\/uploads\/sites\/27\/2018\/06\/erdogan3-300x40.jpg 300w, https:\/\/blog.causeur.fr\/lavoixdenosmaitres\/wp-content\/uploads\/sites\/27\/2018\/06\/erdogan3-768x104.jpg 768w, https:\/\/blog.causeur.fr\/lavoixdenosmaitres\/wp-content\/uploads\/sites\/27\/2018\/06\/erdogan3-500x67.jpg 500w\" sizes=\"auto, (max-width: 882px) 100vw, 882px\" \/><\/p>\n<p>On ne se demande pas si le principal opposant peut gagner mais si le pr\u00e9sident qu&rsquo;on d\u00e9teste peut perdre. <strong>Ce choix de formulation rel\u00e8ve de la proph\u00e9tie autor\u00e9alisatrice<\/strong> : on se pose la question parce qu&rsquo;on voudrait que la question se pose. Il y a quelque chose du \u00ab\u00a0ah si seulement&#8230;\u00a0\u00bb dans le choix de l&rsquo;angle.<\/p>\n<p>Les m\u00e9dias n&rsquo;ont pas encore compris qu&rsquo;on ne leur demande pas de lire dans le marc de caf\u00e9 ni de se\/nous faire croire que la Turquie vit \u00ab\u00a0la fin de l&rsquo;\u00e8re Erdogan\u00a0\u00bb (tout souhaitable que cela f\u00fbt), quand ce n&rsquo;est pas vrai !<\/p>\n<p>Un examen des forces en pr\u00e9sence, une pr\u00e9sentation rigoureuse de la situation politique en Turquie, c&rsquo;est d\u00e9j\u00e0 tr\u00e8s bien. C&rsquo;est m\u00eame tout ce que nous attendons d&rsquo;eux.<\/p>\n<div id=\"ligne\"><\/div>\n<p>Au lieu de cela, <strong>les projecteurs \u00e9taient braqu\u00e9s sur les opposants \u00e0 Erdogan, avec une telle insistance que le pr\u00e9sident turc apparaissait affaibli et impopulaire<\/strong>. Telle est la force de suggestion du discours m\u00e9diatique : ce qu&rsquo;on ne voit pas n&rsquo;existe pas. Si on ne nous montre pas les soutiens d&rsquo;Erdogan, c&rsquo;est qu&rsquo;il n&rsquo;en a pas. Si on nous les montre peu, c&rsquo;est qu&rsquo;il y en a peu. Et l&rsquo;on sent trop combien nos journalistes r\u00eaveraient qu&rsquo;il n&rsquo;y en e\u00fbt point.<\/p>\n<p>Il devait bien y en avoir quelques uns pourtant, puisqu&rsquo;il a gagn\u00e9 l&rsquo;\u00e9lection.<\/p>\n<p>Ce qui surprend, c&rsquo;est la mani\u00e8re de faire. <strong>On nous r\u00e9p\u00e8te \u00e0 longueur de temps qu&rsquo;Erdogan est \u00ab\u00a0tr\u00e8s populaire\u00a0\u00bb et soudain, parce qu&rsquo;une opposition un peu forte semble appara\u00eetre dans le paysage politique turc, on nous donne l&rsquo;impression caricaturalement inverse<\/strong>. Au point de nous parler d&rsquo;un second tour Ince-Erdogan et m\u00eame des chances de victoire du principal opposant \u00e0 l&rsquo;actuel pr\u00e9sident.<\/p>\n<p>Faire de l&rsquo;information, ce n&rsquo;est pas prendre ses r\u00eaves pour des r\u00e9alit\u00e9s. Quand nous n&rsquo;\u00e9tions pas sages en voiture, nos parents nous conseillaient de jouer \u00e0 faire dispara\u00eetre les nuages. On regarde le ciel, on cible mentalement un nuage en particulier, puis on ferme les yeux et on imagine qu&rsquo;il n&rsquo;existe pas. Il arrive qu&rsquo;au bout de trois quarts d&rsquo;heure, le nuage ait effectivement disparu, ne serait-ce qu&rsquo;\u00e0 cause du vent. Mais la plupart du temps, il faut bien constater que notre puissance d&rsquo;action sur le nuage est totalement nulle.<\/p>\n<p>Les journalistes devraient cesser de croire qu&rsquo;un <a href=\"http:\/\/www.lepoint.fr\/monde\/turquie-erdogan-le-dictateur-24-05-2018-2220979_24.php\" target=\"_blank\" rel=\"noopener\">dictateur,<\/a> pardon, un <a href=\"https:\/\/www.lemonde.fr\/idees\/article\/2018\/06\/25\/erdogan-reelu-les-turcs-face-a-l-hyper-presidence_5320837_3232.html\" target=\"_blank\" rel=\"noopener\">\u00ab\u00a0hyperpr\u00e9sident\u00a0\u00bb <\/a>(on appr\u00e9ciera le courage du <em>Monde<\/em> qui recourt \u00e0 un terme inad\u00e9quat en le mettant entre guillemets pour montrer qu&rsquo;il ne convient pas !) est comme un nuage, qu&rsquo;on peut faire dispara\u00eetre par la seule force de l&rsquo;esprit.<\/p>\n<p>Cela fait des ann\u00e9es qu&rsquo;on nous annonce \u00ab\u00a0la fin de l&rsquo;\u00e8re Erdogan\u00a0\u00bb\u00a0 (voir ici: <a href=\"http:\/\/www.slate.fr\/tribune\/81561\/erdogan-turquie-2014-annee-trop\" target=\"_blank\" rel=\"noopener\">\u00ab\u00a02014, l&rsquo;ann\u00e9e de trop pour Erdogan?\u00a0\u00bb<\/a>, encore un souhait en forme de question&#8230;) sur le mode: tous les Turcs en ont marre, il est trop autoritaire, etc. Et en m\u00eame temps, on nous rab\u00e2che, avec une surprise mal dissimul\u00e9e, qu&rsquo;il \u00ab\u00a0reste tr\u00e8s populaire\u00a0\u00bb. Mais il faut \u00eatre ignare pour s&rsquo;en \u00e9tonner : plus puissante que toutes les peurs et toutes les r\u00e9pressions, <strong>l&rsquo;affection qu&rsquo;un peuple voue \u00e0 son chef est l&rsquo;essence m\u00eame du pouvoir autocratique<\/strong>, qui lui donne les coud\u00e9es franches pour imposer n&rsquo;importe quoi, qui d\u00e9courage les oppositions et inspire \u00e0 ceux qui r\u00eaveraient d&rsquo;un coup d\u2019\u00c9tat la crainte d&rsquo;\u00eatre lynch\u00e9s par une foule en larmes.<\/p>\n","protected":false},"excerpt":{"rendered":"<p>Nos m\u00e9dias devraient \u00eatre contents.<\/p>\n","protected":false},"author":7,"featured_media":0,"comment_status":"open","ping_status":"open","sticky":false,"template":"","format":"standard","meta":{"footnotes":""},"categories":[9],"tags":[92,350,13,20,192,351],"class_list":{"0":"post-805","1":"post","2":"type-post","3":"status-publish","4":"format-standard","6":"category-articles","7":"tag-bfm-tv","8":"tag-erdogan","9":"tag-le-monde","10":"tag-le-point","11":"tag-predictions","12":"tag-turquie"},"_links":{"self":[{"href":"https:\/\/blog.causeur.fr\/lavoixdenosmaitres\/wp-json\/wp\/v2\/posts\/805","targetHints":{"allow":["GET"]}}],"collection":[{"href":"https:\/\/blog.causeur.fr\/lavoixdenosmaitres\/wp-json\/wp\/v2\/posts"}],"about":[{"href":"https:\/\/blog.causeur.fr\/lavoixdenosmaitres\/wp-json\/wp\/v2\/types\/post"}],"author":[{"embeddable":true,"href":"https:\/\/blog.causeur.fr\/lavoixdenosmaitres\/wp-json\/wp\/v2\/users\/7"}],"replies":[{"embeddable":true,"href":"https:\/\/blog.causeur.fr\/lavoixdenosmaitres\/wp-json\/wp\/v2\/comments?post=805"}],"version-history":[{"count":0,"href":"https:\/\/blog.causeur.fr\/lavoixdenosmaitres\/wp-json\/wp\/v2\/posts\/805\/revisions"}],"wp:attachment":[{"href":"https:\/\/blog.causeur.fr\/lavoixdenosmaitres\/wp-json\/wp\/v2\/media?parent=805"}],"wp:term":[{"taxonomy":"category","embeddable":true,"href":"https:\/\/blog.causeur.fr\/lavoixdenosmaitres\/wp-json\/wp\/v2\/categories?post=805"},{"taxonomy":"post_tag","embeddable":true,"href":"https:\/\/blog.causeur.fr\/lavoixdenosmaitres\/wp-json\/wp\/v2\/tags?post=805"}],"curies":[{"name":"wp","href":"https:\/\/api.w.org\/{rel}","templated":true}]}}