{"id":823,"date":"2018-07-20T08:53:30","date_gmt":"2018-07-20T08:53:30","guid":{"rendered":"https:\/\/blog.causeur.fr\/lavoixdenosmaitres\/?p=823"},"modified":"2021-04-23T15:34:59","modified_gmt":"2021-04-23T13:34:59","slug":"quels-consultants-coupe-monde-2038","status":"publish","type":"post","link":"https:\/\/blog.causeur.fr\/lavoixdenosmaitres\/quels-consultants-coupe-monde-2038-823","title":{"rendered":"Quels consultants pour la Coupe du Monde 2038 ?"},"content":{"rendered":"<p><img loading=\"lazy\" decoding=\"async\" class=\"irc_mi\" src=\"https:\/\/images.performgroup.com\/di\/library\/GOAL\/7c\/9c\/paul-pogba-france_820t85c9kj7w1l5cr7ict4fyz.jpg?t=843301702&amp;quality=90&amp;w=1280\" alt=\"R\u00e9sultat de recherche d'images pour &quot;pogba but mondial 2018 best&quot;\" width=\"628\" height=\"353\" \/><\/p>\n<p>\u00ab A l&rsquo;Atl\u00e9tico, on est une \u00e9quipe r\u00e9put\u00e9e de courir\u00a0\u00bb (Antoine Griezmann sur TF1 dans \u00ab\u00a0Les Bleus 2018 : au c\u0153ur de l&rsquo;\u00e9pop\u00e9e russe\u00a0\u00bb)<\/p>\n<p><!--more--><\/p>\n<p>Jean-Michel Larqu\u00e9 aurait sans doute dit \u00ab\u00a0une \u00e9quipe r\u00e9put\u00e9e pour sa v\u00e9locit\u00e9\u00a0\u00bb\u00a0; et Franck Leboeuf, \u00ab une \u00e9quipe qui a la r\u00e9putation de courir vite\u00a0\u00bb. Question de g\u00e9n\u00e9ration.<\/p>\n<p><strong>On se demande souvent si notre \u00e9quipe de France est \u00e0 l\u2019image de notre pays.<\/strong> Je n\u2019en sais rien. Il me semble toutefois certain que pour le comportement racaille, la g\u00e9n\u00e9ration Rib\u00e9ry nous a fait toucher le fond et que nous en sommes revenus. Mais \u00e0 chaque Coupe du Monde, j\u2019aurai une pens\u00e9e pour Yohann Gourcuff, notre babtou national dont le r\u00eave aura tourn\u00e9 au cauchemar par la faute d\u2019une bande de voyous, sans qu&rsquo;on lui offre une seconde chance (contrairement \u00e0 Patrice Evra, pourtant plus \u00e2g\u00e9).<\/p>\n<p>En tout cas, <strong>notre \u00e9quipe semble malheureusement toujours \u00eatre \u00e0 l\u2019image des comp\u00e9tences lexicales de sa g\u00e9n\u00e9ration. Et cela n\u2019a rien \u00e0 voir avec le niveau d\u2019\u00e9tudes<\/strong>. Il est hautement probable que le nombre de dipl\u00f4m\u00e9s soit sup\u00e9rieur dans l\u2019\u00e9quipe actuelle \u00e0 ce qu\u2019il \u00e9tait il y a quarante ou cinquante ans. Aim\u00e9 Jacquet, milieu de terrain de l\u2019\u00e9quipe de France 1968 a p\u00e9niblement d\u00e9croch\u00e9 son certificat d\u2019\u00e9tudes avant de passer un CAP de m\u00e9tallurgie qu\u2019il obtiendra au bout de deux tentatives. Attaquant dans l\u2019\u00e9quipe de France 1978, Dominique Rocheteau a racont\u00e9 avoir rat\u00e9 son baccalaur\u00e9at \u00e0 cause d\u2019une note catastrophique en math\u00e9matiques. Pour ne prendre que deux exemples.<\/p>\n<p>Sans parler du fait que le certif&rsquo; de Jacquet n&rsquo;a sans doute rien \u00e0 envier au bac d&rsquo;M&rsquo;Bapp\u00e9, il faut rappeler que les sections sports-\u00e9tudes n\u2019existaient pas avant la fin des ann\u00e9es soixante. Combiner la scolarit\u00e9 avec les exigences de la formation sportive \u00e9tait quasi impossible. <strong>Les jeunes sportifs professionnels d\u2019aujourd\u2019hui ont b\u00e9n\u00e9fici\u00e9 de conditions bien plus favorables, gr\u00e2ce aux sections sportives scolaires<\/strong> (depuis les ann\u00e9es 90) et aux centres de formation. <strong>Pour la finale de cette Coupe du Monde nous avions ainsi le luxe de trouver sur le terrain un Bac S dans les buts, un bac ES (avec mention) en milieu de terrain, non loin d\u2019un BEP vente, et un autre bac ES en attaque, c\u00f4toyant un bac STMG (sciences et techniques du management et de la gestion)<\/strong>. <a href=\"http:\/\/etudiant.lefigaro.fr\/les-news\/actu\/detail\/article\/le-bac-des-bleus-qui-est-le-plus-diplome-20691\/\" target=\"_blank\" rel=\"noopener\">J\u2019en oublie s\u00fbrement.<\/a><\/p>\n<p>Devant les cam\u00e9ras, en conf\u00e9rence de presse, ils ne parlent pas trop mal. Ils s\u2019expriment aussi bien que leurs pr\u00e9d\u00e9cesseurs. <strong>Seulement, ce que les anciens disaient spontan\u00e9ment, les nouveaux ont apparemment besoin qu\u2019on le leur souffle<\/strong>. Fran\u00e7ois Manardo, ancien chef de presse de l\u2019\u00e9quipe de France expliquait r\u00e9cemment sur le plateau de BFMTV que les grandes \u00e9quipes employaient \u00e0 pr\u00e9sent des conseillers en communication charg\u00e9s de pr\u00e9parer les joueurs \u00e0 ces prises de parole. Un coaching langagier pour ainsi dire. Entendant cela, l\u2019ancien prof d\u2019EPS b\u00e9arnais plus connu comme triple champion de France en tant que milieu de terrain des Verts et ancien comparse de Thierry Rolland (note \u00e0 l\u2019attention des lectrices c\u00e9libataires : cette longue p\u00e9riphrase d\u00e9signe Jean-Michel Larqu\u00e9) a manifest\u00e9 une surprise qui t\u00e9moigne combien cette pratique r\u00e9cente e\u00fbt sembl\u00e9 totalement aberrante aux joueurs de sa g\u00e9n\u00e9ration.<\/p>\n<p>On dira, et c\u2019est absolument exact, que <strong>les footballeurs ne sont pas pay\u00e9s pour parler<\/strong> mais pour taper dans un ballon. A chacun son m\u00e9tier. Toutefois, <strong>quand ils savent causer, ces messieurs peuvent esp\u00e9rer, une fois \u00e0 la retraite, \u00eatre pay\u00e9s pour parler<\/strong>. Cela ne signifie pas que ceux qui en font profession, en tant que \u00ab\u00a0consultants\u00a0\u00bb, s\u2019expriment comme des livres\u00a0; du moins sont-ils capables, pour la plupart, de tourner en termes corrects des id\u00e9es simples. Et ce, <strong>dans un micro, ce qui est toujours plus difficile que de s\u2019exprimer en contexte \u00ab\u00a0naturel\u00a0\u00bb. <\/strong>Pour ceux qui ont suivi les apr\u00e8s-matchs sur BFMTV, il sautait aux yeux que William Gallas \u00e9tait bien moins \u00e0 son aise dans l&rsquo;exercice qu&rsquo;Emmanuel Petit, entre autres.<\/p>\n<div id=\"ligne\"><\/div>\n<p>Le documentaire de TF1 \u00ab\u00a0Les bleus 2018\u00a0: au c\u0153ur de l\u2019\u00e9pop\u00e9e russe\u00a0\u00bb a permis de constater deux choses qui ne sont contradictoires qu\u2019en apparence\u00a0:<\/p>\n<p>1. Dans la vie courante, quand ils ne sont pas brief\u00e9s par des conseillers en com\u2019, nos joueurs tournent sur quelques hyperboles (\u00ab\u00a0c\u2019est trop fort\u00a0\u00bb, \u00ab\u00a0c\u2019est \u00e9norme\u00a0\u00bb), et beaucoup de formules \u00e0 l\u2019emporte-pi\u00e8ce (\u00ab\u00a0\u00e9crire l\u2019histoire\u00a0\u00bb, \u00ab\u00a0entrer dans la l\u00e9gende\u00a0\u00bb). Le reste, c\u2019est une grande quantit\u00e9 d\u2019onomatop\u00e9es et des chansons en forme de mantras\u00a0: <strong>\u00ab\u00a0on va tout casser, h\u00e9\u00a0!, on va tout casser, h\u00e9\u00a0!, on va tout casser, h\u00e9\u00a0!, on va tout casser, h\u00e9\u00a0!, on va tout casser\u00a0\u00bb<\/strong>. Et puis des phrases bizarres\u00a0: \u00ab\u00a0c\u2019est un r\u00eave qui peut devenir r\u00e9alit\u00e9 mais pour \u00e7a y a une montagne\u00a0\u00bb, \u00ab\u00a0on veut rendre fi\u00e8res nos familles et rendre fiers nous-m\u00eames\u00a0\u00bb, \u00ab\u00a0\u00e0 l\u2019Atl\u00e9tico, on est une \u00e9quipe r\u00e9put\u00e9e de courir\u00a0\u00bb.<\/p>\n<p>2. Grande le\u00e7on de rh\u00e9torique\u00a0: <strong>le meilleur orateur du lot n\u2019est ni l\u2019entra\u00eeneur<\/strong> (tr\u00e8s mou, monocorde, pas du tout \u00ab\u00a0meneur d\u2019hommes\u00a0\u00bb contrairement \u00e0 ce qu\u2019on nous a r\u00e9p\u00e9t\u00e9), <strong>ni m\u00eame le capitaine alias bac S<\/strong> (\u00ab\u00a0faut se l\u00e2cher les gars\u00a0\u00bb, \u00ab\u00a0encore plus, encore plus, les mecs\u00a0\u00bb), <strong>mais le sans dipl\u00f4me<\/strong> adepte de l\u2019anglicisme (\u00ab\u00a0on va le jobber\u00a0\u00bb) et de la grossi\u00e8ret\u00e9 (\u00ab\u00a0on s\u2019en bat les couilles\u00a0\u00bb, \u00ab\u00a0on a mis nos couilles sur le terrain\u00a0\u00bb). <strong>Pogba parle avec ses tripes, c\u2019est lui qui galvanise ses partenaires<\/strong>, reprenant parfois les id\u00e9es du coach avec un ton mille fois plus convaincant (voir le passage au sujet de la suspension de Matuidi\u00a0: \u00ab\u00a0Blaise, il sera sur le banc, il est d\u00e9go\u00fbt\u00e9, on va faire \u00e7a pour lui\u00a0\u00bb), mais sachant aussi trouver d\u2019instinct des arguments originaux en m\u00eame temps que la mani\u00e8re la plus convaincante de les pr\u00e9senter\u00a0:<\/p>\n<blockquote><p>Je veux pas rentrer ce soir, moi ce soir, je rentre pas. On reste encore \u00e0 l\u2019h\u00f4tel. On va encore bouffer leurs putains de p\u00e2tes\u00a0! etc. <em>:<\/em><\/p><\/blockquote>\n<p><iframe loading=\"lazy\" style=\"width: 640px; height: 360px;\" src=\"https:\/\/www.tf1.fr\/embedplayer\/13566288\" width=\"300\" height=\"150\" frameborder=\"0\"><\/iframe><\/p>\n<p>Rappelons que le premier crit\u00e8re de qualit\u00e9 d&rsquo;un discours est sa force expressive, gage d&rsquo;<em>efficacit\u00e9<\/em>. <strong>Si j\u2019osais, je dirais donc que les discours de Didier Deschamps sont tr\u00e8s p\u00e2lots \u00e0 c\u00f4t\u00e9 des performances oratoires du num\u00e9ro 6.<\/strong><\/p>\n<p>Reste que j&rsquo;ai h\u00e2te de voir lequel de nos \u00ab\u00a0h\u00e9ros du jour\u00a0\u00bb sera capable de commenter un match durant 90 minutes ou de l&rsquo;analyser pendant des \u00e9missions de plus d&rsquo;une heure o\u00f9 il faut meubler, susciter du d\u00e9bat, rebondir sur le propos d&rsquo;un interlocuteur, etc.<\/p>\n","protected":false},"excerpt":{"rendered":"<p>\u00ab A l&rsquo;Atl\u00e9tico, on est une \u00e9quipe r\u00e9put\u00e9e de courir\u00a0\u00bb (Antoine Griezmann sur TF1 dans \u00ab\u00a0Les Bleus 2018 : au c\u0153ur de l&rsquo;\u00e9pop\u00e9e russe\u00a0\u00bb)<\/p>\n","protected":false},"author":7,"featured_media":0,"comment_status":"open","ping_status":"open","sticky":false,"template":"","format":"standard","meta":{"footnotes":""},"categories":[9],"tags":[356,355,341,359,357,358,21,360],"class_list":{"0":"post-823","1":"post","2":"type-post","3":"status-publish","4":"format-standard","6":"category-articles","7":"tag-bfmtv","8":"tag-coupe-du-monde","9":"tag-football","10":"tag-griezmann","11":"tag-jean-michel-larque","12":"tag-pogba","13":"tag-tf1","14":"tag-vocabulaire"},"_links":{"self":[{"href":"https:\/\/blog.causeur.fr\/lavoixdenosmaitres\/wp-json\/wp\/v2\/posts\/823","targetHints":{"allow":["GET"]}}],"collection":[{"href":"https:\/\/blog.causeur.fr\/lavoixdenosmaitres\/wp-json\/wp\/v2\/posts"}],"about":[{"href":"https:\/\/blog.causeur.fr\/lavoixdenosmaitres\/wp-json\/wp\/v2\/types\/post"}],"author":[{"embeddable":true,"href":"https:\/\/blog.causeur.fr\/lavoixdenosmaitres\/wp-json\/wp\/v2\/users\/7"}],"replies":[{"embeddable":true,"href":"https:\/\/blog.causeur.fr\/lavoixdenosmaitres\/wp-json\/wp\/v2\/comments?post=823"}],"version-history":[{"count":0,"href":"https:\/\/blog.causeur.fr\/lavoixdenosmaitres\/wp-json\/wp\/v2\/posts\/823\/revisions"}],"wp:attachment":[{"href":"https:\/\/blog.causeur.fr\/lavoixdenosmaitres\/wp-json\/wp\/v2\/media?parent=823"}],"wp:term":[{"taxonomy":"category","embeddable":true,"href":"https:\/\/blog.causeur.fr\/lavoixdenosmaitres\/wp-json\/wp\/v2\/categories?post=823"},{"taxonomy":"post_tag","embeddable":true,"href":"https:\/\/blog.causeur.fr\/lavoixdenosmaitres\/wp-json\/wp\/v2\/tags?post=823"}],"curies":[{"name":"wp","href":"https:\/\/api.w.org\/{rel}","templated":true}]}}