{"id":848,"date":"2018-09-11T20:51:44","date_gmt":"2018-09-11T20:51:44","guid":{"rendered":"https:\/\/blog.causeur.fr\/lavoixdenosmaitres\/?p=848"},"modified":"2021-04-23T15:34:47","modified_gmt":"2021-04-23T13:34:47","slug":"m-ferrand-dites-leur-que-vous-netes-pas-un-homme","status":"publish","type":"post","link":"https:\/\/blog.causeur.fr\/lavoixdenosmaitres\/m-ferrand-dites-leur-que-vous-netes-pas-un-homme-848","title":{"rendered":"M. Ferrand, dites-leur que vous n&rsquo;\u00eates \u00ab\u00a0pas un homme\u00a0\u00bb"},"content":{"rendered":"<p><img loading=\"lazy\" decoding=\"async\" class=\"irc_mi\" src=\"https:\/\/images.midilibre.fr\/api\/v1\/images\/view\/5b96aa0f8fe56f07bf087139\/large\/image.jpg\" alt=\"R\u00e9sultat de recherche d'images pour &quot;richard ferrand&quot;\" width=\"592\" height=\"334\" \/><\/p>\n<p>C\u2019est une phrase gla\u00e7ante.<!--more--><\/p>\n<p>Je l\u2019ai entendue sur ma radio pr\u00e9f\u00e9r\u00e9e (ie. France Info) lundi 10 septembre.<\/p>\n<p><strong>\u00ab\u00a0Les d\u00e9put\u00e9s de la majorit\u00e9 ont donc choisi Richard Ferrand, malgr\u00e9 le fait qu\u2019il soit \u00e9lu depuis 20 ans, qu\u2019il soit un homme et qu\u2019il ait 56 ans\u00a0\u00bb<\/strong><\/p>\n<p>Ce \u00ab\u00a0malgr\u00e9\u00a0\u00bb laissait attendre une allusion \u00e0 l\u2019affaire des mutuelles de Bretagne. Mais ce que le journaliste retient comme \u00e9tant les principaux handicaps de Richard Ferrand, ce sont sa long\u00e9vit\u00e9 en politique, son sexe et son \u00e2ge.<\/p>\n<p>Reprenons ces trois points :<\/p>\n<p>Il est \u00e9lu depuis 20 ans. En soi, ce n\u2019est certes pas un gage de qualit\u00e9. Mais il faut avouer que ce n\u2019est pas non plus une preuve d\u2019incomp\u00e9tence. C\u2019est une information neutre, qui pencherait plut\u00f4t vers le positif si l\u2019obsession ambiante n\u2019\u00e9tait au d\u00e9gagisme.<\/p>\n<p>C\u2019est un homme. J\u2019ai beaucoup aim\u00e9 le \u00ab\u00a0vous me pardonnerez de ne pas \u00eatre une dame\u00a0\u00bb.<\/p>\n<div style=\"display: block; position: relative;\">\n<div style=\"padding-top: 56.25%;\"><iframe loading=\"lazy\" style=\"width: 100%; height: 100%; position: absolute; top: 0px; bottom: 0px; right: 0px; left: 0px; border: none;\" src=\"https:\/\/www.bfmtv.com\/static\/nxt-video\/player.html?video=5832997888001&amp;brand=BFMTV&amp;url=https:\/\/www.bfmtv.com\/politique\/vous-me-pardonnerez-de-ne-pas-etre-une-dame-la-reponse-de-richard-ferrand-a-ses-detracteurs-1520834.html\" width=\"300\" height=\"150\" allowfullscreen=\"allowfullscreen\"><\/iframe><\/div>\n<\/div>\n<p>\u00catre une femme a longtemps \u00e9t\u00e9 un obstacle \u00e0 l\u2019exercice de certaines fonctions, \u00e0 tort ou \u00e0 raison (je me d\u00e9lecte par avance de l\u2019effet de cette nuance). Faudrait-il se f\u00e9liciter qu\u2019\u00eatre un homme en constitue un d\u00e9sormais\u00a0? Que les hommes doivent s&rsquo;excuser de perp\u00e9tuer, par leur pr\u00e9sence, la domination masculine ?<\/p>\n<p>On peut bien penser que le vote des d\u00e9put\u00e9s a \u00e9t\u00e9 influenc\u00e9 par les prises de position publiques de plusieurs ministres en faveur de ce r\u00e9sultat, c\u2019est hautement vraisemblable. Mais cette orientation du scrutin n\u2019a rien \u00e0 voir avec le sexe du vainqueur. Quoi qu\u2019il pr\u00e9tende, oui, Richard Ferrand est \u00ab\u00a0un chouchou\u00a0\u00bb, un copain qu\u2019on place, un fid\u00e8le qu\u2019on r\u00e9compense. <\/p>\n<div id=\"ligne\"><\/div>\n<p><strong>Barbara Pompili \u00e9tait, quant \u00e0 elle, horripilante lorsqu\u2019elle laissait entendre qu\u2019elle incarnait une opportunit\u00e9 unique, pr\u00e9cis\u00e9ment parce qu\u2019elle \u00e9tait une femme.<\/strong> Avec cette arrogance qui consiste \u00e0 sugg\u00e9rer que dans le contexte\u00a0actuel (entendez\u00a0: Weinstein etc.), ce serait un signe fort, etc. <strong>Il y a fort \u00e0 parier que si elle avait \u00e9t\u00e9 choisie par ses pairs, elle n\u2019e\u00fbt pas eu la modestie d\u00e9licieusement d\u00e9sabus\u00e9e de Blanche Gardin<\/strong>\u00a0:<\/p>\n<blockquote><p>Forc\u00e9ment, je savais que c\u2019\u00e9tait moi. Je suis la seule femme nomin\u00e9e l\u2019ann\u00e9e de l\u2019affaire Weinstein. Pour une fois que je remporte un prix, il n\u2019a aucune valeur.<\/p><\/blockquote>\n<p><iframe loading=\"lazy\" src=\"https:\/\/www.youtube.com\/embed\/z8tI8Cw1SeE?start=355\" width=\"560\" height=\"315\" frameborder=\"0\" allowfullscreen=\"allowfullscreen\"><\/iframe><\/p>\n<p>Enfin son \u00e2ge. \u00ab\u00a0Malgr\u00e9 le fait qu\u2019il ait 56 ans\u00a0\u00bb. Mais jusqu\u2019o\u00f9 nous m\u00e8nera ce jeunisme d\u00e9bile\u00a0? 56 ans, un \u00e2ge canonique\u00a0? Il faut croire, puisque cela semble \u00e0 notre journaliste peu compatible avec une \u00e9lection \u00e0 la t\u00eate de l\u2019Assembl\u00e9e Nationale.<\/p>\n<p><strong>Moi, je r\u00eaverais que l\u2019Assembl\u00e9e Nationale soit dirig\u00e9e par un individu non binaire. Et d&rsquo;ailleurs, je conseille \u00e0 Richard Ferrand d&rsquo;affirmer d\u00e8s \u00e0 pr\u00e9sent haut et fort qu&rsquo;il n&rsquo;est \u00ab\u00a0pas un homme\u00a0\u00bb :<br \/>\n<\/strong><br \/>\n<iframe loading=\"lazy\" src=\"https:\/\/www.youtube.com\/embed\/JkyK5f0rpl4?start=108\" width=\"560\" height=\"315\" frameborder=\"0\" allowfullscreen=\"allowfullscreen\"><\/iframe><\/p>\n","protected":false},"excerpt":{"rendered":"<p>C\u2019est une phrase gla\u00e7ante.<\/p>\n","protected":false},"author":7,"featured_media":0,"comment_status":"open","ping_status":"open","sticky":false,"template":"","format":"standard","meta":{"footnotes":""},"categories":[9],"tags":[255,29,381,380],"class_list":{"0":"post-848","1":"post","2":"type-post","3":"status-publish","4":"format-standard","6":"category-articles","7":"tag-feminisme","8":"tag-franceinfo","9":"tag-jeunisme","10":"tag-richard-ferrand"},"_links":{"self":[{"href":"https:\/\/blog.causeur.fr\/lavoixdenosmaitres\/wp-json\/wp\/v2\/posts\/848","targetHints":{"allow":["GET"]}}],"collection":[{"href":"https:\/\/blog.causeur.fr\/lavoixdenosmaitres\/wp-json\/wp\/v2\/posts"}],"about":[{"href":"https:\/\/blog.causeur.fr\/lavoixdenosmaitres\/wp-json\/wp\/v2\/types\/post"}],"author":[{"embeddable":true,"href":"https:\/\/blog.causeur.fr\/lavoixdenosmaitres\/wp-json\/wp\/v2\/users\/7"}],"replies":[{"embeddable":true,"href":"https:\/\/blog.causeur.fr\/lavoixdenosmaitres\/wp-json\/wp\/v2\/comments?post=848"}],"version-history":[{"count":0,"href":"https:\/\/blog.causeur.fr\/lavoixdenosmaitres\/wp-json\/wp\/v2\/posts\/848\/revisions"}],"wp:attachment":[{"href":"https:\/\/blog.causeur.fr\/lavoixdenosmaitres\/wp-json\/wp\/v2\/media?parent=848"}],"wp:term":[{"taxonomy":"category","embeddable":true,"href":"https:\/\/blog.causeur.fr\/lavoixdenosmaitres\/wp-json\/wp\/v2\/categories?post=848"},{"taxonomy":"post_tag","embeddable":true,"href":"https:\/\/blog.causeur.fr\/lavoixdenosmaitres\/wp-json\/wp\/v2\/tags?post=848"}],"curies":[{"name":"wp","href":"https:\/\/api.w.org\/{rel}","templated":true}]}}