{"id":855,"date":"2018-10-24T21:12:15","date_gmt":"2018-10-24T21:12:15","guid":{"rendered":"https:\/\/blog.causeur.fr\/lavoixdenosmaitres\/?p=855"},"modified":"2021-04-23T15:34:46","modified_gmt":"2021-04-23T13:34:46","slug":"eleve-zemmour-au-tableau","status":"publish","type":"post","link":"https:\/\/blog.causeur.fr\/lavoixdenosmaitres\/eleve-zemmour-au-tableau-855","title":{"rendered":"\u00c9l\u00e8ve Zemmour, au tableau !"},"content":{"rendered":"<p><img decoding=\"async\" class=\"ob-cell ob-img ob-media\" src=\"http:\/\/img.over-blog-kiwi.com\/0\/95\/30\/84\/20181022\/ob_586381_sans-titre.jpeg\" alt=\"Eric Zemmour et l'historien Patrick Weil d\u00e9battront une heure mardi soir sur BFMTV.\" \/><\/p>\n<p><!--more--><\/p>\n<p><strong>\u00ab\u00a0Nous avons choisi de proposer pendant une heure cette confrontation d&rsquo;id\u00e9es, en prenant le temps, en allant au fond des choses\u00a0\u00bb, annonce Nathalie L\u00e9vy.<\/strong><\/p>\n<p>Pour une fois, Eric Zemmour n&rsquo;\u00e9tait pas somm\u00e9 de rendre des comptes sur tel texte ou propos jug\u00e9 \u00ab\u00a0choquant\u00a0\u00bb. Il \u00e9tait invit\u00e9 \u00e0 d\u00e9battre et l&rsquo;on n&rsquo;avait pas mis en face de lui un \u00e9ditorialiste ou un lobbyiste excit\u00e9, mais un historien.<\/p>\n<h1><span style=\"text-decoration: underline;\">Motifs de satisfaction<\/span><\/h1>\n<p>Ou pas (voir plus bas).<\/p>\n<p>Sachons nous r\u00e9jouir. Cette \u00e9mission semblait t\u00e9moigner d&rsquo;une volont\u00e9 r\u00e9elle, de la part de la cha\u00eene, de donner la parole \u00e0 Eric Zemmour sur des sujets qu&rsquo;on ne lui offre pas souvent l&rsquo;occasion d&rsquo;aborder (si la seconde partie de l&rsquo;\u00e9mission parlait plus sp\u00e9cifiquement d&rsquo;immigration, la premi\u00e8re demi-heure abordait des points d&rsquo;histoire: Napol\u00e9on, Guerre de 70, Clemenceau, P\u00e9tain\/de Gaulle). Il faut m\u00eame clairement reconna\u00eetre qu&rsquo;avant cette \u00e9mission, nous ne savions \u00e0 peu pr\u00e8s rien du contenu de son livre, alors qu&rsquo;il en assure la promo depuis d\u00e9j\u00e0 plusieurs semaines. Seulement, les m\u00e9dias ont pris l&rsquo;habitude d&rsquo;interroger Zemmour sur Zemmour (c&rsquo;est-\u00e0-dire sur la caricature qu&rsquo;ils ont eux-m\u00eames construite) et non sur son livre.<\/p>\n<p>Cette \u00e9mission semblait \u00e9galement t\u00e9moigner d&rsquo;une volont\u00e9 de reconna\u00eetre \u00e0 Zemmour le statut d&rsquo;intellectuel (et pas seulement de \u00ab\u00a0pol\u00e9miste\u00a0\u00bb), non point en soutenant ses id\u00e9es mais en le mettant sur le m\u00eame plan de respectabilit\u00e9 que son interlocuteur. En apparence du moins&#8230;<\/p>\n<h1><span style=\"text-decoration: underline;\">Comme un malaise<\/span><\/h1>\n<p>Bien s\u00fbr, on peut critiquer cette \u00e9mission.<\/p>\n<h2>1. On peut le faire d&rsquo;une mani\u00e8re parfaitement d\u00e9gueulasse (comme <a href=\"https:\/\/democratieparticipative.biz\/sur-bfm-drahi-le-juif-eric-zemmour-debat-avec-le-juif-patrick-weil-de-lidentite-francaise-sous-le-regard-de-la-juive-sarah-lou-cohen\/\" target=\"_blank\" rel=\"noopener\">ici<\/a>) :<\/h2>\n<p><img loading=\"lazy\" decoding=\"async\" class=\"aligncenter size-full wp-image-856\" src=\"https:\/\/blog.causeur.fr\/lavoixdenosmaitres\/files\/2018\/10\/zemmour-weil.png\" alt=\"zemmour-weil\" width=\"501\" height=\"492\" srcset=\"https:\/\/blog.causeur.fr\/lavoixdenosmaitres\/wp-content\/uploads\/sites\/27\/2018\/10\/zemmour-weil.png 501w, https:\/\/blog.causeur.fr\/lavoixdenosmaitres\/wp-content\/uploads\/sites\/27\/2018\/10\/zemmour-weil-300x295.png 300w, https:\/\/blog.causeur.fr\/lavoixdenosmaitres\/wp-content\/uploads\/sites\/27\/2018\/10\/zemmour-weil-305x300.png 305w, https:\/\/blog.causeur.fr\/lavoixdenosmaitres\/wp-content\/uploads\/sites\/27\/2018\/10\/zemmour-weil-32x32.png 32w, https:\/\/blog.causeur.fr\/lavoixdenosmaitres\/wp-content\/uploads\/sites\/27\/2018\/10\/zemmour-weil-50x50.png 50w, https:\/\/blog.causeur.fr\/lavoixdenosmaitres\/wp-content\/uploads\/sites\/27\/2018\/10\/zemmour-weil-64x64.png 64w\" sizes=\"auto, (max-width: 501px) 100vw, 501px\" \/><\/p>\n<p>Le commentaire, en-dessous de l&rsquo;image, sugg\u00e8re tr\u00e8s explicitement que \u00ab\u00a0juifs\u00a0\u00bb et \u00ab\u00a0Fran\u00e7ais\u00a0\u00bb sont deux cat\u00e9gories distinctes et non miscibles&#8230;<\/p>\n<p>Je renverrai ces gens \u00e0 un passage du livre d&rsquo;Eric Zemmour qui explique par quel mouvement historique les Juifs se sont retrouv\u00e9s \u00e0 ce point pr\u00e9sents dans les professions intellectuelles et le monde de l&rsquo;argent (et par suite, pourrait-on ajouter, dans la sph\u00e8re m\u00e9diatique) :<\/p>\n<blockquote><p>Depuis la destruction du temple de J\u00e9rusalem, en 70, les juifs ont modifi\u00e9 leur culte, troquant leurs anciens rites sacrificiels pour l&rsquo;\u00e9tude et le commentaire de la Torah. Chaque juif a appris \u00e0 lire pour conna\u00eetre le texte sacr\u00e9. Ils sont instruits quand les autres ne le sont pas. Ils sont les seuls \u00e0 pouvoir rivaliser avec la science livresque des clercs qui impressionne tant leurs ouailles. A oser discuter une parole divine que les chr\u00e9tiens re\u00e7oivent de la hi\u00e9rarchie eccl\u00e9siale sans pouvoir la contester. Si on en croit le travail remarquable de l&rsquo;historienne italienne Maristella Botticini et de l&rsquo;\u00e9conomiste isra\u00e9lien Zvi Eckstein, dans leur livre <em>The Chosen Few<\/em> (<em>Les Quelques \u00e9lus<\/em>), cet atout majeur a chang\u00e9 le destin des minorit\u00e9s juives en Europe : beaucoup d&rsquo;entre eux ont abandonn\u00e9 le travail des champs pour le commerce, la m\u00e9decine ou la finance. Ils ont voyag\u00e9 et se sont organis\u00e9s en r\u00e9seaux. Ils en ont tir\u00e9 une r\u00e9mun\u00e9ration bien sup\u00e9rieure, mais ont suscit\u00e9 la haine inexpiable de leurs cr\u00e9anciers. (Destin fran\u00e7ais, p. 83)<\/p><\/blockquote>\n<p>Je me permettrai d&rsquo;ajouter (mais c&rsquo;est tr\u00e8s personnel) que s&rsquo;il y a un arch\u00e9type assez r\u00e9pandu qui me sort par les yeux, c&rsquo;est bien celui du catho-fric qui bosse dans la banque ou pour une compagnie d&rsquo;assurance et qui se permet de critiquer les Juifs \u00e0 longueur de conversations, alors qu&rsquo;il \u00e9prouve manifestement vis-\u00e0-vis d&rsquo;eux une forme de d\u00e9sir mim\u00e9tique. Et qui me reproche d&rsquo;\u00e9crire dans <em>Causeur.<\/em> Et qui m&rsquo;explique qu'\u00a0\u00bbon ne peut pas pr\u00e9tendre faire une vraie critique des m\u00e9dias si on ne commence pas par dire qu&rsquo;il y a un probl\u00e8me juif\u00a0\u00bb.<\/p>\n<p>Le simple fait qu&rsquo;un d\u00e9bat sur l&rsquo;identit\u00e9 fran\u00e7aise puisse opposer un Zemmour et un Weil n&rsquo;est-il pas la preuve qu&rsquo;il n&rsquo;y a pas de probl\u00e8me juif ? A ceux qui, comme sur le site pr\u00e9cit\u00e9, pr\u00e9tendent que Zemmour est \u00ab\u00a0au service de sa race\u00a0\u00bb et que son r\u00f4le est de saper notre moral pour nous t\u00e9taniser face au Grand Remplacement et nous rendre incapables d&rsquo;y r\u00e9sister (ce qu&rsquo;il faut pas entendre&#8230;), je rappellerai que la taqiya ne figure pas dans la loi h\u00e9bra\u00efque.<\/p>\n<p>Cela \u00e9tant dit, l&rsquo;\u00e9mission pr\u00e9sentait tout de m\u00eame un gros d\u00e9faut de m\u00e9thode.<\/p>\n<div id=\"ligne\"><\/div>\n<h2>2. Le tribunal m\u00e9diatique&#8230; en plus subtil<\/h2>\n<p>C&rsquo;est Patrick Weil qui reproche \u00e0 Zemmour un \u00ab\u00a0d\u00e9faut de m\u00e9thode\u00a0\u00bb : Zemmour, dit-il, n&rsquo;a pas proc\u00e9d\u00e9 en bon historien.<\/p>\n<p>La supercherie se r\u00e9v\u00e8le nettement: si l&rsquo;on a plac\u00e9 Zemmour face \u00e0 un historien, ce n&rsquo;est pas pour le valoriser, c&rsquo;est pour le rabaisser. On l&rsquo;a mis face \u00e0 un vrai historien pour faire appara\u00eetre, esp\u00e8re-t-on, son c\u00f4t\u00e9 amateur. On a voulu le mettre dans la situation de l&rsquo;\u00e9l\u00e8ve face au professeur. Ce dernier le reprend syst\u00e9matiquement sur la m\u00e9thode et le contenu. Or, \u00e0 partir du moment o\u00f9 l&rsquo;un des participants est officiellement investi d&rsquo;une mission p\u00e9dagogique vis-\u00e0-vis de l&rsquo;autre, le d\u00e9bat est fauss\u00e9.<\/p>\n<p>Et de fait, il l&rsquo;est officiellement : Nathalie L\u00e9vy pr\u00e9sente Zemmour comme un essayiste d\u00e9veloppant une \u00ab\u00a0vision tr\u00e8s personnelle\u00a0\u00bb de l&rsquo;histoire, et Patrick Weil comme un \u00ab\u00a0historien\u00a0\u00bb. Point.<strong> La subjectivit\u00e9 marginale face \u00e0 l&rsquo;objectivit\u00e9 scientifique qui fait consensus. <\/strong>Zemmour se voit contraint de sacrifier du temps de parole pour r\u00e9tablir une forme d&rsquo;\u00e9quilibre, en rappelant que l&rsquo;histoire (comme l&rsquo;information m\u00e9diatique, ajouterais-je) est un discours sur les faits, donc une interpr\u00e9tation in\u00e9vitablement porteuse d&rsquo;un biais. C&rsquo;est Zemmour aussi qui compl\u00e8tera lui-m\u00eame la pr\u00e9sentation de son interlocuteur en rappelant qu&rsquo;il a eu, par le pass\u00e9, des engagements politiques \u00e0 gauche.<\/p>\n<p>BFMTV aurait pu lui choisir pour contradicteur un historien de droite. Ils ont choisi un historien de gauche sp\u00e9cialiste de la question migratoire. Ce n&rsquo;est pas \u00ab\u00a0un historien\u00a0\u00bb. C&rsquo;est un historien de gauche sp\u00e9cialiste de la question migratoire.<\/p>\n","protected":false},"excerpt":{"rendered":"","protected":false},"author":7,"featured_media":0,"comment_status":"open","ping_status":"open","sticky":false,"template":"","format":"standard","meta":{"footnotes":""},"categories":[9],"tags":[92,385,386,315,384],"class_list":{"0":"post-855","1":"post","2":"type-post","3":"status-publish","4":"format-standard","6":"category-articles","7":"tag-bfm-tv","8":"tag-nathalie-levy","9":"tag-patrick-weil","10":"tag-tribunal-mediatique","11":"tag-zemmour"},"_links":{"self":[{"href":"https:\/\/blog.causeur.fr\/lavoixdenosmaitres\/wp-json\/wp\/v2\/posts\/855","targetHints":{"allow":["GET"]}}],"collection":[{"href":"https:\/\/blog.causeur.fr\/lavoixdenosmaitres\/wp-json\/wp\/v2\/posts"}],"about":[{"href":"https:\/\/blog.causeur.fr\/lavoixdenosmaitres\/wp-json\/wp\/v2\/types\/post"}],"author":[{"embeddable":true,"href":"https:\/\/blog.causeur.fr\/lavoixdenosmaitres\/wp-json\/wp\/v2\/users\/7"}],"replies":[{"embeddable":true,"href":"https:\/\/blog.causeur.fr\/lavoixdenosmaitres\/wp-json\/wp\/v2\/comments?post=855"}],"version-history":[{"count":0,"href":"https:\/\/blog.causeur.fr\/lavoixdenosmaitres\/wp-json\/wp\/v2\/posts\/855\/revisions"}],"wp:attachment":[{"href":"https:\/\/blog.causeur.fr\/lavoixdenosmaitres\/wp-json\/wp\/v2\/media?parent=855"}],"wp:term":[{"taxonomy":"category","embeddable":true,"href":"https:\/\/blog.causeur.fr\/lavoixdenosmaitres\/wp-json\/wp\/v2\/categories?post=855"},{"taxonomy":"post_tag","embeddable":true,"href":"https:\/\/blog.causeur.fr\/lavoixdenosmaitres\/wp-json\/wp\/v2\/tags?post=855"}],"curies":[{"name":"wp","href":"https:\/\/api.w.org\/{rel}","templated":true}]}}