{"id":870,"date":"2018-12-03T21:02:35","date_gmt":"2018-12-03T21:02:35","guid":{"rendered":"https:\/\/blog.causeur.fr\/lavoixdenosmaitres\/?p=870"},"modified":"2021-04-23T15:34:46","modified_gmt":"2021-04-23T13:34:46","slug":"gilets-jaunes-la-nouvelle-strategie-mediatique","status":"publish","type":"post","link":"https:\/\/blog.causeur.fr\/lavoixdenosmaitres\/gilets-jaunes-la-nouvelle-strategie-mediatique-870","title":{"rendered":"Gilets jaunes : la nouvelle strat\u00e9gie m\u00e9diatique"},"content":{"rendered":"<p><img loading=\"lazy\" decoding=\"async\" class=\"irc_mi\" src=\"https:\/\/www.france.tv\/image\/vignette_16x9\/800\/450\/9\/v\/k\/222e5a9a-phpqzvkv9.jpg\" alt=\"R\u00e9sultat de recherche d'images pour &quot;france 2 \u00e9dition sp\u00e9ciale gilets jaunes replay&quot;\" width=\"604\" height=\"340\" \/><\/p>\n<p>Ou comment grotesquiser un mouvement.<!--more--><\/p>\n<p>Bon, j&rsquo;avoue, hier soir, je voulais regarder <em>The Revenant<\/em>, sur France 2. Voil\u00e0, voil\u00e0&#8230;<\/p>\n<p>Et au lieu de voir lui :\u00a0<img loading=\"lazy\" decoding=\"async\" class=\"irc_mi\" src=\"https:\/\/images-na.ssl-images-amazon.com\/images\/I\/41XVzCNi2fL._SY355_.jpg\" alt=\"R\u00e9sultat de recherche d'images pour &quot;di caprio titanic&quot;\" width=\"179\" height=\"221\" \/> (ok je sais, il ne ressemble plus \u00e0 \u00e7a),<\/p>\n<p>j&rsquo;ai vu lui :<img loading=\"lazy\" decoding=\"async\" class=\"aligncenter size-full wp-image-871\" src=\"https:\/\/blog.causeur.fr\/lavoixdenosmaitres\/files\/2018\/12\/2gilet-jaune.png\" alt=\"2gilet jaune\" width=\"372\" height=\"356\" srcset=\"https:\/\/blog.causeur.fr\/lavoixdenosmaitres\/wp-content\/uploads\/sites\/27\/2018\/12\/2gilet-jaune.png 372w, https:\/\/blog.causeur.fr\/lavoixdenosmaitres\/wp-content\/uploads\/sites\/27\/2018\/12\/2gilet-jaune-300x287.png 300w, https:\/\/blog.causeur.fr\/lavoixdenosmaitres\/wp-content\/uploads\/sites\/27\/2018\/12\/2gilet-jaune-313x300.png 313w, https:\/\/blog.causeur.fr\/lavoixdenosmaitres\/wp-content\/uploads\/sites\/27\/2018\/12\/2gilet-jaune-32x32.png 32w\" sizes=\"auto, (max-width: 372px) 100vw, 372px\" \/>Oh, il est beau aussi, hein ? C&rsquo;est pas la question.<\/p>\n<p>Mais surtout, je me suis aper\u00e7ue que la strat\u00e9gie m\u00e9diatique vis-\u00e0-vis du mouvement des \u00ab\u00a0gilets jaunes\u00a0\u00bb s&rsquo;\u00e9tait sensiblement modifi\u00e9e.<\/p>\n<p>Nos journalistes poursuivent certes dans le refrain \u00ab\u00a0mouvement radicalis\u00e9 etc.\u00a0\u00bb mais admettent de plus en plus que ce mouvement, par nature peu structur\u00e9, est en train d&rsquo;\u00eatre d\u00e9bord\u00e9 par des casseurs qui profitent de l&rsquo;opportunit\u00e9 qui leur est offerte de semer la pagaille et de casser du flic. Le probl\u00e8me n&rsquo;est plus l\u00e0. <strong>D&rsquo;ailleurs, hier soir sur France 2, le repr\u00e9sentant d&rsquo;un syndicat de police a fini par faire sentir son agacement en constatant qu&rsquo;on ne s&rsquo;int\u00e9ressait pas \u00e0 lui et, apr\u00e8s quelques phrases \u00e9nerv\u00e9es, est tout bonnement parti parce qu&rsquo;il avait autre chose \u00e0 faire que pot de fleur sur un plateau t\u00e9l\u00e9.<\/strong><\/p>\n<p>\u00ab\u00a0Mouvement d&rsquo;extr\u00eame droite\u00a0\u00bb a disparu. Il faut croire que l&rsquo;insulte ne prenait pas.<\/p>\n<p>On a trouv\u00e9 mieux pour les ridiculiser : on fait croire qu&rsquo;ils ont des \u00ab\u00a0revendications institutionnelles\u00a0\u00bb. Et \u00e9videmment, comme on trouve facilement des \u00ab\u00a0gilets jaunes\u00a0\u00bb qui demandent tout et n&rsquo;importe quoi, on en trouve qui viennent expliquer qu&rsquo;il faut dissoudre l&rsquo;assembl\u00e9e, rendre le pouvoir au peuple, et qui pr\u00e9tendent que des gilets jaunes vont se lancer en politique. <strong>Notez que le coup des \u00ab\u00a0personnes issues de la soci\u00e9t\u00e9 civile\u00a0\u00bb qui entrent en politique pour rafra\u00eechir le paysage, on nous l&rsquo;a d\u00e9j\u00e0 fait il n&rsquo;y a pas si longtemps. Je ne sache pas que cela ait chang\u00e9 grand-chose<\/strong>. M&rsquo;enfin j&rsquo;dis \u00e7a, j&rsquo;dis rien, pas vrai ?<\/p>\n<p>La v\u00e9rit\u00e9 est que les gilets jaunes \u00e9taient l\u00e9gitimes, audibles et compr\u00e9hensibles tant qu&rsquo;ils r\u00e2laient contre les taxes, le prix de l&rsquo;essence et les tarifs du contr\u00f4le technique.<\/p>\n<div id=\"ligne\"><\/div>\n<p>Quand ils commencent \u00e0 exprimer des id\u00e9es politiques tout en niant vouloir faire de la politique, quand ces gens fatigu\u00e9s et en col\u00e8re jouent les insurg\u00e9s-th\u00e9oriciens en faisant semblant d&rsquo;avoir des projets \u00e0 long terme, on sombre dans le grotesque et ils feraient mieux de rentrer chez eux.<\/p>\n<p><strong>Pour les ridiculiser, il suffit donc de tirer les bons num\u00e9ros et de les laisser parler. C&rsquo;est ce qu&rsquo;ont fait L\u00e9a Salam\u00e9 et Thomas Sotto, dimanche soir sur France 2.<\/strong><\/p>\n<p>Eh bien, j&rsquo;aurais pr\u00e9f\u00e9r\u00e9 qu&rsquo;on me laisse regarder le beau L\u00e9o.<\/p>\n<p>Ceci dit, elle est pas mal non plus, \u00ab\u00a0Ingrid\u00a0\u00bb, propuls\u00e9e porte-parole des gilets jaunes par les m\u00e9dias tout en pr\u00e9tendant ne pas l&rsquo;\u00eatre mais en acceptant d&rsquo;\u00eatre trait\u00e9e comme telle :<\/p>\n<p><img loading=\"lazy\" decoding=\"async\" class=\"aligncenter size-full wp-image-872\" src=\"https:\/\/blog.causeur.fr\/lavoixdenosmaitres\/files\/2018\/12\/Ingrid-gilet-jaune.png\" alt=\"Ingrid gilet jaune\" width=\"279\" height=\"323\" srcset=\"https:\/\/blog.causeur.fr\/lavoixdenosmaitres\/wp-content\/uploads\/sites\/27\/2018\/12\/Ingrid-gilet-jaune.png 279w, https:\/\/blog.causeur.fr\/lavoixdenosmaitres\/wp-content\/uploads\/sites\/27\/2018\/12\/Ingrid-gilet-jaune-259x300.png 259w\" sizes=\"auto, (max-width: 279px) 100vw, 279px\" \/><\/p>\n<p>On est comme \u00e7a, nous, les Ingrid, on est un peu la voix du peuple. On a \u00e7a dans le sang.<\/p>\n<p>&nbsp;<\/p>\n","protected":false},"excerpt":{"rendered":"<p>Ou comment grotesquiser un mouvement.<\/p>\n","protected":false},"author":7,"featured_media":0,"comment_status":"open","ping_status":"open","sticky":false,"template":"","format":"standard","meta":{"footnotes":""},"categories":[9],"tags":[73,389,391,392],"class_list":{"0":"post-870","1":"post","2":"type-post","3":"status-publish","4":"format-standard","6":"category-articles","7":"tag-france-2","8":"tag-gilets-jaunes","9":"tag-lea-salame","10":"tag-thomas-sotto"},"_links":{"self":[{"href":"https:\/\/blog.causeur.fr\/lavoixdenosmaitres\/wp-json\/wp\/v2\/posts\/870","targetHints":{"allow":["GET"]}}],"collection":[{"href":"https:\/\/blog.causeur.fr\/lavoixdenosmaitres\/wp-json\/wp\/v2\/posts"}],"about":[{"href":"https:\/\/blog.causeur.fr\/lavoixdenosmaitres\/wp-json\/wp\/v2\/types\/post"}],"author":[{"embeddable":true,"href":"https:\/\/blog.causeur.fr\/lavoixdenosmaitres\/wp-json\/wp\/v2\/users\/7"}],"replies":[{"embeddable":true,"href":"https:\/\/blog.causeur.fr\/lavoixdenosmaitres\/wp-json\/wp\/v2\/comments?post=870"}],"version-history":[{"count":0,"href":"https:\/\/blog.causeur.fr\/lavoixdenosmaitres\/wp-json\/wp\/v2\/posts\/870\/revisions"}],"wp:attachment":[{"href":"https:\/\/blog.causeur.fr\/lavoixdenosmaitres\/wp-json\/wp\/v2\/media?parent=870"}],"wp:term":[{"taxonomy":"category","embeddable":true,"href":"https:\/\/blog.causeur.fr\/lavoixdenosmaitres\/wp-json\/wp\/v2\/categories?post=870"},{"taxonomy":"post_tag","embeddable":true,"href":"https:\/\/blog.causeur.fr\/lavoixdenosmaitres\/wp-json\/wp\/v2\/tags?post=870"}],"curies":[{"name":"wp","href":"https:\/\/api.w.org\/{rel}","templated":true}]}}