{"id":876,"date":"2018-12-11T21:34:28","date_gmt":"2018-12-11T21:34:28","guid":{"rendered":"https:\/\/blog.causeur.fr\/lavoixdenosmaitres\/?p=876"},"modified":"2021-04-23T15:34:46","modified_gmt":"2021-04-23T13:34:46","slug":"gilets-jaunes-les-medias-jouent-avec-le-feu","status":"publish","type":"post","link":"https:\/\/blog.causeur.fr\/lavoixdenosmaitres\/gilets-jaunes-les-medias-jouent-avec-le-feu-876","title":{"rendered":"Gilets jaunes : les m\u00e9dias jouent avec le feu"},"content":{"rendered":"<p><img loading=\"lazy\" decoding=\"async\" class=\"irc_mi\" src=\"http:\/\/socialistworker.org\/sites\/default\/files\/images\/2018\/11\/10987617-france_yellow_jacket-a-wide.jpg\" alt=\"R\u00e9sultat de recherche d'images pour &quot;yellow jacket in france&quot;\" width=\"604\" height=\"302\" \/><\/p>\n<p>M\u00e9lenchon a raison.<\/p>\n<p><!--more--><\/p>\n<p>Ils aiment quand il y a de la castagne, quand les choses tournent mal, quand les mouvements \u00ab\u00a0se radicalisent\u00a0\u00bb (le meilleur moyen de faire qu&rsquo;un mouvement se radicalise \u00e9tant de dire qu&rsquo;il se radicalise).<\/p>\n<p>Et M\u00e9lenchon a raison: \u00ab\u00a0vous les m\u00e9dias, vous rendez tout impossible\u00a0\u00bb (\u00e9mission sp\u00e9ciale Gilets Jaunes sur France 2 le 2 d\u00e9cembre).<\/p>\n<h1>\u00ab\u00a0En avons-nous fait trop?\u00a0\u00bb<\/h1>\n<p><img loading=\"lazy\" decoding=\"async\" class=\"aligncenter size-full wp-image-877\" src=\"https:\/\/blog.causeur.fr\/lavoixdenosmaitres\/files\/2018\/12\/m\u00e9dias-en-font-ils-trop1.png\" alt=\"m\u00e9dias en font-ils trop1\" width=\"616\" height=\"68\" srcset=\"https:\/\/blog.causeur.fr\/lavoixdenosmaitres\/wp-content\/uploads\/sites\/27\/2018\/12\/m\u00e9dias-en-font-ils-trop1.png 616w, https:\/\/blog.causeur.fr\/lavoixdenosmaitres\/wp-content\/uploads\/sites\/27\/2018\/12\/m\u00e9dias-en-font-ils-trop1-300x33.png 300w, https:\/\/blog.causeur.fr\/lavoixdenosmaitres\/wp-content\/uploads\/sites\/27\/2018\/12\/m\u00e9dias-en-font-ils-trop1-500x55.png 500w\" sizes=\"auto, (max-width: 616px) 100vw, 616px\" \/><\/p>\n<p>Ils commencent \u00e0 se poser cette rituelle question (je l&rsquo;ai entendue sur plusieurs cha\u00eenes de radio et au d\u00e9tour de quelques interviews t\u00e9l\u00e9), totalement ridicule, qui permet de d\u00e9multiplier l&rsquo;\u00e9v\u00e9nement : on parle de l&rsquo;\u00e9v\u00e9nement, puis on parle de la mani\u00e8re dont on a parl\u00e9 de l&rsquo;\u00e9v\u00e9nement.<\/p>\n<p>En outre, \u00ab\u00a0en avons-nous fait trop?\u00a0\u00bb est une question pleine de fausse modestie : avons-nous trop bien fait notre travail?<\/p>\n<p>Elle permet aussi d&rsquo;\u00e9luder le probl\u00e8me de l&rsquo;orientation du traitement en r\u00e9duisant le retour critique \u00e0 une approche quantitative: en avons-nous trop parl\u00e9?<\/p>\n<p>En r\u00e9alit\u00e9, la question ne se pose m\u00eame pas. Compar\u00e9 au nombre de ses participants, le traitement m\u00e9diatique de ce mouvement social est, il faut bien le dire, totalement disproportionn\u00e9. Nous sommes en \u00ab\u00a0\u00e9dition sp\u00e9ciale\u00a0\u00bb permanente depuis deux semaines !<\/p>\n<p>Et j&rsquo;ai entendu, sur France Info, une journaliste poser tr\u00e8s s\u00e9rieusement et avec insistance, la question : \u00ab\u00a0ne sommes-nous pas face \u00e0 un mouvement du type de ce qu&rsquo;on a pu vivre en 1789?\u00a0\u00bb \u00c9videmment, l&rsquo;interro-n\u00e9gation oriente la r\u00e9ponse vers le positif, c&rsquo;est rh\u00e9torique.<\/p>\n<p>Le traitement invasif du mouvement des \u00ab\u00a0gilets jaunes\u00a0\u00bb n&rsquo;est pas synonyme de complaisance. Au contraire, on en a d&rsquo;autant plus parl\u00e9 qu&rsquo;on a voulu appuyer sur ce qui faisait mal : violences, d\u00e9sorganisation, beaufitude crasse, revendications politiques extravagantes, etc.<\/p>\n<h1>\u00ab\u00a0R\u00e9cup\u00e9ration\u00a0\u00bb<\/h1>\n<p>Oui, les m\u00e9dias ont jou\u00e9 avec le feu. Quand on part du principe que le fonctionnement m\u00eame de la repr\u00e9sentation parlementaire \u00e9quivaut \u00e0 une r\u00e9cup\u00e9ration, on rend impossible la d\u00e9mocratie.<\/p>\n<p>Or, \u00e0 chaque fois qu&rsquo;un \u00e9lu a fait mine de comprendre les inqui\u00e9tudes et les col\u00e8res des \u00ab\u00a0gilets jaunes\u00a0\u00bb, ou seulement de leur trouver une l\u00e9gitimit\u00e9, les journalistes se sont tourn\u00e9s vers le \u00ab\u00a0gilet jaune\u00a0\u00bb du plateau en lui demandant s&rsquo;il ne \u00ab\u00a0craignait pas la r\u00e9cup\u00e9ration\u00a0\u00bb.<\/p>\n<p>La dimension politique du mouvement, son \u00ab\u00a0antiparlementarisme\u00a0\u00bb, est une construction m\u00e9diatique.<\/p>\n<p>La fonction d&rsquo;un \u00e9lu est d&rsquo;entendre et de porter la voix de ceux qu&rsquo;il repr\u00e9sente: si l&rsquo;on appelle cela de la r\u00e9cup\u00e9ration alors, comme dit un de mes amis, m\u00eame pas pour rire, \u00ab\u00a0mieux vaudrait faire appel au roi\u00a0\u00bb.<\/p>\n<p><strong>\u00ab\u00a0Le gouvernement recule\u00a0\u00bb<\/strong><\/p>\n<p>Un gouvernement qui refuse d&rsquo;entendre les m\u00e9contentements de la population est un gouvernement qui \u00ab\u00a0refuse tout recul\u00a0\u00bb.<\/p>\n<p><img loading=\"lazy\" decoding=\"async\" class=\"aligncenter size-full wp-image-878\" src=\"https:\/\/blog.causeur.fr\/lavoixdenosmaitres\/files\/2018\/12\/gouvernement-refuse-recul.png\" alt=\"gouvernement refuse recul\" width=\"870\" height=\"103\" srcset=\"https:\/\/blog.causeur.fr\/lavoixdenosmaitres\/wp-content\/uploads\/sites\/27\/2018\/12\/gouvernement-refuse-recul.png 870w, https:\/\/blog.causeur.fr\/lavoixdenosmaitres\/wp-content\/uploads\/sites\/27\/2018\/12\/gouvernement-refuse-recul-300x36.png 300w, https:\/\/blog.causeur.fr\/lavoixdenosmaitres\/wp-content\/uploads\/sites\/27\/2018\/12\/gouvernement-refuse-recul-768x91.png 768w, https:\/\/blog.causeur.fr\/lavoixdenosmaitres\/wp-content\/uploads\/sites\/27\/2018\/12\/gouvernement-refuse-recul-500x59.png 500w\" sizes=\"auto, (max-width: 870px) 100vw, 870px\" \/><\/p>\n<p>Et un gouvernement qui les entend et tente d&rsquo;y r\u00e9pondre est un gouvernement qui \u00ab\u00a0recule\u00a0\u00bb.<\/p>\n<p><img loading=\"lazy\" decoding=\"async\" class=\"aligncenter size-full wp-image-879\" src=\"https:\/\/blog.causeur.fr\/lavoixdenosmaitres\/files\/2018\/12\/gouvernement-recule.png\" alt=\"gouvernement recule\" width=\"926\" height=\"138\" srcset=\"https:\/\/blog.causeur.fr\/lavoixdenosmaitres\/wp-content\/uploads\/sites\/27\/2018\/12\/gouvernement-recule.png 926w, https:\/\/blog.causeur.fr\/lavoixdenosmaitres\/wp-content\/uploads\/sites\/27\/2018\/12\/gouvernement-recule-300x45.png 300w, https:\/\/blog.causeur.fr\/lavoixdenosmaitres\/wp-content\/uploads\/sites\/27\/2018\/12\/gouvernement-recule-768x114.png 768w, https:\/\/blog.causeur.fr\/lavoixdenosmaitres\/wp-content\/uploads\/sites\/27\/2018\/12\/gouvernement-recule-500x75.png 500w\" sizes=\"auto, (max-width: 926px) 100vw, 926px\" \/><\/p>\n<p>L\u00e0 encore, pas de solution. La pr\u00e9sentation m\u00e9diatique est n\u00e9cessairement n\u00e9gative.<\/p>\n<div id=\"ligne\"><\/div>\n<p>\u00ab\u00a0L&rsquo;ex\u00e9cutif plie face \u00e0 la pression de la rue\u00a0\u00bb peut-on encore lire <a href=\"https:\/\/www.francetvinfo.fr\/economie\/transports\/gilets-jaunes\/gilets-jaunes-le-gouvernement-recule-sur-les-taxes_3084809.html\" target=\"_blank\" rel=\"noopener\">dans cet article<\/a>. C&rsquo;est tellement plus d\u00e9pr\u00e9ciatif que \u00ab\u00a0le gouvernement tente d&rsquo;apporter des r\u00e9ponses aux exigences des gilets jaunes\u00a0\u00bb. La d\u00e9mocratie repose sur des rapports de forces; mais entretenir en permanence une lecture conflictuelle de ceux-ci nourrit des tensions qui stimulent le rejet du mod\u00e8le d\u00e9mocratique. Les journalistes devraient soumettre un peu plus leur go\u00fbt du storytelling au fameux \u00ab\u00a0sens de la responsabilit\u00e9\u00a0\u00bb dont ils se targuent ill\u00e9gitimement \u00e0 tout bout de champ&#8230; et qu&rsquo;ils pr\u00f4nent sans vergogne pour les autres.<\/p>\n<p>Ils se plaignent d&rsquo;\u00eatre malmen\u00e9s par les gilets jaunes mais attendent \u00ab\u00a0l&rsquo;acte 5\u00a0\u00bb avec jubilation et force mise en sc\u00e8ne. Qu&rsquo;ils fassent gaffe, ils pourraient ne pas \u00eatre d\u00e9\u00e7us.<\/p>\n","protected":false},"excerpt":{"rendered":"<p>M\u00e9lenchon a raison.<\/p>\n","protected":false},"author":7,"featured_media":0,"comment_status":"open","ping_status":"open","sticky":false,"template":"","format":"standard","meta":{"footnotes":""},"categories":[9],"tags":[29,389,394,393,395],"class_list":{"0":"post-876","1":"post","2":"type-post","3":"status-publish","4":"format-standard","6":"category-articles","7":"tag-franceinfo","8":"tag-gilets-jaunes","9":"tag-la-tribune","10":"tag-quotidien","11":"tag-sens-de-la-responsabilite"},"_links":{"self":[{"href":"https:\/\/blog.causeur.fr\/lavoixdenosmaitres\/wp-json\/wp\/v2\/posts\/876","targetHints":{"allow":["GET"]}}],"collection":[{"href":"https:\/\/blog.causeur.fr\/lavoixdenosmaitres\/wp-json\/wp\/v2\/posts"}],"about":[{"href":"https:\/\/blog.causeur.fr\/lavoixdenosmaitres\/wp-json\/wp\/v2\/types\/post"}],"author":[{"embeddable":true,"href":"https:\/\/blog.causeur.fr\/lavoixdenosmaitres\/wp-json\/wp\/v2\/users\/7"}],"replies":[{"embeddable":true,"href":"https:\/\/blog.causeur.fr\/lavoixdenosmaitres\/wp-json\/wp\/v2\/comments?post=876"}],"version-history":[{"count":0,"href":"https:\/\/blog.causeur.fr\/lavoixdenosmaitres\/wp-json\/wp\/v2\/posts\/876\/revisions"}],"wp:attachment":[{"href":"https:\/\/blog.causeur.fr\/lavoixdenosmaitres\/wp-json\/wp\/v2\/media?parent=876"}],"wp:term":[{"taxonomy":"category","embeddable":true,"href":"https:\/\/blog.causeur.fr\/lavoixdenosmaitres\/wp-json\/wp\/v2\/categories?post=876"},{"taxonomy":"post_tag","embeddable":true,"href":"https:\/\/blog.causeur.fr\/lavoixdenosmaitres\/wp-json\/wp\/v2\/tags?post=876"}],"curies":[{"name":"wp","href":"https:\/\/api.w.org\/{rel}","templated":true}]}}