{"id":900,"date":"2019-01-14T06:12:45","date_gmt":"2019-01-14T06:12:45","guid":{"rendered":"https:\/\/blog.causeur.fr\/lavoixdenosmaitres\/?p=900"},"modified":"2021-04-23T15:34:46","modified_gmt":"2021-04-23T13:34:46","slug":"la-marche-pour-la-vie-ou-le-retour-annuel-du-grand-satan","status":"publish","type":"post","link":"https:\/\/blog.causeur.fr\/lavoixdenosmaitres\/la-marche-pour-la-vie-ou-le-retour-annuel-du-grand-satan-900","title":{"rendered":"La Marche pour la Vie ou le retour annuel du Grand Satan"},"content":{"rendered":"<p><img loading=\"lazy\" decoding=\"async\" class=\"irc_mi\" src=\"https:\/\/www.enmarchepourlavie.fr\/wp-content\/uploads\/2017\/02\/Marche-pour-la-Vie-2017-wefly-11-1-640x280.jpg\" alt=\"R\u00e9sultat de recherche d'images pour &quot;marche pour la vie&quot;\" width=\"604\" height=\"264\" \/><\/p>\n<p>Dimanche prochain, le 20 janvier 2019, aura lieu \u00e0 \u00a0Paris la \u00ab\u00a0Marche pour la vie\u00a0\u00bb, organis\u00e9e chaque ann\u00e9e par des opposants \u00e0 l\u2019avortement.<\/p>\n<p><!--more--><\/p>\n<p><strong>Son traitement m\u00e9diatique \u00e9tant identique, ann\u00e9e apr\u00e8s ann\u00e9e, inutile d\u2019attendre lundi prochain pour observer ce qu\u2019en ont dit les m\u00e9dias.<\/strong><\/p>\n<p>Les journalistes n\u2019aiment rien tant que passer en mode \u00ab\u00a0que va dire Machin\u00a0?\u00a0\u00bb et nous r\u00e9v\u00e9ler, avec plusieurs jours d\u2019avance, le contenu d\u2019une prise de parole (ou d\u2019une lettre pr\u00e9sidentielle&#8230;). Ce n\u2019est pas ce qu\u2019on leur demande\u00a0; personne n\u2019attend d\u2019eux des proph\u00e9ties. Puisqu\u2019ils ne se g\u00eanent pas, faisons de m\u00eame.<\/p>\n<p>Les gratuits du m\u00e9tro, mais \u00e9galement d\u2019autres journaux, comme <em>le Parisien <\/em>par exemple, consacreront \u00e0 la \u00ab\u00a0Marche pour la vie\u00a0\u00bb un petit encart de 3,5 x 3 cm sans photo, dans la rubrique \u00ab\u00a0Et aussi\u00a0\u00bb ou \u00ab\u00a0l\u2019Actu en bref\u00a0\u00bb et relaieront l\u2019\u00e9valuation la plus basse du nombre de participants.<\/p>\n<p>Les journaux f\u00e9minins en parleront pour rappeler la n\u00e9cessit\u00e9 de \u00ab\u00a0continuer le combat\u00a0\u00bb\u00a0: en 2019, il y a encore en France des gens qui s\u2019opposent \u00e0 l\u2019avortement\u00a0! On mettra peut-\u00eatre une photo parce que la presse f\u00e9minine est une presse de l\u2019image. Mais l\u2019article tiendra en trois phrases, dont la derni\u00e8re sera\u00a0: \u00ab\u00a0rappelons que pr\u00e8s d\u2019une femme sur deux a aujourd\u2019hui recours \u00e0 l\u2019IVG au cours de sa vie\u00a0\u00bb. Implicitement\u00a0: \u00eatre pro-life est une aberration, ces gens ne p\u00e8sent rien, leur existence m\u00eame est une infraction au sens de l\u2019histoire.<\/p>\n<p>Les grands journaux s\u00e9rieux, type<em> Le Monde<\/em>, traiteront l\u2019\u00e9v\u00e9nement s\u00e9rieusement, lui consacrant un petit article d\u2019apparence assez neutre (bref retour sur l&rsquo;histoire et les objectifs de cette manifestation), qui comportera toutefois une citation d\u2019officielle\u00a0(Ministre de la sant\u00e9 ou pr\u00e9sidente du Planning Familial) rappelant avec angoisse que la remise en cause de l\u2019IVG a \u00e9t\u00e9 mentionn\u00e9e lors de l\u2019\u00e9vocation des grands d\u00e9bats voulus par les Fran\u00e7ais pendant la crise des Gilets Jaunes (preuve que lesdits Gilets sont des gens plut\u00f4t puants). Le texte se conclura sur la mont\u00e9e des populismes en Europe, ou peut-\u00eatre sur une allusion \u00e0 Trump, ou bien \u00e0 Bolsonaro. Au choix.<\/p>\n<p>Guillaume Meurice sera \u00e0 la \u00ab\u00a0Marche pour la Vie\u00a0\u00bb : c\u2019est un fid\u00e8le de l\u2019\u00e9v\u00e9nement. <img loading=\"lazy\" decoding=\"async\" class=\"irc_mi\" src=\"https:\/\/cdn.radiofrance.fr\/s3\/cruiser-production\/2016\/12\/46bd0597-1612-444e-af06-03f74ecaaaf1\/400x400_meurice.jpg\" alt=\"R\u00e9sultat de recherche d'images pour &quot;guillaume meurice&quot;\" width=\"181\" height=\"181\" \/> Il tendra son micro<em> France Inter<\/em> \u00e0 quelques hurluberlus qui les cherchent et les attirent et qui lui expliqueront doctement que la l\u00e9galisation de l\u2019IVG est une invention des Juifs pour se venger de la Shoah ou une strat\u00e9gie ma\u00e7onnique au service du Grand Remplacement (\u00ab\u00a0200\u00a0000 avortements par an, 200\u00a0000 immigr\u00e9s par an, vous croyez que c\u2019est un hasard\u00a0?\u00a0\u00bb). Guillaume Meurice boira du petit lait et on se bidonnera en studio le lendemain en diffusant les extraits enregistr\u00e9s par le courageux comique, tout en se flattant de donner \u00e0 entendre la v\u00e9rit\u00e9 sur cette manifestation r\u00e9actionnaire.<strong> A <em>entendre,<\/em> hein\u00a0? Parce que la radio ne permet pas de montrer les images. Et autorise donc \u00e0 dire n\u2019importe quoi<\/strong>. Guillaume Meurice recasera son calembour pr\u00e9f\u00e9r\u00e9 :\u00a0\u00ab\u00a0<strong>je sais pourquoi ils appellent \u00e7a \u00ab\u00a0Marche pour la Vie\u00a0\u00bb, c\u2019est parce que la vie pour eux, elle est bient\u00f4t finie <\/strong>(<em>franche rigolade<\/em>), on n\u2019est pas tr\u00e8s jeune \u00e0 la Marche pour la Vie\u00a0: \u00e0 croire que ce combat serait d\u00e9pass\u00e9, d\u2019arri\u00e8re-garde, pas tr\u00e8s moderne, quoi\u00a0\u00bb (apr\u00e8s, il nous diffuse la voix chevrotante d&rsquo;une petite vieille et mazette, qu&rsquo;est-ce qu&rsquo;on se marre).<\/p>\n<div id=\"ligne\"><\/div>\n<p><strong>D\u2019autres journalistes viennent avec des cam\u00e9ras et ne peuvent donc pas rire autant que Guillaume Meurice<\/strong>. A l\u2019instar des reporters de France 5 l\u2019ann\u00e9e derni\u00e8re (\u00ab\u00a0Avortement, les crois\u00e9s contre-attaquent\u00a0\u00bb), ils font, au contraire, le constat que les manifestants de la \u00ab\u00a0Marche pour la Vie\u00a0\u00bb sont tr\u00e8s majoritairement des jeunes. Et cela les inqui\u00e8te. <strong>Ils n\u2019ont qu\u2019\u00e0 faire comme Guillaume Meurice\u00a0: dire que ce sont des vieux.<\/strong><\/p>\n<p><strong>Elles aussi, elles seront l\u00e0, bien s\u00fbr. Les Femen.<\/strong> Sans elles, on rirait moins (et elles sont tranquilles, le petit Meurice ne viendra pas les emb\u00eater, dommage on rirait plus) : <img loading=\"lazy\" decoding=\"async\" class=\"irc_mi\" src=\"http:\/\/scd.en.rfi.fr\/sites\/english.filesrfi\/imagecache\/rfi_16x9_1024_578\/sites\/images.rfi.fr\/files\/aef_image\/2013-02-12T113216Z_1959815207_PM1E92C0XLE01_RTRMADP_3_FRANCE.JPG\" alt=\"R\u00e9sultat de recherche d'images pour &quot;femen&quot;\" width=\"282\" height=\"162\" \/> Ces gueulardes mal bais\u00e9es viennent chaque ann\u00e9e \u00e0 la \u00ab\u00a0Marche pour la Vie\u00a0\u00bb go\u00fbter la seule perversion qui puisse leur procurer un semblant d\u2019orgasme\u00a0: exhiber leur t\u00e9tons inutiles devant des cur\u00e9s en soutane et des gamins en Cyrillus.<\/p>\n<p><strong>Pour ma part, je veux bien d\u00e9filer contre l\u2019IVG ou contre l\u2019euthanasie. Mais j\u2019ai du mal \u00e0 marcher pour la Vie.<\/strong> <strong>Je ne crois pas \u00e0 l&rsquo;efficacit\u00e9 rh\u00e9torique des mots d&rsquo;ordre qui accompagnent le choix du nom \u00ab\u00a0Marche pour la Vie\u00a0\u00bb<\/strong> : chanter que la \u00ab\u00a0vie est belle\u00a0\u00bb quand, pour tant de gens en ce bas monde, elle ne l\u2019est pas du tout ; clamer, le regard baign\u00e9 d\u2019une b\u00e9atitude allergisante, que \u00ab\u00a0la vie est un cadeau\u00a0\u00bb, quand pour bien des gens, ce cadeau para\u00eet empoisonn\u00e9 ; voil\u00e0 qui est, \u00e0 mon sens, contre-productif. Et j\u2019ai toujours trouv\u00e9 une certaine v\u00e9rit\u00e9 \u00e0 cette phrase de Rivarol\u00a0: \u00ab\u00a0il faut tant de raisons pour vivre qu\u2019il n\u2019en faut pas pour mourir\u00a0\u00bb. Notez toutefois qu\u2019il ne dit pas \u00ab\u00a0pour tuer\u00a0\u00bb. <strong>Au vrai, la vie n\u2019est belle que si on la rend telle, en commen\u00e7ant par rendre belle celle des autres. Les militants de dimanche prochain le savent pourtant mieux que personne<\/strong>, eux pour qui l&rsquo;aide aux femmes ne se limite pas \u00e0 la signature d&rsquo;un certificat de grossesse antidat\u00e9 leur permettant \u00ab\u00a0d&rsquo;avorter quand m\u00eame\u00a0\u00bb, ce qui n&#8217;embellit la vie de personne. Eux pour qui \u00e9viter \u00e0 une femme d&rsquo;avorter signifie assurer un accueil s\u00fbr, des ann\u00e9es durant s&rsquo;il le faut, \u00e0 elle et \u00e0 son enfant, cacher parfois chez soi une femme qui fuit un avortement forc\u00e9, accompagner \u00e0 la maternit\u00e9, au beau milieu de la nuit, une femme enceinte, abandonn\u00e9e de son conjoint, de ses amies, de ses parents.<\/p>\n<p><strong>La lutte contre l\u2019IVG est un combat pour la d\u00e9cence et la coh\u00e9rence<\/strong>. M\u00e8re de famille nombreuse, j\u2019ai v\u00e9cu chez le gyn\u00e9cologue ces instants vertigineux o\u00f9, voyant appara\u00eetre sur l\u2019\u00e9cran noir et blanc un petit \u00eatre fr\u00e9tillant, je lui ai murmur\u00e9\u00a0: \u00ab\u00a0rends-toi compte qu\u2019en ce pays, il suffirait que je le veuille pour que ton c\u0153ur cesse de battre\u00a0\u00bb. Et quelques jours plus tard\u00a0: \u00ab\u00a0Salut toi, tu n\u2019as pas beaucoup chang\u00e9 depuis la derni\u00e8re fois, mais tu peux \u00eatre rassur\u00e9, m\u00eame si je le voulais, je n\u2019ai plus le droit de te tuer depuis hier matin, va comprendre\u00a0!\u00a0\u00bb.<\/p>\n<p><strong>Je ne me reconnais aucun droit sur la vie de personne et ne reconna\u00eet \u00e0 personne aucun droit sur la vie de quiconque.<\/strong> <strong>Si je ne marche pas pour la vie, je veux marcher moi, pour le respect de la libert\u00e9 la plus absolue<\/strong>, la plus d\u00e9sirable, celle dont j\u2019ai le bonheur de jouir\u00a0; un bonheur que je partage avec beaucoup de fr\u00e8res humains qui ont fini leur vie dans la poubelle des d\u00e9chets biologiques. <strong>La libert\u00e9 de n\u2019avoir point \u00e9t\u00e9 ni voulu, ni programm\u00e9, de n\u2019avoir fait l\u2019objet d\u2019aucune \u00ab\u00a0planification\u00a0\u00bb.<\/strong> La libert\u00e9 vraie de ceux qui, avant m\u00eame de venir au monde, lui lancent le beau mot d\u2019Aim\u00e9 C\u00e9saire\u00a0: \u00ab\u00a0accommodez-vous de moi\u00a0!\u00a0\u00bb.<\/p>\n<p>Et je d\u00e9die ce texte \u00e0 huit millions de libert\u00e9s dont le monde n\u2019a pas voulu s\u2019accommoder, et en particulier \u00e0 ma ni\u00e8ce &#8211; ou \u00e0 mon neveu (je ne saurai jamais).<\/p>\n<p>Voici une critique qui, pour sa pertinence, a m\u00e9rit\u00e9 de figurer en post-scriptum de ce papier, avec sa r\u00e9ponse :<\/p>\n<p><img loading=\"lazy\" decoding=\"async\" class=\"aligncenter size-full wp-image-902\" src=\"https:\/\/blog.causeur.fr\/lavoixdenosmaitres\/files\/2019\/01\/critique.png\" alt=\"critique\" width=\"661\" height=\"585\" srcset=\"https:\/\/blog.causeur.fr\/lavoixdenosmaitres\/wp-content\/uploads\/sites\/27\/2019\/01\/critique.png 661w, https:\/\/blog.causeur.fr\/lavoixdenosmaitres\/wp-content\/uploads\/sites\/27\/2019\/01\/critique-300x266.png 300w, https:\/\/blog.causeur.fr\/lavoixdenosmaitres\/wp-content\/uploads\/sites\/27\/2019\/01\/critique-339x300.png 339w\" sizes=\"auto, (max-width: 661px) 100vw, 661px\" \/><\/p>\n<p><strong>J&rsquo;ajoute que le fait de parler de lui, conf\u00e8re \u00e0 ce tout-petit un peu de l&rsquo;existence qu&rsquo;on lui a refus\u00e9e. Et que, pour cette raison, <em>jamais,<\/em> ce faisant, je n&rsquo;\u00e9prouverai <em>aucune<\/em> mauvaise conscience.<\/strong><\/p>\n","protected":false},"excerpt":{"rendered":"<p>Dimanche prochain, le 20 janvier 2019, aura lieu \u00e0 \u00a0Paris la \u00ab\u00a0Marche pour la vie\u00a0\u00bb, organis\u00e9e chaque ann\u00e9e par des opposants \u00e0 l\u2019avortement.<\/p>\n","protected":false},"author":7,"featured_media":0,"comment_status":"open","ping_status":"open","sticky":false,"template":"","format":"standard","meta":{"footnotes":""},"categories":[9],"tags":[266,255,299],"class_list":{"0":"post-900","1":"post","2":"type-post","3":"status-publish","4":"format-standard","6":"category-articles","7":"tag-femen","8":"tag-feminisme","9":"tag-ivg"},"_links":{"self":[{"href":"https:\/\/blog.causeur.fr\/lavoixdenosmaitres\/wp-json\/wp\/v2\/posts\/900","targetHints":{"allow":["GET"]}}],"collection":[{"href":"https:\/\/blog.causeur.fr\/lavoixdenosmaitres\/wp-json\/wp\/v2\/posts"}],"about":[{"href":"https:\/\/blog.causeur.fr\/lavoixdenosmaitres\/wp-json\/wp\/v2\/types\/post"}],"author":[{"embeddable":true,"href":"https:\/\/blog.causeur.fr\/lavoixdenosmaitres\/wp-json\/wp\/v2\/users\/7"}],"replies":[{"embeddable":true,"href":"https:\/\/blog.causeur.fr\/lavoixdenosmaitres\/wp-json\/wp\/v2\/comments?post=900"}],"version-history":[{"count":0,"href":"https:\/\/blog.causeur.fr\/lavoixdenosmaitres\/wp-json\/wp\/v2\/posts\/900\/revisions"}],"wp:attachment":[{"href":"https:\/\/blog.causeur.fr\/lavoixdenosmaitres\/wp-json\/wp\/v2\/media?parent=900"}],"wp:term":[{"taxonomy":"category","embeddable":true,"href":"https:\/\/blog.causeur.fr\/lavoixdenosmaitres\/wp-json\/wp\/v2\/categories?post=900"},{"taxonomy":"post_tag","embeddable":true,"href":"https:\/\/blog.causeur.fr\/lavoixdenosmaitres\/wp-json\/wp\/v2\/tags?post=900"}],"curies":[{"name":"wp","href":"https:\/\/api.w.org\/{rel}","templated":true}]}}