{"id":923,"date":"2019-02-18T23:29:52","date_gmt":"2019-02-18T23:29:52","guid":{"rendered":"https:\/\/blog.causeur.fr\/lavoixdenosmaitres\/?p=923"},"modified":"2021-04-23T15:34:46","modified_gmt":"2021-04-23T13:34:46","slug":"nouvelle-forme-antisemitisme","status":"publish","type":"post","link":"https:\/\/blog.causeur.fr\/lavoixdenosmaitres\/nouvelle-forme-antisemitisme-923","title":{"rendered":"\u00ab\u00a0Nouvelle forme d&rsquo;antis\u00e9mitisme\u00a0\u00bb"},"content":{"rendered":"<p><img loading=\"lazy\" decoding=\"async\" class=\"aligncenter size-full wp-image-924\" src=\"https:\/\/blog.causeur.fr\/lavoixdenosmaitres\/files\/2019\/02\/salaf.png\" alt=\"salaf\" width=\"382\" height=\"269\" srcset=\"https:\/\/blog.causeur.fr\/lavoixdenosmaitres\/wp-content\/uploads\/sites\/27\/2019\/02\/salaf.png 382w, https:\/\/blog.causeur.fr\/lavoixdenosmaitres\/wp-content\/uploads\/sites\/27\/2019\/02\/salaf-300x211.png 300w\" sizes=\"auto, (max-width: 382px) 100vw, 382px\" \/><\/p>\n<p>C&rsquo;est triste \u00e0 dire mais&#8230; heureusement qu&rsquo;Alain Finkielkraut a \u00e9t\u00e9 agress\u00e9. <!--more--><\/p>\n<p>Et heureusement que deux cam\u00e9ras se trouvaient l\u00e0 : celle de Charles Baudry et de Yahoo Actualit\u00e9s, d&rsquo;apr\u00e8s <a href=\"https:\/\/www.liberation.fr\/checknews\/2019\/02\/17\/qu-entend-on-sur-la-video-de-l-altercation-entre-finkielkraut-et-des-gilets-jaunes_1709882\" target=\"_blank\" rel=\"noopener\">Lib\u00e9<\/a>.<\/p>\n<p>Sinon quoi ?<\/p>\n<p>Sinon, nous \u00e9tions bons pour subir encore longtemps des refrains mi-faux mi-flous sur \u00ab\u00a0l&rsquo;antis\u00e9mitisme aujourd&rsquo;hui en France\u00a0\u00bb.<\/p>\n<p>Co\u00efncidence, cette agression verbale violente a eu lieu juste apr\u00e8s une succession d&rsquo;actes antis\u00e9mites allant de la profanation des lieux de m\u00e9moires (les arbres plant\u00e9s en m\u00e9moire d&rsquo;Ilan Halimi ont \u00e9t\u00e9 coup\u00e9s) \u00e0 l&rsquo;agression physique d&rsquo;un enfant (le petit gar\u00e7on de 8 ans \u00e0 Sarcelles) et la publication des chiffres de l&rsquo;antis\u00e9mitisme : une hausse de 74% a \u00e9t\u00e9 enregistr\u00e9e par rapport \u00e0 l&rsquo;ann\u00e9e derni\u00e8re.<\/p>\n<p>Mais justement, dans cette atmosph\u00e8re, il \u00e9tait assez fascinant de voir comme le discours journalistique s&#8217;employait \u00e0 rabattre les soup\u00e7ons vers \u00ab\u00a0l&rsquo;extr\u00eame droite\u00a0\u00bb et \u00e0 reconstruire le portait robot fantasmatique de l&rsquo;aryen blond: \u00e7\u00e0 et l\u00e0, on nous rappelait qu'\u00a0\u00bbil y a une tradition de l&rsquo;antis\u00e9mitisme en France\u00a0\u00bb dans laquelle on m\u00e9lange tranquillement un certain antijuda\u00efsme chr\u00e9tien et les avatars hexagonaux de l&rsquo;antis\u00e9mitisme national-socialiste; sur France 24, on nous disait que l&rsquo;antis\u00e9mitisme d&rsquo;aujourd&rsquo;hui \u00ab\u00a0amalgame des traditions\u00a0\u00bb. Certes, on \u00e9voquait un peu partout l&rsquo;existence d&rsquo;un \u00ab\u00a0antis\u00e9mitisme d&rsquo;extr\u00eame gauche\u00a0\u00bb. Une concession <em>a minima<\/em>.<\/p>\n<p>Edouard Philippe mentionnait, il y a deux semaines, l&rsquo;existence d&rsquo;une \u00ab\u00a0nouvelle forme d&rsquo;antis\u00e9mitisme\u00a0\u00bb. L&rsquo;expression allait faire flor\u00e8s ; on s&rsquo;interrogeait : <a href=\"https:\/\/www.bfmtv.com\/mediaplayer\/video\/y-a-t-il-une-nouvelle-forme-d-antisemitisme-en-france-1030415.html\" target=\"_blank\" rel=\"noopener\">\u00ab\u00a0existe-t-il une nouvelle forme d&rsquo;antis\u00e9mitisme ?\u00a0\u00bb<\/a> Mais cette question a bien peu de sens et l&rsquo;expression du premier ministre pla\u00eet justement parce qu&rsquo;elle est elliptique et m\u00eame euph\u00e9mistique. On a l&rsquo;impression que l&rsquo;on parle de la r\u00e9surgence d&rsquo;un ph\u00e9nom\u00e8ne ancien, qui reviendrait sous une \u00ab\u00a0nouvelle forme\u00a0\u00bb. Ou d&rsquo;une permanence qui muterait seulement par sa forme, alors que c&rsquo;est bien sa nature et son contenu qui sont en cause. En tout cas, on est pri\u00e9 de croire qu&rsquo;on a affaire \u00e0 une r\u00e9alit\u00e9 qu&rsquo;on ne sait pas, ou pas encore, nommer.<\/p>\n<div id=\"ligne\"><\/div>\n<p>Certes, on parlait de \u00ab\u00a0l&rsquo;antis\u00e9mitisme dans les quartiers\u00a0\u00bb mais dans tous les d\u00e9bats que j&rsquo;ai pu entendre, en tout ou parties, ce th\u00e8me n&rsquo;\u00e9tait jamais assum\u00e9 par les journalistes, toujours par des intervenants invit\u00e9s. Ce proc\u00e9d\u00e9 me para\u00eet souvent symptomatique de ces situations dans lesquelles on aurait tort de pr\u00e9tendre qu&rsquo;on ne nous dit pas la v\u00e9rit\u00e9, mais o\u00f9, pourtant, nous avons l&rsquo;impression que nous ne sommes pas tout \u00e0 fait autoris\u00e9s \u00e0 la penser. C&rsquo;est une chose, en effet, de <em>laisser dire<\/em> qu&rsquo;il existe dans notre pays un antis\u00e9mitisme musulman, c&rsquo;en est une autre de l&rsquo;affirmer.<\/p>\n<p>L&rsquo;\u00e9pisode Finkielkraut a permis de voir et d&rsquo;entendre ce qu&rsquo;on ne nous affirmait pas : les journalistes ont montr\u00e9 les images de ce barbu hurlant \u00ab\u00a0Dieu va te punir\u00a0\u00bb et nous ont inform\u00e9s que <a href=\"http:\/\/www.francesoir.fr\/societe-faits-divers\/un-des-agresseur-de-finkielkraut-etait-membre-de-la-mouvance-salafiste\" target=\"_blank\" rel=\"noopener\">\u00ab\u00a0l&rsquo;un des agresseurs de Finkielkraut\u00a0 [\u00e9tait] membre de la mouvance salafiste\u00a0\u00bb<\/a>.<\/p>\n<p>Mais nos m\u00e9dias auront \u00e0 faire un examen de conscience : quand on stimule le communautarisme et la concurrence victimaire, quand on se scandalise de certaines haines et qu&rsquo;on en banalise d&rsquo;autres, on porte une responsabilit\u00e9 dans l&rsquo;exacerbation des tensions qui d\u00e9chirent une soci\u00e9t\u00e9.<\/p>\n","protected":false},"excerpt":{"rendered":"<p>C&rsquo;est triste \u00e0 dire mais&#8230; heureusement qu&rsquo;Alain Finkielkraut a \u00e9t\u00e9 agress\u00e9.<\/p>\n","protected":false},"author":7,"featured_media":0,"comment_status":"open","ping_status":"open","sticky":false,"template":"","format":"standard","meta":{"footnotes":""},"categories":[9],"tags":[405,92,406,389,404,407],"class_list":{"0":"post-923","1":"post","2":"type-post","3":"status-publish","4":"format-standard","6":"category-articles","7":"tag-antisemitisme","8":"tag-bfm-tv","9":"tag-communautarisme","10":"tag-gilets-jaunes","11":"tag-ilan-halimi","12":"tag-juifs"},"_links":{"self":[{"href":"https:\/\/blog.causeur.fr\/lavoixdenosmaitres\/wp-json\/wp\/v2\/posts\/923","targetHints":{"allow":["GET"]}}],"collection":[{"href":"https:\/\/blog.causeur.fr\/lavoixdenosmaitres\/wp-json\/wp\/v2\/posts"}],"about":[{"href":"https:\/\/blog.causeur.fr\/lavoixdenosmaitres\/wp-json\/wp\/v2\/types\/post"}],"author":[{"embeddable":true,"href":"https:\/\/blog.causeur.fr\/lavoixdenosmaitres\/wp-json\/wp\/v2\/users\/7"}],"replies":[{"embeddable":true,"href":"https:\/\/blog.causeur.fr\/lavoixdenosmaitres\/wp-json\/wp\/v2\/comments?post=923"}],"version-history":[{"count":0,"href":"https:\/\/blog.causeur.fr\/lavoixdenosmaitres\/wp-json\/wp\/v2\/posts\/923\/revisions"}],"wp:attachment":[{"href":"https:\/\/blog.causeur.fr\/lavoixdenosmaitres\/wp-json\/wp\/v2\/media?parent=923"}],"wp:term":[{"taxonomy":"category","embeddable":true,"href":"https:\/\/blog.causeur.fr\/lavoixdenosmaitres\/wp-json\/wp\/v2\/categories?post=923"},{"taxonomy":"post_tag","embeddable":true,"href":"https:\/\/blog.causeur.fr\/lavoixdenosmaitres\/wp-json\/wp\/v2\/tags?post=923"}],"curies":[{"name":"wp","href":"https:\/\/api.w.org\/{rel}","templated":true}]}}