{"id":955,"date":"2019-05-10T07:56:50","date_gmt":"2019-05-10T07:56:50","guid":{"rendered":"https:\/\/blog.causeur.fr\/lavoixdenosmaitres\/?p=955"},"modified":"2021-04-23T15:34:46","modified_gmt":"2021-04-23T13:34:46","slug":"claire-nouvian-chez-pascal-praud-je-dis-bravo","status":"publish","type":"post","link":"https:\/\/blog.causeur.fr\/lavoixdenosmaitres\/claire-nouvian-chez-pascal-praud-je-dis-bravo-955","title":{"rendered":"Claire Nouvian chez Pascal Praud, je dis bravo"},"content":{"rendered":"<p><img loading=\"lazy\" decoding=\"async\" class=\"aligncenter size-full wp-image-957\" src=\"https:\/\/blog.causeur.fr\/lavoixdenosmaitres\/files\/2019\/05\/nouvian.jpeg\" alt=\"nouvian\" width=\"480\" height=\"270\" srcset=\"https:\/\/blog.causeur.fr\/lavoixdenosmaitres\/wp-content\/uploads\/sites\/27\/2019\/05\/nouvian.jpeg 480w, https:\/\/blog.causeur.fr\/lavoixdenosmaitres\/wp-content\/uploads\/sites\/27\/2019\/05\/nouvian-300x169.jpeg 300w\" sizes=\"auto, (max-width: 480px) 100vw, 480px\" \/><\/p>\n<p>Le passage de Claire Nouvian dans l&rsquo;\u00e9mission de Pascal Praud a donn\u00e9 lieu au petit scandale que l&rsquo;on sait. <!--more--><\/p>\n<p>Pour ceux qui auraient eu la chance d&rsquo;y \u00e9chapper, rappelons juste les faits : militante \u00e9cologiste, Claire Nouvian est venue exposer ses id\u00e9es dans \u00ab\u00a0L&rsquo;heure des Pros\u00a0\u00bb, une \u00e9mission qui repose sur la mise en sc\u00e8ne de d\u00e9bats dans le go\u00fbt qui pla\u00eet, c&rsquo;est-\u00e0-dire celui de l&rsquo;affrontement surjou\u00e9 et de l&rsquo;offuscation hyperbolique. La sp\u00e9cificit\u00e9 de l&rsquo;\u00e9mission de Praud tient \u00e0 l&rsquo;orientation assez r\u00e9actionnaire des chroniqueurs. D&rsquo;un c\u00f4t\u00e9, cela nous change et donc, cela fait du bien; d&rsquo;un autre, cela reste de la t\u00e9l\u00e9, il faut faire tourner la parole, s&rsquo;\u00e9nerver sur commande et cela ne vole pas toujours tr\u00e8s haut. C&rsquo;est une \u00e9mission de divertissement \u00e0 l&rsquo;occasion de laquelle on tient des propos intentionnellement contraires \u00e0 ce qui constitue la morale commune dans la sph\u00e8re m\u00e9diatique. Il faut la prendre comme telle.<\/p>\n<p>S&rsquo;indigner qu&rsquo;on y tienne des propos caricaturaux et qu&rsquo;on s&rsquo;y \u00e9charpe pour des riens, c&rsquo;est un peu reprocher \u00e0 \u00ab\u00a0Touche Pas \u00e0 Mon Poste\u00a0\u00bb de n&rsquo;\u00eatre pas \u00ab\u00a0La Grande Librairie\u00a0\u00bb.<\/p>\n<p>Donc, Claire Nouvian a particip\u00e9 \u00e0 cette \u00e9mission.<\/p>\n<p><iframe loading=\"lazy\" src=\"https:\/\/www.dailymotion.com\/embed\/video\/x77j3n5\" width=\"480\" height=\"270\" frameborder=\"0\" allowfullscreen=\"allowfullscreen\"><\/iframe><\/p>\n<p>Elle a trait\u00e9 ses contradicteurs de \u00ab\u00a0dingues\u00a0\u00bb (\u00ab\u00a0vous \u00eates dingues\u00a0\u00bb), a re\u00e7u le m\u00eame qualificatif en retour (\u00ab\u00a0c&rsquo;est vous qui \u00eates dingue\u00a0\u00bb), puis s&rsquo;est rabattue sur des caract\u00e9risations id\u00e9ologiquement plus infamantes : \u00ab\u00a0r\u00e9trogrades\u00a0\u00bb, \u00ab\u00a0climatosceptiques\u00a0\u00bb. Revenant sur cette \u00e9pisode, elle dira avoir fait face \u00e0 de la \u00ab\u00a0misogynie\u00a0\u00bb et \u00e0 du \u00ab\u00a0climato-n\u00e9gationnisme\u00a0\u00bb.<\/p>\n<p>La misogynie, on la cherche. Quant \u00e0 \u00ab\u00a0climato-n\u00e9gationnisme\u00a0\u00bb, c&rsquo;est un de mes mots pr\u00e9f\u00e9r\u00e9s actuellement. Le changement climatique, je suis toute dispos\u00e9e \u00e0 y croire, d&rsquo;ailleurs j&rsquo;y crois. Mais <strong>je ne veux pas qu&rsquo;on me force \u00e0 y croire sous peine d&rsquo;\u00eatre trait\u00e9e de nazie<\/strong>, sinon je risque de me mettre \u00e0 dire que je n&rsquo;y crois pas, expr\u00e8s.<\/p>\n<p>D&rsquo;ailleurs, je note que <strong>la notion de \u00ab\u00a0r\u00e9chauffement climatique\u00a0\u00bb tend \u00e0 dispara\u00eetre au profit de \u00ab\u00a0d\u00e9r\u00e8glement climatique\u00a0\u00bb dans le discours m\u00e9diatique<\/strong>. Dans l&rsquo;\u00e9mission de Pascal Praud, c&rsquo;est Claire Nouvian elle-m\u00eame qui pr\u00e9f\u00e8re le mot \u00ab\u00a0changement\u00a0\u00bb \u00e0 \u00ab\u00a0r\u00e9chauffement\u00a0\u00bb. Ce concept me para\u00eet, en effet, plus honn\u00eate et plus large puisqu&rsquo;il permet de prendre en compte les ph\u00e9nom\u00e8nes de refroidissements incongrus de plus en plus fr\u00e9quents, observables \u00e0 \u00e9chelle humaine. Alors que le \u00ab\u00a0r\u00e9chauffement\u00a0\u00bb rev\u00eat souvent le statut de th\u00e9orie pour initi\u00e9s, surtout quand \u00ab\u00a0il fait -3 dans les Yvelines au mois de mai\u00a0\u00bb, selon le mot de Praud : <strong>disqualifier l&rsquo;exp\u00e9rience commune au nom d&rsquo;un dogme est le propre des pens\u00e9es religieuses<\/strong>. Mais combien de personnes aura-t-on sacrifi\u00e9es sur l&rsquo;autel du \u00ab\u00a0r\u00e9chauffement\u00a0\u00bb avant d&rsquo;ent\u00e9riner le mot \u00ab\u00a0changement\u00a0\u00bb ?<\/p>\n<p>Ce n&rsquo;est pas dans l&rsquo;Heure des Pros que l&rsquo;on r\u00e8glera des querelles lexicales. Claire Nouvian le sait. Elle n&rsquo;est pas venue dans ce but. <strong>Elle pr\u00e9tend qu&rsquo;elle ne connaissait pas cette \u00e9mission: je ne la crois pas<\/strong>. Qui prendrait le risque, dans le cadre d&rsquo;une campagne, qui plus est, de r\u00e9pondre favorablement \u00e0 une invitation m\u00e9diatique sans s&rsquo;informer tant soit peu sur le concept de l&rsquo;\u00e9mission ?<\/p>\n<p>Moi aussi, j&rsquo;ai \u00e9t\u00e9 invit\u00e9e \u00e0 l&rsquo;Heure des Pros. Et j&rsquo;ai d\u00e9clin\u00e9 l&rsquo;invitation. Pourtant, je n&rsquo;ai rien contre Pascal Praud, et il est probable que l&rsquo;orientation id\u00e9ologique de l&rsquo;\u00e9mission m&rsquo;aurait \u00e9t\u00e9 plut\u00f4t favorable. Mais c&rsquo;est le concept m\u00eame du d\u00e9bat hyst\u00e9ris\u00e9, des r\u00e9actions outr\u00e9es, de l&rsquo;excitation permanente et de la parole sans cesse confisqu\u00e9e, coup\u00e9e, caricatur\u00e9e qui me d\u00e9pla\u00eet. C&rsquo;est, certes, un jeu amusant \u00e0 regarder, mais je ne veux pas y participer.<\/p>\n<p><strong>D&rsquo;autant que, pour certains, ce n&rsquo;est pas un jeu. Pour les gens qui d\u00e9posent plainte aupr\u00e8s du CSA<\/strong>, par exemple :<\/p>\n<p><img loading=\"lazy\" decoding=\"async\" class=\"aligncenter size-full wp-image-956\" src=\"https:\/\/blog.causeur.fr\/lavoixdenosmaitres\/files\/2019\/05\/praud.png\" alt=\"praud\" width=\"957\" height=\"103\" srcset=\"https:\/\/blog.causeur.fr\/lavoixdenosmaitres\/wp-content\/uploads\/sites\/27\/2019\/05\/praud.png 957w, https:\/\/blog.causeur.fr\/lavoixdenosmaitres\/wp-content\/uploads\/sites\/27\/2019\/05\/praud-300x32.png 300w, https:\/\/blog.causeur.fr\/lavoixdenosmaitres\/wp-content\/uploads\/sites\/27\/2019\/05\/praud-768x83.png 768w, https:\/\/blog.causeur.fr\/lavoixdenosmaitres\/wp-content\/uploads\/sites\/27\/2019\/05\/praud-500x54.png 500w\" sizes=\"auto, (max-width: 957px) 100vw, 957px\" \/><\/p>\n<p>Des plaintes ? Faut-il \u00eatre aveugle pour ne pas voir que tout le monde sort gagnant de cette affaire ? <strong>Claire Nouvian s&rsquo;est dit que c&rsquo;\u00e9tait une strat\u00e9gie gagnante d&rsquo;aller sur un plateau de beaufs pour les traiter de beaufs.<\/strong> Mauvais moment \u00e0 passer, \u00e9videmment, mais avec la certitude de pouvoir rentabiliser la chose : de fait, on appr\u00e9ciera la mani\u00e8re dont elle utilise cet \u00e9pisode au service de sa propre notori\u00e9t\u00e9 et, plus important encore, de sa victimisation.<br \/>\n<iframe loading=\"lazy\" src=\"https:\/\/www.youtube.com\/embed\/WwdoMhtLzXs\" width=\"560\" height=\"315\" frameborder=\"0\" allowfullscreen=\"allowfullscreen\"><\/iframe><\/p>\n<p>Et en m\u00eame temps, elle a fait ce qu&rsquo;on attendait d&rsquo;elle: elle a \u00e9t\u00e9 parfaite. <strong>Quand on regarde la s\u00e9quence, on voit que Pascal Praud est ravi de l&rsquo;effet obtenu par cette confrontation excit\u00e9e. Praud et Nouvian se sont rendu mutuellement service, tout va pour le mieux<\/strong>.<\/p>\n<p>\u00ab\u00a0Mais elle \u00e9tait seule contre tous !\u00a0\u00bb, me dit-on. C&rsquo;est ce qui lui a permis de jouer \u00e0 fond sa strat\u00e9gie, excellent pour elle. Et puis, je veux bien qu&rsquo;on s&rsquo;offusque des \u00e9missions punching-ball reposant sur le concept du \u00ab\u00a0un contre tous\u00a0\u00bb mais alors, qu&rsquo;on s&rsquo;en offusque toujours&#8230; et on s&rsquo;offusquera souvent. Seulement, quand celui qui est seul incarne la mauvaise pens\u00e9e, il ne se trouve jamais personne pour le plaindre. Quand il doit r\u00e9pondre \u00e0 des tirs crois\u00e9s d&rsquo;arguments diff\u00e9rents ou contradictoires entre eux sans disposer d&rsquo;un temps de parole proportionn\u00e9 \u00e0 cette t\u00e2che, personne ne bronche. Nous nous y sommes habitu\u00e9s. Forc\u00e9ment, quand celui qui est seul incarne la pens\u00e9e autoris\u00e9e et enseign\u00e9e dans les \u00e9coles, \u00e7a fait tout dr\u00f4le.<\/p>\n<p>L\u00e0 aussi, il faut se renseigner avant de venir. Un jour, on m&rsquo;a invit\u00e9e dans une \u00e9mission en m&rsquo;expliquant : \u00ab\u00a0vous exposerez vos id\u00e9es sur les m\u00e9dias face \u00e0 des journalistes qui d\u00e9fendront leur profession\u00a0\u00bb. Emission punching-ball. Non, merci. Vous voyez, Claire, il suffit de savoir dire non. Mais en l&rsquo;occurrence, je ne crois pas une seconde que cette dame soit, ainsi qu&rsquo;elle le pr\u00e9tend, \u00ab\u00a0tomb\u00e9e dans un guet apens\u00a0\u00bb.<strong> Je suis m\u00eame persuad\u00e9e qu&rsquo;elle est venue \u00e0 l&rsquo;\u00e9mission en connaissance de cause et qu&rsquo;elle a \u00e9t\u00e9 servie au-del\u00e0 de ses esp\u00e9rances.<\/strong><\/p>\n<p>&nbsp;<\/p>\n<p>&nbsp;<\/p>\n","protected":false},"excerpt":{"rendered":"<p>Le passage de Claire Nouvian dans l&rsquo;\u00e9mission de Pascal Praud a donn\u00e9 lieu au petit scandale que l&rsquo;on sait.<\/p>\n","protected":false},"author":7,"featured_media":0,"comment_status":"open","ping_status":"open","sticky":false,"template":"","format":"standard","meta":{"footnotes":""},"categories":[9],"tags":[],"class_list":{"0":"post-955","1":"post","2":"type-post","3":"status-publish","4":"format-standard","6":"category-articles"},"_links":{"self":[{"href":"https:\/\/blog.causeur.fr\/lavoixdenosmaitres\/wp-json\/wp\/v2\/posts\/955","targetHints":{"allow":["GET"]}}],"collection":[{"href":"https:\/\/blog.causeur.fr\/lavoixdenosmaitres\/wp-json\/wp\/v2\/posts"}],"about":[{"href":"https:\/\/blog.causeur.fr\/lavoixdenosmaitres\/wp-json\/wp\/v2\/types\/post"}],"author":[{"embeddable":true,"href":"https:\/\/blog.causeur.fr\/lavoixdenosmaitres\/wp-json\/wp\/v2\/users\/7"}],"replies":[{"embeddable":true,"href":"https:\/\/blog.causeur.fr\/lavoixdenosmaitres\/wp-json\/wp\/v2\/comments?post=955"}],"version-history":[{"count":0,"href":"https:\/\/blog.causeur.fr\/lavoixdenosmaitres\/wp-json\/wp\/v2\/posts\/955\/revisions"}],"wp:attachment":[{"href":"https:\/\/blog.causeur.fr\/lavoixdenosmaitres\/wp-json\/wp\/v2\/media?parent=955"}],"wp:term":[{"taxonomy":"category","embeddable":true,"href":"https:\/\/blog.causeur.fr\/lavoixdenosmaitres\/wp-json\/wp\/v2\/categories?post=955"},{"taxonomy":"post_tag","embeddable":true,"href":"https:\/\/blog.causeur.fr\/lavoixdenosmaitres\/wp-json\/wp\/v2\/tags?post=955"}],"curies":[{"name":"wp","href":"https:\/\/api.w.org\/{rel}","templated":true}]}}