{"id":994,"date":"2019-09-26T20:12:31","date_gmt":"2019-09-26T20:12:31","guid":{"rendered":"https:\/\/blog.causeur.fr\/lavoixdenosmaitres\/?p=994"},"modified":"2021-04-23T15:34:45","modified_gmt":"2021-04-23T13:34:45","slug":"balkany-jusquou-ira-le-voyeurisme","status":"publish","type":"post","link":"https:\/\/blog.causeur.fr\/lavoixdenosmaitres\/balkany-jusquou-ira-le-voyeurisme-994","title":{"rendered":"Balkany: jusqu&rsquo;o\u00f9 ira le voyeurisme?"},"content":{"rendered":"<p><img loading=\"lazy\" decoding=\"async\" class=\"irc_mi aligncenter\" src=\"https:\/\/cdn-europe1.lanmedia.fr\/var\/europe1\/storage\/images\/europe1\/societe\/proces-balkany-qui-sont-les-autres-prevenus-juges-pour-corruption-et-blanchiment-3899535\/53049164-1-fre-FR\/Proces-Balkany-qui-sont-les-autres-prevenus-juges-pour-corruption-et-blanchiment.jpg\" alt=\"R\u00e9sultat de recherche d'images pour &quot;balkany trial&quot;\" width=\"450\" height=\"225\" \/><!--more--><\/p>\n<p>Patrick Balkany a \u00e9t\u00e9 condamn\u00e9 le 13 septembre dernier \u00e0 4 ans de prison et 10 d&rsquo;in\u00e9ligibilit\u00e9 pour fraude fiscale.<\/p>\n<p>Peut-\u00eatre ne restera-t-il pas longtemps en prison: il a, en effet, d\u00e9pos\u00e9 une demande de remise en libert\u00e9 qui est actuellement \u00e9tudi\u00e9e par la justice. En outre, son avocat a fait appel du verdict. Mais le mandat de d\u00e9p\u00f4t dont Balkany faisait l&rsquo;objet a justifi\u00e9 son incarc\u00e9ration imm\u00e9diate. Voil\u00e0 o\u00f9 s&rsquo;arr\u00eate l&rsquo;information.<\/p>\n<p>Au-del\u00e0 de ces \u00e9l\u00e9ments factuels commence le marais trouble du voyeurisme, entre chronique people et jubilation malsaine devant le malheur d&rsquo;un grand de ce monde.<\/p>\n<p>Certes, les informations qu&rsquo;on va lire \u00e9manent directement d&rsquo;Isabelle Balkany. Ce ne sont pas des fuites extorqu\u00e9es par des magouilles paparazzesques. Et alors ? Faut-il relayer tous les d\u00e9tails que Mme Balkany fournit, apparemment si volontiers, au sujet du quotidien carc\u00e9ral de son \u00e9poux? N&rsquo;est-ce pas faire le jeu d&rsquo;une propagande victimaire?<\/p>\n<p>Et, ce point mis \u00e0 part, ne peut-on concevoir que la plus simple d\u00e9cence suppose de respecter l&rsquo;intimit\u00e9 d&rsquo;un prisonnier et, partant, de faire la distinction entre ce qui m\u00e9rite d&rsquo;\u00eatre dit et ce qui ne doit pas l&rsquo;\u00eatre ?<\/p>\n<p>C&rsquo;est pourtant dans des m\u00e9dias parfaitement s\u00e9rieux que l&rsquo;on peut lire les titres suivants :<\/p>\n<p><img loading=\"lazy\" decoding=\"async\" class=\"aligncenter size-full wp-image-995\" src=\"https:\/\/blog.causeur.fr\/lavoixdenosmaitres\/files\/2019\/09\/Balkany2.png\" alt=\"Balkany2\" width=\"783\" height=\"352\" srcset=\"https:\/\/blog.causeur.fr\/lavoixdenosmaitres\/wp-content\/uploads\/sites\/27\/2019\/09\/Balkany2.png 783w, https:\/\/blog.causeur.fr\/lavoixdenosmaitres\/wp-content\/uploads\/sites\/27\/2019\/09\/Balkany2-300x135.png 300w, https:\/\/blog.causeur.fr\/lavoixdenosmaitres\/wp-content\/uploads\/sites\/27\/2019\/09\/Balkany2-768x345.png 768w, https:\/\/blog.causeur.fr\/lavoixdenosmaitres\/wp-content\/uploads\/sites\/27\/2019\/09\/Balkany2-500x225.png 500w\" sizes=\"auto, (max-width: 783px) 100vw, 783px\" \/> <img loading=\"lazy\" decoding=\"async\" class=\"aligncenter size-large wp-image-996\" src=\"https:\/\/blog.causeur.fr\/lavoixdenosmaitres\/files\/2019\/09\/Balkany3.png\" alt=\"Balkany3\" width=\"584\" height=\"115\" srcset=\"https:\/\/blog.causeur.fr\/lavoixdenosmaitres\/wp-content\/uploads\/sites\/27\/2019\/09\/Balkany3.png 951w, https:\/\/blog.causeur.fr\/lavoixdenosmaitres\/wp-content\/uploads\/sites\/27\/2019\/09\/Balkany3-300x59.png 300w, https:\/\/blog.causeur.fr\/lavoixdenosmaitres\/wp-content\/uploads\/sites\/27\/2019\/09\/Balkany3-768x151.png 768w, https:\/\/blog.causeur.fr\/lavoixdenosmaitres\/wp-content\/uploads\/sites\/27\/2019\/09\/Balkany3-500x98.png 500w\" sizes=\"auto, (max-width: 584px) 100vw, 584px\" \/><img loading=\"lazy\" decoding=\"async\" class=\"aligncenter size-full wp-image-997\" src=\"https:\/\/blog.causeur.fr\/lavoixdenosmaitres\/files\/2019\/09\/balkany1.png\" alt=\"balkany1\" width=\"711\" height=\"103\" srcset=\"https:\/\/blog.causeur.fr\/lavoixdenosmaitres\/wp-content\/uploads\/sites\/27\/2019\/09\/balkany1.png 711w, https:\/\/blog.causeur.fr\/lavoixdenosmaitres\/wp-content\/uploads\/sites\/27\/2019\/09\/balkany1-300x43.png 300w, https:\/\/blog.causeur.fr\/lavoixdenosmaitres\/wp-content\/uploads\/sites\/27\/2019\/09\/balkany1-500x72.png 500w\" sizes=\"auto, (max-width: 711px) 100vw, 711px\" \/><\/p>\n<p><img loading=\"lazy\" decoding=\"async\" class=\"aligncenter size-full wp-image-999\" src=\"https:\/\/blog.causeur.fr\/lavoixdenosmaitres\/files\/2019\/09\/balkany4.png\" alt=\"balkany4\" width=\"1008\" height=\"185\" srcset=\"https:\/\/blog.causeur.fr\/lavoixdenosmaitres\/wp-content\/uploads\/sites\/27\/2019\/09\/balkany4.png 1008w, https:\/\/blog.causeur.fr\/lavoixdenosmaitres\/wp-content\/uploads\/sites\/27\/2019\/09\/balkany4-300x55.png 300w, https:\/\/blog.causeur.fr\/lavoixdenosmaitres\/wp-content\/uploads\/sites\/27\/2019\/09\/balkany4-768x141.png 768w, https:\/\/blog.causeur.fr\/lavoixdenosmaitres\/wp-content\/uploads\/sites\/27\/2019\/09\/balkany4-1000x185.png 1000w, https:\/\/blog.causeur.fr\/lavoixdenosmaitres\/wp-content\/uploads\/sites\/27\/2019\/09\/balkany4-500x92.png 500w\" sizes=\"auto, (max-width: 1008px) 100vw, 1008px\" \/><\/p>\n<p>Le reste est \u00e0 l&rsquo;avenant, lesdits m\u00e9dias s&rsquo;entrecitant comme de coutume. <em>France Info<\/em> :<\/p>\n<blockquote><p>Patrick Balkany cuisine des p\u00e2tes tous les soirs dans sa cellule. Il s&rsquo;est d&rsquo;ailleurs achet\u00e9 une casserole pour cela, mais pas encore de passoire. Le rabbin de la prison lui a \u00e9galement apport\u00e9 un bocal de cornichons.<\/p><\/blockquote>\n<p><em>Les Inrocks<\/em> :<\/p>\n<blockquote><p>Par ailleurs, France info nous apprend que l\u2019ancien \u00e9lu Les R\u00e9publicains a achet\u00e9 une casserole pour se faire des p\u00e2tes, mais que l\u2019entreprise ne serait pas encore possible : il lui manque encore une passoire. L&rsquo;histoire ne dit pas encore s&rsquo;il utilisera du pesto ou du ketchup.<\/p><\/blockquote>\n<p>La derni\u00e8re phrase manifeste une prise de distance ironique par rapport \u00e0 la teneur de l&rsquo;article, comme si son r\u00e9dacteur lui-m\u00eame \u00e9tait conscient du ridicule de son contenu anecdotique.<\/p>\n<p><em>L&rsquo;Obs:<\/em><\/p>\n<blockquote><p>Dans sa cellule, Monsieur Balkany dispose d\u2019un t\u00e9l\u00e9phone fixe avec lequel il peut appeler quatre num\u00e9ros, dont ses avocats, et d\u2019une t\u00e9l\u00e9vision. Il a d\u2019ores et d\u00e9j\u00e0 demand\u00e9 <em>\u00ab\u00a0\u00e0 cantiner une casserole et des p\u00e2tes\u00a0\u00bb, <\/em>pour cuisiner dans sa cellule. Plus original, le rabbin de la prison, autoris\u00e9 \u00e0 lui rendre visite et \u00e0 lui porter des provisions, lui a amen\u00e9 des\u2026 cornichons. Une demande de Patrick Balkany.<\/p><\/blockquote>\n<p><em>L&rsquo;Express:<\/em><\/p>\n<blockquote><p>\u00ab\u00a0Il ne parle pas de la cellule, la seule chose qu&rsquo;il m&rsquo;a dite, c&rsquo;est que la bouffe \u00e9tait immonde, que surtout c&rsquo;\u00e9tait froid. Ce matin, par exemple, il a eu un steak et des p\u00e2tes glac\u00e9s. Il a dit &lsquo;je fous direct \u00e0 la poubelle&rsquo;. Le pain est immonde\u00a0\u00bb, d\u00e9taille encore Isabelle Balkany sur <em>Europe 1<\/em>.<\/p><\/blockquote>\n<p>Et retour des cornichons:<\/p>\n<blockquote><p>Mais Patrick Balkany ne se d\u00e9monte pas : \u00ab\u00a0Les aum\u00f4niers ont le droit d&rsquo;amener de la bouffe. L&rsquo;aum\u00f4nier, qui est en plus un copain du rabbin de Levallois, est venu le voir hier<em> [mardi] <\/em>matin. Il se trouve que le rabbin est ashk\u00e9naze, comme mon mari, alors le rabbin lui dit : &lsquo;vous voulez que je vous am\u00e8ne quelque chose ?'\u00a0\u00bb. R\u00e9ponse de l&rsquo;int\u00e9ress\u00e9 : \u00ab\u00a0&lsquo;De la carpe farcie, des cornichons, et des harengs'\u00a0\u00bb. Il a fait sa commande ashk\u00e9naze au rabbin\u00a0\u00bb, retrace son \u00e9pouse aupr\u00e8s de la radio.<\/p><\/blockquote>\n<p>Voil\u00e0, je pense qu&rsquo;une s\u00e9quence \u00ab\u00a0Balkany: les m\u00e9dias en font-ils trop?\u00a0\u00bb va s&rsquo;imposer. Histoire d&rsquo;en rajouter une couche.<\/p>\n<p>&nbsp;<\/p>\n<p>&nbsp;<\/p>\n","protected":false},"excerpt":{"rendered":"","protected":false},"author":7,"featured_media":0,"comment_status":"open","ping_status":"open","sticky":false,"template":"","format":"standard","meta":{"footnotes":""},"categories":[9],"tags":[432,62,29,22,6,433,434],"class_list":{"0":"post-994","1":"post","2":"type-post","3":"status-publish","4":"format-standard","6":"category-articles","7":"tag-balkany","8":"tag-europe-1","9":"tag-franceinfo","10":"tag-lexpress","11":"tag-lobs","12":"tag-les-inrocks","13":"tag-voyeurisme"},"_links":{"self":[{"href":"https:\/\/blog.causeur.fr\/lavoixdenosmaitres\/wp-json\/wp\/v2\/posts\/994","targetHints":{"allow":["GET"]}}],"collection":[{"href":"https:\/\/blog.causeur.fr\/lavoixdenosmaitres\/wp-json\/wp\/v2\/posts"}],"about":[{"href":"https:\/\/blog.causeur.fr\/lavoixdenosmaitres\/wp-json\/wp\/v2\/types\/post"}],"author":[{"embeddable":true,"href":"https:\/\/blog.causeur.fr\/lavoixdenosmaitres\/wp-json\/wp\/v2\/users\/7"}],"replies":[{"embeddable":true,"href":"https:\/\/blog.causeur.fr\/lavoixdenosmaitres\/wp-json\/wp\/v2\/comments?post=994"}],"version-history":[{"count":0,"href":"https:\/\/blog.causeur.fr\/lavoixdenosmaitres\/wp-json\/wp\/v2\/posts\/994\/revisions"}],"wp:attachment":[{"href":"https:\/\/blog.causeur.fr\/lavoixdenosmaitres\/wp-json\/wp\/v2\/media?parent=994"}],"wp:term":[{"taxonomy":"category","embeddable":true,"href":"https:\/\/blog.causeur.fr\/lavoixdenosmaitres\/wp-json\/wp\/v2\/categories?post=994"},{"taxonomy":"post_tag","embeddable":true,"href":"https:\/\/blog.causeur.fr\/lavoixdenosmaitres\/wp-json\/wp\/v2\/tags?post=994"}],"curies":[{"name":"wp","href":"https:\/\/api.w.org\/{rel}","templated":true}]}}